{"id":92394,"date":"2022-04-21T20:18:53","date_gmt":"2022-04-21T20:18:53","guid":{"rendered":"https:\/\/diariolanoticia.com.mx\/?p=92394"},"modified":"2022-04-21T20:18:54","modified_gmt":"2022-04-21T20:18:54","slug":"asigno-conalep-tlaxcala-horas-a-docentes-de-los-planteles-de-teacalco-y-zacualpan","status":"publish","type":"post","link":"https:\/\/diariolanoticia.com.mx\/?p=92394","title":{"rendered":"Asign\u00f3 CONALEP Tlaxcala horas a docentes de los planteles de Teacalco y Zacualpan"},"content":{"rendered":"\n<p>*Por primera vez en la historia del subsistema en la entidad se realiz\u00f3 esta acci\u00f3n de manera conjunta, transparente y p\u00fablica con los dirigentes del Sutac y Sinadoco<\/p>\n\n\n\n<p>La Direcci\u00f3n General del Colegio Nacional de Educaci\u00f3n Profesional T\u00e9cnica (Conalep) de Tlaxcala y los representantes de los sindicatos \u00danico de Trabajadores del Conalep (Sutac) y Nacional de Docentes del Conalep (Sinadoco), asignaron 108 horas a 11 docentes de los planteles de Santa Apolonia Teacalco y Zacualpan.<\/p>\n\n\n\n<p>El director general del subsistema, Moctezuma Bautista V\u00e1squez explic\u00f3 que en reuni\u00f3n de trabajo con los l\u00edderes sindicales atendi\u00f3 el planteamiento de la distribuci\u00f3n de horas clase, \u201ccon base en los estatutos de ley, es la primera vez en la historia del Conalep Tlaxcala que, de manera conjunta, respetuosa, transparente y p\u00fablica, se lleva a cabo este ejercicio\u201d.<\/p>\n\n\n\n<p>Explic\u00f3 que con esta acci\u00f3n la plantilla docente tendr\u00e1 un incremento en las horas clase, lo que representa mayor remuneraci\u00f3n econ\u00f3mica al tener una carga horaria completa.<\/p>\n\n\n\n<p>Bautista V\u00e1squez record\u00f3 que una de las prioridades de la gobernadora Lorena Cu\u00e9llar Cisneros es la de garantizar el bienestar de los maestros y atender sus demandas para generar una educaci\u00f3n de calidad, de ah\u00ed la importancia de estrechar v\u00ednculos cercanos con los sindicatos.<\/p>\n\n\n\n<p>De esta manera, el Conalep Tlaxcala refrenda su compromiso de mantener una comunicaci\u00f3n abierta y de respeto con la comunidad educativa al dar respuesta a las necesidades de los 178 trabajadores de la educaci\u00f3n, as\u00ed como de los m\u00e1s de 3 mil estudiantes, sus tutores, madres y padres de familia.<\/p>\n","protected":false},"excerpt":{"rendered":"<p>*Por primera vez en la historia del subsistema en la entidad se realiz\u00f3 esta acci\u00f3n de manera conjunta, transparente y p\u00fablica con los dirigentes del Sutac y Sinadoco La Direcci\u00f3n General del Colegio Nacional de Educaci\u00f3n Profesional T\u00e9cnica (Conalep) de Tlaxcala y los representantes de los sindicatos \u00danico de Trabajadores del Conalep (Sutac) y Nacional [&hellip;]<\/p>\n","protected":false},"author":1,"featured_media":92395,"comment_status":"open","ping_status":"open","sticky":false,"template":"","format":"standard","meta":{"footnotes":""},"categories":[21],"tags":[],"class_list":["post-92394","post","type-post","status-publish","format-standard","has-post-thumbnail","hentry","category-estatal"],"blog_post_layout_featured_media_urls":{"thumbnail":["https:\/\/diariolanoticia.com.mx\/wp-content\/uploads\/2022\/04\/WhatsApp-Image-2022-04-21-at-3.15.23-PM-216x160.jpeg",216,160,true],"full":["https:\/\/diariolanoticia.com.mx\/wp-content\/uploads\/2022\/04\/WhatsApp-Image-2022-04-21-at-3.15.23-PM.jpeg",1082,417,false]},"categories_names":{"21":{"name":"Estatal","link":"https:\/\/diariolanoticia.com.mx\/?cat=21"}},"tags_names":[],"comments_number":"0","wpmagazine_modules_lite_featured_media_urls":{"thumbnail":["https:\/\/diariolanoticia.com.mx\/wp-content\/uploads\/2022\/04\/WhatsApp-Image-2022-04-21-at-3.15.23-PM-216x160.jpeg",216,160,true],"cvmm-medium":["https:\/\/diariolanoticia.com.mx\/wp-content\/uploads\/2022\/04\/WhatsApp-Image-2022-04-21-at-3.15.23-PM-300x300.jpeg",300,300,true],"cvmm-medium-plus":["https:\/\/diariolanoticia.com.mx\/wp-content\/uploads\/2022\/04\/WhatsApp-Image-2022-04-21-at-3.15.23-PM-305x207.jpeg",305,207,true],"cvmm-portrait":["https:\/\/diariolanoticia.com.mx\/wp-content\/uploads\/2022\/04\/WhatsApp-Image-2022-04-21-at-3.15.23-PM-400x417.jpeg",400,417,true],"cvmm-medium-square":["https:\/\/diariolanoticia.com.mx\/wp-content\/uploads\/2022\/04\/WhatsApp-Image-2022-04-21-at-3.15.23-PM-600x417.jpeg",600,417,true],"cvmm-large":["https:\/\/diariolanoticia.com.mx\/wp-content\/uploads\/2022\/04\/WhatsApp-Image-2022-04-21-at-3.15.23-PM-1024x417.jpeg",1024,417,true],"cvmm-small":["https:\/\/diariolanoticia.com.mx\/wp-content\/uploads\/2022\/04\/WhatsApp-Image-2022-04-21-at-3.15.23-PM-130x95.jpeg",130,95,true],"full":["https:\/\/diariolanoticia.com.mx\/wp-content\/uploads\/2022\/04\/WhatsApp-Image-2022-04-21-at-3.15.23-PM.jpeg",1082,417,false]},"_links":{"self":[{"href":"https:\/\/diariolanoticia.com.mx\/index.php?rest_route=\/wp\/v2\/posts\/92394","targetHints":{"allow":["GET"]}}],"collection":[{"href":"https:\/\/diariolanoticia.com.mx\/index.php?rest_route=\/wp\/v2\/posts"}],"about":[{"href":"https:\/\/diariolanoticia.com.mx\/index.php?rest_route=\/wp\/v2\/types\/post"}],"author":[{"embeddable":true,"href":"https:\/\/diariolanoticia.com.mx\/index.php?rest_route=\/wp\/v2\/users\/1"}],"replies":[{"embeddable":true,"href":"https:\/\/diariolanoticia.com.mx\/index.php?rest_route=%2Fwp%2Fv2%2Fcomments&post=92394"}],"version-history":[{"count":1,"href":"https:\/\/diariolanoticia.com.mx\/index.php?rest_route=\/wp\/v2\/posts\/92394\/revisions"}],"predecessor-version":[{"id":92396,"href":"https:\/\/diariolanoticia.com.mx\/index.php?rest_route=\/wp\/v2\/posts\/92394\/revisions\/92396"}],"wp:featuredmedia":[{"embeddable":true,"href":"https:\/\/diariolanoticia.com.mx\/index.php?rest_route=\/wp\/v2\/media\/92395"}],"wp:attachment":[{"href":"https:\/\/diariolanoticia.com.mx\/index.php?rest_route=%2Fwp%2Fv2%2Fmedia&parent=92394"}],"wp:term":[{"taxonomy":"category","embeddable":true,"href":"https:\/\/diariolanoticia.com.mx\/index.php?rest_route=%2Fwp%2Fv2%2Fcategories&post=92394"},{"taxonomy":"post_tag","embeddable":true,"href":"https:\/\/diariolanoticia.com.mx\/index.php?rest_route=%2Fwp%2Fv2%2Ftags&post=92394"}],"curies":[{"name":"wp","href":"https:\/\/api.w.org\/{rel}","templated":true}]}}