{"id":92397,"date":"2022-04-21T20:20:08","date_gmt":"2022-04-21T20:20:08","guid":{"rendered":"https:\/\/diariolanoticia.com.mx\/?p=92397"},"modified":"2022-04-21T20:20:09","modified_gmt":"2022-04-21T20:20:09","slug":"aplica-sesa-dosis-de-refuerzo-covid-19-a-personal-de-salud","status":"publish","type":"post","link":"https:\/\/diariolanoticia.com.mx\/?p=92397","title":{"rendered":"Aplica SESA dosis de refuerzo covid-19 a personal de salud"},"content":{"rendered":"\n<p>*Como parte de la Campa\u00f1a Intensiva de Vacunaci\u00f3n de abril, se instal\u00f3 por \u00fanico d\u00eda un m\u00f3dulo de aplicaci\u00f3n de dosis<\/p>\n\n\n\n<p>Como parte de la Campa\u00f1a Intensiva de Vacunaci\u00f3n de abril, la Secretar\u00eda de Salud (SESA) de Tlaxcala aplic\u00f3 este jueves poco m\u00e1s de 500 vacunas de refuerzo Covid-19 a trabajadores de la Comisi\u00f3n Estatal para la Protecci\u00f3n contra Riesgos Sanitarios de Tlaxcala (Coeprist), M\u00f3dulo Canino, Ense\u00f1anza y Calidad, adem\u00e1s de oficinas centrales de la dependencia estatal.<\/p>\n\n\n\n<p>El resto del personal administrativo se vacunar\u00e1 paulatinamente en Centros de Salud y unidades m\u00e9dicas para que todos los trabajadores cuenten con sus dosis de refuerzo y est\u00e9n protegidos contra el virus.<\/p>\n\n\n\n<p>La jornada de vacunaci\u00f3n forma parte de la estrategia y Campa\u00f1a Intensiva de aplicaci\u00f3n de dosis de biol\u00f3gicos contra el Covid-19 que se realiza en Tlaxcala en el mes de abril, en conjunto por los gobiernos federal y estatal que encabezan el presidente Andr\u00e9s Manuel L\u00f3pez Obrador y la gobernadora Lorena Cu\u00e9llar Cisneros, respectivamente, para privilegiar la salud y todos los tlaxcaltecas cuenten con su refuerzo.<\/p>\n\n\n\n<p>Desde las 9:00 hasta las 16:00 horas de este 21 de abril, el personal de salud acudi\u00f3 al m\u00f3dulo de vacunaci\u00f3n que se instal\u00f3 dentro de las instalaciones de la SESA, con la finalidad de que trabajadores de los turnos diurno y vespertino se vacunaran.<\/p>\n\n\n\n<p>La l\u00edder Estatal del programa de Vacunaci\u00f3n de SESA, Lucero Gonz\u00e1lez Vivanco inform\u00f3 que fue el \u00fanico d\u00eda para vacunar al personal de salud administrativo, y el viernes 22 de abril, en el Centro de Salud Urbano de Tlaxcala, se vacunar\u00e1 a los trabajadores de las \u00e1reas de Promoci\u00f3n de Salud, Jurisdicci\u00f3n Sanitaria de Tlaxcala, Laboratorio Estatal y personal del Sindicato Nacional de Trabajadores de la Secretar\u00eda de Salud (Sntsa), Secci\u00f3n 27.<\/p>\n\n\n\n<p>El \u201cOperativo Abril Contra Covid-19\u201d tiene el prop\u00f3sito de que las personas de 14 a\u00f1os en adelante que por alguna raz\u00f3n no pudieron acudir a vacunarse, asistan a alguno de los m\u00f3dulos instalados en espacios p\u00fablicos y unidades m\u00e9dicas para iniciar o completar el esquema de vacunaci\u00f3n o recibir el refuerzo correspondiente.<\/p>\n\n\n\n<p>La jornada de aplicaci\u00f3n de dosis se realiza en las 32 entidades federativas de M\u00e9xico, donde se instalan m\u00f3dulos en espacios p\u00fablicos y unidades m\u00e9dicas para aplicar las dosis.<\/p>\n","protected":false},"excerpt":{"rendered":"<p>*Como parte de la Campa\u00f1a Intensiva de Vacunaci\u00f3n de abril, se instal\u00f3 por \u00fanico d\u00eda un m\u00f3dulo de aplicaci\u00f3n de dosis Como parte de la Campa\u00f1a Intensiva de Vacunaci\u00f3n de abril, la Secretar\u00eda de Salud (SESA) de Tlaxcala aplic\u00f3 este jueves poco m\u00e1s de 500 vacunas de refuerzo Covid-19 a trabajadores de la Comisi\u00f3n Estatal [&hellip;]<\/p>\n","protected":false},"author":1,"featured_media":92398,"comment_status":"open","ping_status":"open","sticky":false,"template":"","format":"standard","meta":{"footnotes":""},"categories":[21],"tags":[],"class_list":["post-92397","post","type-post","status-publish","format-standard","has-post-thumbnail","hentry","category-estatal"],"blog_post_layout_featured_media_urls":{"thumbnail":["https:\/\/diariolanoticia.com.mx\/wp-content\/uploads\/2022\/04\/WhatsApp-Image-2022-04-21-at-3.15.22-PM-216x160.jpeg",216,160,true],"full":["https:\/\/diariolanoticia.com.mx\/wp-content\/uploads\/2022\/04\/WhatsApp-Image-2022-04-21-at-3.15.22-PM.jpeg",1024,683,false]},"categories_names":{"21":{"name":"Estatal","link":"https:\/\/diariolanoticia.com.mx\/?cat=21"}},"tags_names":[],"comments_number":"0","wpmagazine_modules_lite_featured_media_urls":{"thumbnail":["https:\/\/diariolanoticia.com.mx\/wp-content\/uploads\/2022\/04\/WhatsApp-Image-2022-04-21-at-3.15.22-PM-216x160.jpeg",216,160,true],"cvmm-medium":["https:\/\/diariolanoticia.com.mx\/wp-content\/uploads\/2022\/04\/WhatsApp-Image-2022-04-21-at-3.15.22-PM-300x300.jpeg",300,300,true],"cvmm-medium-plus":["https:\/\/diariolanoticia.com.mx\/wp-content\/uploads\/2022\/04\/WhatsApp-Image-2022-04-21-at-3.15.22-PM-305x207.jpeg",305,207,true],"cvmm-portrait":["https:\/\/diariolanoticia.com.mx\/wp-content\/uploads\/2022\/04\/WhatsApp-Image-2022-04-21-at-3.15.22-PM-400x600.jpeg",400,600,true],"cvmm-medium-square":["https:\/\/diariolanoticia.com.mx\/wp-content\/uploads\/2022\/04\/WhatsApp-Image-2022-04-21-at-3.15.22-PM-600x600.jpeg",600,600,true],"cvmm-large":["https:\/\/diariolanoticia.com.mx\/wp-content\/uploads\/2022\/04\/WhatsApp-Image-2022-04-21-at-3.15.22-PM.jpeg",1024,683,false],"cvmm-small":["https:\/\/diariolanoticia.com.mx\/wp-content\/uploads\/2022\/04\/WhatsApp-Image-2022-04-21-at-3.15.22-PM-130x95.jpeg",130,95,true],"full":["https:\/\/diariolanoticia.com.mx\/wp-content\/uploads\/2022\/04\/WhatsApp-Image-2022-04-21-at-3.15.22-PM.jpeg",1024,683,false]},"_links":{"self":[{"href":"https:\/\/diariolanoticia.com.mx\/index.php?rest_route=\/wp\/v2\/posts\/92397","targetHints":{"allow":["GET"]}}],"collection":[{"href":"https:\/\/diariolanoticia.com.mx\/index.php?rest_route=\/wp\/v2\/posts"}],"about":[{"href":"https:\/\/diariolanoticia.com.mx\/index.php?rest_route=\/wp\/v2\/types\/post"}],"author":[{"embeddable":true,"href":"https:\/\/diariolanoticia.com.mx\/index.php?rest_route=\/wp\/v2\/users\/1"}],"replies":[{"embeddable":true,"href":"https:\/\/diariolanoticia.com.mx\/index.php?rest_route=%2Fwp%2Fv2%2Fcomments&post=92397"}],"version-history":[{"count":1,"href":"https:\/\/diariolanoticia.com.mx\/index.php?rest_route=\/wp\/v2\/posts\/92397\/revisions"}],"predecessor-version":[{"id":92399,"href":"https:\/\/diariolanoticia.com.mx\/index.php?rest_route=\/wp\/v2\/posts\/92397\/revisions\/92399"}],"wp:featuredmedia":[{"embeddable":true,"href":"https:\/\/diariolanoticia.com.mx\/index.php?rest_route=\/wp\/v2\/media\/92398"}],"wp:attachment":[{"href":"https:\/\/diariolanoticia.com.mx\/index.php?rest_route=%2Fwp%2Fv2%2Fmedia&parent=92397"}],"wp:term":[{"taxonomy":"category","embeddable":true,"href":"https:\/\/diariolanoticia.com.mx\/index.php?rest_route=%2Fwp%2Fv2%2Fcategories&post=92397"},{"taxonomy":"post_tag","embeddable":true,"href":"https:\/\/diariolanoticia.com.mx\/index.php?rest_route=%2Fwp%2Fv2%2Ftags&post=92397"}],"curies":[{"name":"wp","href":"https:\/\/api.w.org\/{rel}","templated":true}]}}