{"id":92524,"date":"2022-04-25T14:53:39","date_gmt":"2022-04-25T14:53:39","guid":{"rendered":"https:\/\/diariolanoticia.com.mx\/?p=92524"},"modified":"2022-04-25T14:53:40","modified_gmt":"2022-04-25T14:53:40","slug":"regreso-sector-educativo-a-actividades-escolares","status":"publish","type":"post","link":"https:\/\/diariolanoticia.com.mx\/?p=92524","title":{"rendered":"Regres\u00f3 sector educativo a actividades escolares"},"content":{"rendered":"\n<p><em>*El pr\u00f3ximo viernes 29 de abril figuras educativas realizar\u00e1n la Sexta Sesi\u00f3n Ordinaria del Consejo T\u00e9cnico Escolar<\/em><\/p>\n\n\n\n<p>Este lunes 25 de abril regresaron a actividades escolares voluntarias 363 mil 539 alumnas y alumnos, y 33 mil 949 trabajadores de la educaci\u00f3n de mil 944 escuelas p\u00fablicas y particulares de todos los niveles educativos, inform\u00f3 la Secretar\u00eda de Educaci\u00f3n P\u00fablica del Estado (SEPE) y la Unidad de Servicios Educativos de Tlaxcala (USET).<\/p>\n\n\n\n<p>El secretario de Educaci\u00f3n, Homero Meneses Hern\u00e1ndez indic\u00f3 que sin incidentes se registr\u00f3 el retorno a las actividades escolares y llam\u00f3 a la comunidad educativa a redoblar esfuerzos para cerrar con mucha energ\u00eda el ciclo escolar 2021-2022. Explic\u00f3 que hasta antes de salir de vacaciones se registr\u00f3 una asistencia presencial del 92 por ciento de la matr\u00edcula escolar, por lo que en este retorno de actividades las autoridades educativas conf\u00edan en que los padres de familia y alumnos regresen de manera voluntaria a las actividades escolares presenciales.<\/p>\n\n\n\n<p>De nivel b\u00e1sico retornar\u00e1n 266 mil 537 alumnas y alumnos de mil 713 instituciones p\u00fablicas y particulares, en educaci\u00f3n media superior regresar\u00e1n a las actividades 59 mil 247 j\u00f3venes de 175 escuelas, y en educaci\u00f3n superior regresar\u00e1n 37 mil 755 universitarios de 57 instituciones.<\/p>\n\n\n\n<p>\u201cEste lunes que retomamos las actividades escolares debemos dar nuestro m\u00e1ximo esfuerzo para cerrar con mucha energ\u00eda e \u00edmpetu este \u00faltimo periodo que marca el calendario escolar, hasta antes de vacaciones ten\u00edamos una asistencia presencial del 92 por ciento, as\u00ed que debemos continuar con las medidas sanitarias correspondientes e ir retomando las actividades presenciales hasta lograr el 100 por ciento y dar el mejor de nuestros esfuerzos para aprovechar los conocimientos que imparten las y los maestros\u201d, afirm\u00f3.<\/p>\n\n\n\n<p>El pr\u00f3ximo viernes 29 de abril directivos, supervisores y maestros del nivel b\u00e1sico realizar\u00e1n la Sexta Sesi\u00f3n Ordinaria del Consejo T\u00e9cnico Escolar (CTE) para dar seguimiento a los objetivos plasmados y continuar con las actividades planteadas en el calendario oficial escolar.<\/p>\n","protected":false},"excerpt":{"rendered":"<p>*El pr\u00f3ximo viernes 29 de abril figuras educativas realizar\u00e1n la Sexta Sesi\u00f3n Ordinaria del Consejo T\u00e9cnico Escolar Este lunes 25 de abril regresaron a actividades escolares voluntarias 363 mil 539 alumnas y alumnos, y 33 mil 949 trabajadores de la educaci\u00f3n de mil 944 escuelas p\u00fablicas y particulares de todos los niveles educativos, inform\u00f3 la [&hellip;]<\/p>\n","protected":false},"author":1,"featured_media":92525,"comment_status":"open","ping_status":"open","sticky":false,"template":"","format":"standard","meta":{"footnotes":""},"categories":[21],"tags":[],"class_list":["post-92524","post","type-post","status-publish","format-standard","has-post-thumbnail","hentry","category-estatal"],"blog_post_layout_featured_media_urls":{"thumbnail":["https:\/\/diariolanoticia.com.mx\/wp-content\/uploads\/2022\/04\/250422_SEPE-REGRESO-1-216x160.jpeg",216,160,true],"full":["https:\/\/diariolanoticia.com.mx\/wp-content\/uploads\/2022\/04\/250422_SEPE-REGRESO-1.jpeg",1280,853,false]},"categories_names":{"21":{"name":"Estatal","link":"https:\/\/diariolanoticia.com.mx\/?cat=21"}},"tags_names":[],"comments_number":"0","wpmagazine_modules_lite_featured_media_urls":{"thumbnail":["https:\/\/diariolanoticia.com.mx\/wp-content\/uploads\/2022\/04\/250422_SEPE-REGRESO-1-216x160.jpeg",216,160,true],"cvmm-medium":["https:\/\/diariolanoticia.com.mx\/wp-content\/uploads\/2022\/04\/250422_SEPE-REGRESO-1-300x300.jpeg",300,300,true],"cvmm-medium-plus":["https:\/\/diariolanoticia.com.mx\/wp-content\/uploads\/2022\/04\/250422_SEPE-REGRESO-1-305x207.jpeg",305,207,true],"cvmm-portrait":["https:\/\/diariolanoticia.com.mx\/wp-content\/uploads\/2022\/04\/250422_SEPE-REGRESO-1-400x600.jpeg",400,600,true],"cvmm-medium-square":["https:\/\/diariolanoticia.com.mx\/wp-content\/uploads\/2022\/04\/250422_SEPE-REGRESO-1-600x600.jpeg",600,600,true],"cvmm-large":["https:\/\/diariolanoticia.com.mx\/wp-content\/uploads\/2022\/04\/250422_SEPE-REGRESO-1-1024x853.jpeg",1024,853,true],"cvmm-small":["https:\/\/diariolanoticia.com.mx\/wp-content\/uploads\/2022\/04\/250422_SEPE-REGRESO-1-130x95.jpeg",130,95,true],"full":["https:\/\/diariolanoticia.com.mx\/wp-content\/uploads\/2022\/04\/250422_SEPE-REGRESO-1.jpeg",1280,853,false]},"_links":{"self":[{"href":"https:\/\/diariolanoticia.com.mx\/index.php?rest_route=\/wp\/v2\/posts\/92524","targetHints":{"allow":["GET"]}}],"collection":[{"href":"https:\/\/diariolanoticia.com.mx\/index.php?rest_route=\/wp\/v2\/posts"}],"about":[{"href":"https:\/\/diariolanoticia.com.mx\/index.php?rest_route=\/wp\/v2\/types\/post"}],"author":[{"embeddable":true,"href":"https:\/\/diariolanoticia.com.mx\/index.php?rest_route=\/wp\/v2\/users\/1"}],"replies":[{"embeddable":true,"href":"https:\/\/diariolanoticia.com.mx\/index.php?rest_route=%2Fwp%2Fv2%2Fcomments&post=92524"}],"version-history":[{"count":1,"href":"https:\/\/diariolanoticia.com.mx\/index.php?rest_route=\/wp\/v2\/posts\/92524\/revisions"}],"predecessor-version":[{"id":92526,"href":"https:\/\/diariolanoticia.com.mx\/index.php?rest_route=\/wp\/v2\/posts\/92524\/revisions\/92526"}],"wp:featuredmedia":[{"embeddable":true,"href":"https:\/\/diariolanoticia.com.mx\/index.php?rest_route=\/wp\/v2\/media\/92525"}],"wp:attachment":[{"href":"https:\/\/diariolanoticia.com.mx\/index.php?rest_route=%2Fwp%2Fv2%2Fmedia&parent=92524"}],"wp:term":[{"taxonomy":"category","embeddable":true,"href":"https:\/\/diariolanoticia.com.mx\/index.php?rest_route=%2Fwp%2Fv2%2Fcategories&post=92524"},{"taxonomy":"post_tag","embeddable":true,"href":"https:\/\/diariolanoticia.com.mx\/index.php?rest_route=%2Fwp%2Fv2%2Ftags&post=92524"}],"curies":[{"name":"wp","href":"https:\/\/api.w.org\/{rel}","templated":true}]}}