{"id":92717,"date":"2022-04-26T20:59:15","date_gmt":"2022-04-26T20:59:15","guid":{"rendered":"https:\/\/diariolanoticia.com.mx\/?p=92717"},"modified":"2022-04-26T20:59:16","modified_gmt":"2022-04-26T20:59:16","slug":"ayuntamiento-de-puebla-y-canadevi-realizaran-feria-de-la-vivienda-con-mas-de-4-mil-opciones-patrimoniales","status":"publish","type":"post","link":"https:\/\/diariolanoticia.com.mx\/?p=92717","title":{"rendered":"Ayuntamiento de Puebla y CANADEVI realizar\u00e1n feria de la vivienda con m\u00e1s de 4 mil opciones patrimoniales"},"content":{"rendered":"\n<p>Habr\u00e1 casas, departamentos y todo tipo de espacios con costos de 400 mil pesos en adelante.<\/p>\n\n\n\n<p>La \u00abFeria de la Vivienda\u00bb llegar\u00e1 a la ciudad del 28 al 30 de abril, con una oferta de 18 desarrolladores inmobiliarios que el Ayuntamiento de Puebla y la C\u00e1mara Nacional de la Industria de Desarrollo y Promoci\u00f3n de Vivienda (Canadevi) acercar\u00e1n al jard\u00edn de El Carmen para que las familias locales conozcan diversas oportunidades de adquisici\u00f3n y financiamiento patrimonial, tal como lo instruy\u00f3 Eduardo Rivera P\u00e9rez alcalde de la Angel\u00f3polis.<\/p>\n\n\n\n<p>En este espacio se podr\u00e1n encontrar hasta cuatro mil proyectos de vivienda, de todos los valores econ\u00f3micos y composiciones estructurales. Adem\u00e1s, contar\u00e1 con la participaci\u00f3n del Infonavit para asesorar a toda la ciudadan\u00eda derechohabiente, detall\u00f3 en conferencia de prensa Felipe Mojarro Arroyo, Asesor en Materia de Vivienda de la Presidencia Municipal de Puebla.<\/p>\n\n\n\n<p>En este sentido, Ariosto Goytort\u00faa L\u00f3pez, presidente de Canadevi Puebla, detall\u00f3 que este evento est\u00e1 motivado por el Convenio de Colaboraci\u00f3n que se firm\u00f3 entre el Ayuntamiento y la C\u00e1mara en el mes de febrero, con el fin de propiciar en esta ocasi\u00f3n un espacio de aproximaci\u00f3n a casas, departamentos y otro tipo de espacios, tanto de car\u00e1cter social como popular, con costos de 400 mil pesos en adelante.<\/p>\n\n\n\n<p>El horario de atenci\u00f3n al p\u00fablico ser\u00e1 de 10:00 a 18:00 horas. Para cotizar en lugar \u00fanicamente ser\u00e1 necesario llevar a la mano n\u00famero de seguridad social otorgado por el IMSS o, en su caso, RFC.<\/p>\n","protected":false},"excerpt":{"rendered":"<p>Habr\u00e1 casas, departamentos y todo tipo de espacios con costos de 400 mil pesos en adelante. La \u00abFeria de la Vivienda\u00bb llegar\u00e1 a la ciudad del 28 al 30 de abril, con una oferta de 18 desarrolladores inmobiliarios que el Ayuntamiento de Puebla y la C\u00e1mara Nacional de la Industria de Desarrollo y Promoci\u00f3n de [&hellip;]<\/p>\n","protected":false},"author":1,"featured_media":92718,"comment_status":"open","ping_status":"open","sticky":false,"template":"","format":"standard","meta":{"footnotes":""},"categories":[103],"tags":[],"class_list":["post-92717","post","type-post","status-publish","format-standard","has-post-thumbnail","hentry","category-pueblacapital"],"blog_post_layout_featured_media_urls":{"thumbnail":["https:\/\/diariolanoticia.com.mx\/wp-content\/uploads\/2022\/04\/WhatsApp-Image-2022-04-26-at-3.56.53-PM-216x160.jpeg",216,160,true],"full":["https:\/\/diariolanoticia.com.mx\/wp-content\/uploads\/2022\/04\/WhatsApp-Image-2022-04-26-at-3.56.53-PM.jpeg",1280,960,false]},"categories_names":{"103":{"name":"Puebla Capital","link":"https:\/\/diariolanoticia.com.mx\/?cat=103"}},"tags_names":[],"comments_number":"0","wpmagazine_modules_lite_featured_media_urls":{"thumbnail":["https:\/\/diariolanoticia.com.mx\/wp-content\/uploads\/2022\/04\/WhatsApp-Image-2022-04-26-at-3.56.53-PM-216x160.jpeg",216,160,true],"cvmm-medium":["https:\/\/diariolanoticia.com.mx\/wp-content\/uploads\/2022\/04\/WhatsApp-Image-2022-04-26-at-3.56.53-PM-300x300.jpeg",300,300,true],"cvmm-medium-plus":["https:\/\/diariolanoticia.com.mx\/wp-content\/uploads\/2022\/04\/WhatsApp-Image-2022-04-26-at-3.56.53-PM-305x207.jpeg",305,207,true],"cvmm-portrait":["https:\/\/diariolanoticia.com.mx\/wp-content\/uploads\/2022\/04\/WhatsApp-Image-2022-04-26-at-3.56.53-PM-400x600.jpeg",400,600,true],"cvmm-medium-square":["https:\/\/diariolanoticia.com.mx\/wp-content\/uploads\/2022\/04\/WhatsApp-Image-2022-04-26-at-3.56.53-PM-600x600.jpeg",600,600,true],"cvmm-large":["https:\/\/diariolanoticia.com.mx\/wp-content\/uploads\/2022\/04\/WhatsApp-Image-2022-04-26-at-3.56.53-PM-1024x960.jpeg",1024,960,true],"cvmm-small":["https:\/\/diariolanoticia.com.mx\/wp-content\/uploads\/2022\/04\/WhatsApp-Image-2022-04-26-at-3.56.53-PM-130x95.jpeg",130,95,true],"full":["https:\/\/diariolanoticia.com.mx\/wp-content\/uploads\/2022\/04\/WhatsApp-Image-2022-04-26-at-3.56.53-PM.jpeg",1280,960,false]},"_links":{"self":[{"href":"https:\/\/diariolanoticia.com.mx\/index.php?rest_route=\/wp\/v2\/posts\/92717","targetHints":{"allow":["GET"]}}],"collection":[{"href":"https:\/\/diariolanoticia.com.mx\/index.php?rest_route=\/wp\/v2\/posts"}],"about":[{"href":"https:\/\/diariolanoticia.com.mx\/index.php?rest_route=\/wp\/v2\/types\/post"}],"author":[{"embeddable":true,"href":"https:\/\/diariolanoticia.com.mx\/index.php?rest_route=\/wp\/v2\/users\/1"}],"replies":[{"embeddable":true,"href":"https:\/\/diariolanoticia.com.mx\/index.php?rest_route=%2Fwp%2Fv2%2Fcomments&post=92717"}],"version-history":[{"count":1,"href":"https:\/\/diariolanoticia.com.mx\/index.php?rest_route=\/wp\/v2\/posts\/92717\/revisions"}],"predecessor-version":[{"id":92719,"href":"https:\/\/diariolanoticia.com.mx\/index.php?rest_route=\/wp\/v2\/posts\/92717\/revisions\/92719"}],"wp:featuredmedia":[{"embeddable":true,"href":"https:\/\/diariolanoticia.com.mx\/index.php?rest_route=\/wp\/v2\/media\/92718"}],"wp:attachment":[{"href":"https:\/\/diariolanoticia.com.mx\/index.php?rest_route=%2Fwp%2Fv2%2Fmedia&parent=92717"}],"wp:term":[{"taxonomy":"category","embeddable":true,"href":"https:\/\/diariolanoticia.com.mx\/index.php?rest_route=%2Fwp%2Fv2%2Fcategories&post=92717"},{"taxonomy":"post_tag","embeddable":true,"href":"https:\/\/diariolanoticia.com.mx\/index.php?rest_route=%2Fwp%2Fv2%2Ftags&post=92717"}],"curies":[{"name":"wp","href":"https:\/\/api.w.org\/{rel}","templated":true}]}}