{"id":92720,"date":"2022-04-26T21:00:32","date_gmt":"2022-04-26T21:00:32","guid":{"rendered":"https:\/\/diariolanoticia.com.mx\/?p=92720"},"modified":"2022-04-26T21:00:33","modified_gmt":"2022-04-26T21:00:33","slug":"impulsa-sia-el-cultivo-de-nopal-por-su-potencial-productivo","status":"publish","type":"post","link":"https:\/\/diariolanoticia.com.mx\/?p=92720","title":{"rendered":"Impulsa SIA el cultivo de nopal por su potencial productivo"},"content":{"rendered":"\n<p><em>*En Tlaxcala es utilizado principalmente para la producci\u00f3n de nopal, verdura y tuna<\/em><\/p>\n\n\n\n<p>El Gobierno del Estado que encabeza Lorena Cu\u00e9llar Cisneros, a trav\u00e9s de la Secretar\u00eda de Impulso Agropecuario, realiz\u00f3 un evento demostrativo de producci\u00f3n agroecol\u00f3gica de nopal en el municipio de Tecopilco, donde se difundieron las innovaciones implementadas, y se mostr\u00f3 el sistema productivo y comercial por medio de huertas en camas biointensivas, variedades, herramienta e infraestructura.<\/p>\n\n\n\n<p>Rafael de la Pe\u00f1a Bernal, titular de Impulso Agropecuario, inform\u00f3 que se busca promover el aprovechamiento integral del cultivo de nopal y tuna como alternativa de desarrollo para las diferentes regiones del estado donde otros cultivos presentan limitaciones productivas.<\/p>\n\n\n\n<p>De la Pe\u00f1a Bernal coment\u00f3 que se analizaron las expectativas de desarrollo para la cadena nopal y agreg\u00f3 que cuenta con un gran valor alimentario y de transformaci\u00f3n en diferentes platillos, postres y bebidas, al mismo tiempo que en temporada de gran producci\u00f3n y bajos precios se propone como forraje para bovinos y ovinos.<\/p>\n\n\n\n<p>Durante el evento se realizaron diversas estaciones donde los propios productores expusieron temas que han aprendido en cuanto al manejo de la planta, como es; criterios para el establecimiento de nopal verdura, podas y control de hierba, nutrici\u00f3n uso de biopreparados, manejo preventivo de control de plagas y enfermedades.<\/p>\n\n\n\n<p>Asimismo, se habl\u00f3 sobre cosecha y valor agregado, caracter\u00edsticas de calidad del nopal, precios y programaci\u00f3n de la producci\u00f3n, uso de cubiertas y la participaci\u00f3n de ni\u00f1as que expusieron su experiencia al ayudar a su familia en el trabajo con las plantas.<\/p>\n\n\n\n<p>De esta forma, el Gobierno del Estado, a trav\u00e9s de la SIA, fortalecen cultivos diferentes a los tradicionales.<\/p>\n","protected":false},"excerpt":{"rendered":"<p>*En Tlaxcala es utilizado principalmente para la producci\u00f3n de nopal, verdura y tuna El Gobierno del Estado que encabeza Lorena Cu\u00e9llar Cisneros, a trav\u00e9s de la Secretar\u00eda de Impulso Agropecuario, realiz\u00f3 un evento demostrativo de producci\u00f3n agroecol\u00f3gica de nopal en el municipio de Tecopilco, donde se difundieron las innovaciones implementadas, y se mostr\u00f3 el sistema [&hellip;]<\/p>\n","protected":false},"author":1,"featured_media":92721,"comment_status":"open","ping_status":"open","sticky":false,"template":"","format":"standard","meta":{"footnotes":""},"categories":[21],"tags":[],"class_list":["post-92720","post","type-post","status-publish","format-standard","has-post-thumbnail","hentry","category-estatal"],"blog_post_layout_featured_media_urls":{"thumbnail":["https:\/\/diariolanoticia.com.mx\/wp-content\/uploads\/2022\/04\/260422_SIA_NOPAL-2-216x160.jpeg",216,160,true],"full":["https:\/\/diariolanoticia.com.mx\/wp-content\/uploads\/2022\/04\/260422_SIA_NOPAL-2.jpeg",1280,853,false]},"categories_names":{"21":{"name":"Estatal","link":"https:\/\/diariolanoticia.com.mx\/?cat=21"}},"tags_names":[],"comments_number":"0","wpmagazine_modules_lite_featured_media_urls":{"thumbnail":["https:\/\/diariolanoticia.com.mx\/wp-content\/uploads\/2022\/04\/260422_SIA_NOPAL-2-216x160.jpeg",216,160,true],"cvmm-medium":["https:\/\/diariolanoticia.com.mx\/wp-content\/uploads\/2022\/04\/260422_SIA_NOPAL-2-300x300.jpeg",300,300,true],"cvmm-medium-plus":["https:\/\/diariolanoticia.com.mx\/wp-content\/uploads\/2022\/04\/260422_SIA_NOPAL-2-305x207.jpeg",305,207,true],"cvmm-portrait":["https:\/\/diariolanoticia.com.mx\/wp-content\/uploads\/2022\/04\/260422_SIA_NOPAL-2-400x600.jpeg",400,600,true],"cvmm-medium-square":["https:\/\/diariolanoticia.com.mx\/wp-content\/uploads\/2022\/04\/260422_SIA_NOPAL-2-600x600.jpeg",600,600,true],"cvmm-large":["https:\/\/diariolanoticia.com.mx\/wp-content\/uploads\/2022\/04\/260422_SIA_NOPAL-2-1024x853.jpeg",1024,853,true],"cvmm-small":["https:\/\/diariolanoticia.com.mx\/wp-content\/uploads\/2022\/04\/260422_SIA_NOPAL-2-130x95.jpeg",130,95,true],"full":["https:\/\/diariolanoticia.com.mx\/wp-content\/uploads\/2022\/04\/260422_SIA_NOPAL-2.jpeg",1280,853,false]},"_links":{"self":[{"href":"https:\/\/diariolanoticia.com.mx\/index.php?rest_route=\/wp\/v2\/posts\/92720","targetHints":{"allow":["GET"]}}],"collection":[{"href":"https:\/\/diariolanoticia.com.mx\/index.php?rest_route=\/wp\/v2\/posts"}],"about":[{"href":"https:\/\/diariolanoticia.com.mx\/index.php?rest_route=\/wp\/v2\/types\/post"}],"author":[{"embeddable":true,"href":"https:\/\/diariolanoticia.com.mx\/index.php?rest_route=\/wp\/v2\/users\/1"}],"replies":[{"embeddable":true,"href":"https:\/\/diariolanoticia.com.mx\/index.php?rest_route=%2Fwp%2Fv2%2Fcomments&post=92720"}],"version-history":[{"count":1,"href":"https:\/\/diariolanoticia.com.mx\/index.php?rest_route=\/wp\/v2\/posts\/92720\/revisions"}],"predecessor-version":[{"id":92722,"href":"https:\/\/diariolanoticia.com.mx\/index.php?rest_route=\/wp\/v2\/posts\/92720\/revisions\/92722"}],"wp:featuredmedia":[{"embeddable":true,"href":"https:\/\/diariolanoticia.com.mx\/index.php?rest_route=\/wp\/v2\/media\/92721"}],"wp:attachment":[{"href":"https:\/\/diariolanoticia.com.mx\/index.php?rest_route=%2Fwp%2Fv2%2Fmedia&parent=92720"}],"wp:term":[{"taxonomy":"category","embeddable":true,"href":"https:\/\/diariolanoticia.com.mx\/index.php?rest_route=%2Fwp%2Fv2%2Fcategories&post=92720"},{"taxonomy":"post_tag","embeddable":true,"href":"https:\/\/diariolanoticia.com.mx\/index.php?rest_route=%2Fwp%2Fv2%2Ftags&post=92720"}],"curies":[{"name":"wp","href":"https:\/\/api.w.org\/{rel}","templated":true}]}}