{"id":92732,"date":"2022-04-26T23:06:25","date_gmt":"2022-04-26T23:06:25","guid":{"rendered":"https:\/\/diariolanoticia.com.mx\/?p=92732"},"modified":"2022-04-26T23:06:26","modified_gmt":"2022-04-26T23:06:26","slug":"secretaria-de-bienestar-del-estado-e-icatlax-firman-convenio-para-capacitar-beneficiarios-de-programas-sociales","status":"publish","type":"post","link":"https:\/\/diariolanoticia.com.mx\/?p=92732","title":{"rendered":"Secretar\u00eda de bienestar del Estado e ICATLAX firman convenio para capacitar beneficiarios de programas sociales"},"content":{"rendered":"\n<p><\/p>\n\n\n\n<p>*El prop\u00f3sito es fortalecer el perfil laboral de las personas en situaci\u00f3n vulnerable para ampliar sus posibilidades de desarrollo personal<\/p>\n\n\n\n<p>La Secretar\u00eda de Bienestar del estado y el Instituto de Capacitaci\u00f3n para el Trabajo del Estado de Tlaxcala, (Icatlax) firmaron un convenio con el objetivo de que los beneficiarios de los programas sociales reciban cursos de capacitaci\u00f3n en la modalidad extensi\u00f3n, a fin de fortalecer su perfil laboral y habilidades.<\/p>\n\n\n\n<p>Acompa\u00f1ada por la presidenta honor\u00edfica del Comit\u00e9 Consultivo de Bienestar y Desarrollo Social, Mar\u00eda Fernanda Espinosa de los Monteros Cu\u00e9llar, quien fungi\u00f3 como testigo de honor; la titular de la Secretar\u00eda de Bienestar del estado de Tlaxcala, Mar\u00eda Estela \u00c1lvarez Corona destac\u00f3 que este instrumento de colaboraci\u00f3n abona a mejorar la calidad de vida de las personas, al dotarlas de conocimientos sobre est\u00e1ndares establecidos para obtener los mejores resultados en sus tareas y ampliar sus posibilidades de desarrollo integral, en apego a los objetivos del eje \u201cBienestar para todos\u201d del Plan Estatal de Desarrollo 2021-2027.<\/p>\n\n\n\n<p>En el evento que se llev\u00f3 a cabo en la sala de juntas de Direcci\u00f3n General del Icatlax, la funcionaria estatal agreg\u00f3 que en este convenio tambi\u00e9n se considera la capacitaci\u00f3n acelerada espec\u00edfica de los trabajadores de la dependencia para fortalecer su perfil profesional y tener un mejor desempe\u00f1o al servicio de las personas con empat\u00eda, calidad, sensibilidad y eficiencia.<\/p>\n\n\n\n<p>En su momento, Juan Manuel Lemus P\u00e9rez, director general del Icatlax, expuso que la suma de voluntades y esfuerzos entre dependencias gira en torno a las pol\u00edticas p\u00fablicas que impulsa la gobernadora Lorena Cu\u00e9llar Cisneros y que ponen en el centro el bienestar de las personas.<\/p>\n\n\n\n<p>En este sentido, puntualiz\u00f3 que este convenio coadyuva en la ejecuci\u00f3n de las l\u00edneas de acci\u00f3n que favorece la calidad de vida de las personas, al proveerlas de experiencias y conocimientos que contribuyen a su superaci\u00f3n personal.<\/p>\n","protected":false},"excerpt":{"rendered":"<p>*El prop\u00f3sito es fortalecer el perfil laboral de las personas en situaci\u00f3n vulnerable para ampliar sus posibilidades de desarrollo personal La Secretar\u00eda de Bienestar del estado y el Instituto de Capacitaci\u00f3n para el Trabajo del Estado de Tlaxcala, (Icatlax) firmaron un convenio con el objetivo de que los beneficiarios de los programas sociales reciban cursos [&hellip;]<\/p>\n","protected":false},"author":1,"featured_media":92733,"comment_status":"open","ping_status":"open","sticky":false,"template":"","format":"standard","meta":{"footnotes":""},"categories":[21],"tags":[],"class_list":["post-92732","post","type-post","status-publish","format-standard","has-post-thumbnail","hentry","category-estatal"],"blog_post_layout_featured_media_urls":{"thumbnail":["https:\/\/diariolanoticia.com.mx\/wp-content\/uploads\/2022\/04\/C446CF2A-30CA-49FC-A08B-8EFA61891535-216x160.jpeg",216,160,true],"full":["https:\/\/diariolanoticia.com.mx\/wp-content\/uploads\/2022\/04\/C446CF2A-30CA-49FC-A08B-8EFA61891535.jpeg",1024,751,false]},"categories_names":{"21":{"name":"Estatal","link":"https:\/\/diariolanoticia.com.mx\/?cat=21"}},"tags_names":[],"comments_number":"0","wpmagazine_modules_lite_featured_media_urls":{"thumbnail":["https:\/\/diariolanoticia.com.mx\/wp-content\/uploads\/2022\/04\/C446CF2A-30CA-49FC-A08B-8EFA61891535-216x160.jpeg",216,160,true],"cvmm-medium":["https:\/\/diariolanoticia.com.mx\/wp-content\/uploads\/2022\/04\/C446CF2A-30CA-49FC-A08B-8EFA61891535-300x300.jpeg",300,300,true],"cvmm-medium-plus":["https:\/\/diariolanoticia.com.mx\/wp-content\/uploads\/2022\/04\/C446CF2A-30CA-49FC-A08B-8EFA61891535-305x207.jpeg",305,207,true],"cvmm-portrait":["https:\/\/diariolanoticia.com.mx\/wp-content\/uploads\/2022\/04\/C446CF2A-30CA-49FC-A08B-8EFA61891535-400x600.jpeg",400,600,true],"cvmm-medium-square":["https:\/\/diariolanoticia.com.mx\/wp-content\/uploads\/2022\/04\/C446CF2A-30CA-49FC-A08B-8EFA61891535-600x600.jpeg",600,600,true],"cvmm-large":["https:\/\/diariolanoticia.com.mx\/wp-content\/uploads\/2022\/04\/C446CF2A-30CA-49FC-A08B-8EFA61891535.jpeg",1024,751,false],"cvmm-small":["https:\/\/diariolanoticia.com.mx\/wp-content\/uploads\/2022\/04\/C446CF2A-30CA-49FC-A08B-8EFA61891535-130x95.jpeg",130,95,true],"full":["https:\/\/diariolanoticia.com.mx\/wp-content\/uploads\/2022\/04\/C446CF2A-30CA-49FC-A08B-8EFA61891535.jpeg",1024,751,false]},"_links":{"self":[{"href":"https:\/\/diariolanoticia.com.mx\/index.php?rest_route=\/wp\/v2\/posts\/92732","targetHints":{"allow":["GET"]}}],"collection":[{"href":"https:\/\/diariolanoticia.com.mx\/index.php?rest_route=\/wp\/v2\/posts"}],"about":[{"href":"https:\/\/diariolanoticia.com.mx\/index.php?rest_route=\/wp\/v2\/types\/post"}],"author":[{"embeddable":true,"href":"https:\/\/diariolanoticia.com.mx\/index.php?rest_route=\/wp\/v2\/users\/1"}],"replies":[{"embeddable":true,"href":"https:\/\/diariolanoticia.com.mx\/index.php?rest_route=%2Fwp%2Fv2%2Fcomments&post=92732"}],"version-history":[{"count":1,"href":"https:\/\/diariolanoticia.com.mx\/index.php?rest_route=\/wp\/v2\/posts\/92732\/revisions"}],"predecessor-version":[{"id":92734,"href":"https:\/\/diariolanoticia.com.mx\/index.php?rest_route=\/wp\/v2\/posts\/92732\/revisions\/92734"}],"wp:featuredmedia":[{"embeddable":true,"href":"https:\/\/diariolanoticia.com.mx\/index.php?rest_route=\/wp\/v2\/media\/92733"}],"wp:attachment":[{"href":"https:\/\/diariolanoticia.com.mx\/index.php?rest_route=%2Fwp%2Fv2%2Fmedia&parent=92732"}],"wp:term":[{"taxonomy":"category","embeddable":true,"href":"https:\/\/diariolanoticia.com.mx\/index.php?rest_route=%2Fwp%2Fv2%2Fcategories&post=92732"},{"taxonomy":"post_tag","embeddable":true,"href":"https:\/\/diariolanoticia.com.mx\/index.php?rest_route=%2Fwp%2Fv2%2Ftags&post=92732"}],"curies":[{"name":"wp","href":"https:\/\/api.w.org\/{rel}","templated":true}]}}