{"id":93100,"date":"2022-05-02T19:35:34","date_gmt":"2022-05-02T19:35:34","guid":{"rendered":"https:\/\/diariolanoticia.com.mx\/?p=93100"},"modified":"2022-05-02T19:35:36","modified_gmt":"2022-05-02T19:35:36","slug":"fomenta-uatx-la-oratoria-entre-sus-estudiantes","status":"publish","type":"post","link":"https:\/\/diariolanoticia.com.mx\/?p=93100","title":{"rendered":"Fomenta UATx la oratoria entre sus estudiantes"},"content":{"rendered":"\n<p>En el marco del 57 Aniversario de la Licenciatura en Derecho, la Universidad Aut\u00f3noma de Tlaxcala (UATx), a trav\u00e9s de la Facultad de Derecho, Ciencias Pol\u00edticas y Criminolog\u00eda, llevaron a cabo el \u00ab4to. Certamen de Oratoria Homo Universitatis\u00bb, celebrado en el Teatro Universitario.<\/p>\n\n\n\n<p>En representaci\u00f3n del Dr. Luis Gonz\u00e1lez Placencia, Rector de la UATx, el Mtro. Alejandro Palma Su\u00e1rez, Secretario de Extensi\u00f3n Universitaria y Difusi\u00f3n Cultural, destac\u00f3 que, la trascendencia de este evento es mucha, por lo que invit\u00f3 a extender la convocatoria a todos los estudiantes de la universidad, ya que, el manejo de la palabra debe ser una de las competencias sustanciales para todos los educandos.<\/p>\n\n\n\n<p>Por su parte, el Mtro. Fabio Lara Cer\u00f3n, Director de la Facultad, conmin\u00f3 a los estudiantes a que honren a su alma m\u00e1ter, puesto que, a trav\u00e9s de este certamen, se fortalece toda aquella gama de conocimientos y, lo m\u00e1s esencial, que esa formaci\u00f3n valla revestida de valores y buenos h\u00e1bitos, como lo marca nuestro Modelo Humanista Integrador basado en Competencias (MHIC).<\/p>\n\n\n\n<p>En tanto, el Mtro. Rodolfo Leonardo Ortiz Gallardo, Coordinador de la Licenciatura en Derecho, destac\u00f3 que, es un hecho importante la participaci\u00f3n que se ha desarrollado a trav\u00e9s de este tiempo en el progreso de la ciencia jur\u00eddica, dado que, a trav\u00e9s de este tipo de concursos, se destapan talentos que les da seguridad para desempe\u00f1arse como buenos profesionales en la materia.<\/p>\n\n\n\n<p>Cabe destacar que, el primer lugar, fue para la estudiante Danna Licona Salda\u00f1a, segundo para Marl\u00e9n D\u00edaz Zempoalteca y, en tercer lugar, Yatziri Ayala S\u00e1nchez y Abimael Luna Ram\u00edrez.<\/p>\n\n\n\n<p>El jurado estuvo conformado por el Dr. Bert\u00edn Maravilla Osorno, como Presidente, la Lic. Salma Milicen Botis Hern\u00e1ndez y el Dr. Jos\u00e9 Cruz Omar Zacatelco S\u00e1nchez, catedr\u00e1ticos de esta Facultad.<\/p>\n","protected":false},"excerpt":{"rendered":"<p>En el marco del 57 Aniversario de la Licenciatura en Derecho, la Universidad Aut\u00f3noma de Tlaxcala (UATx), a trav\u00e9s de la Facultad de Derecho, Ciencias Pol\u00edticas y Criminolog\u00eda, llevaron a cabo el \u00ab4to. Certamen de Oratoria Homo Universitatis\u00bb, celebrado en el Teatro Universitario. En representaci\u00f3n del Dr. Luis Gonz\u00e1lez Placencia, Rector de la UATx, el [&hellip;]<\/p>\n","protected":false},"author":1,"featured_media":93101,"comment_status":"open","ping_status":"open","sticky":false,"template":"","format":"standard","meta":{"footnotes":""},"categories":[10],"tags":[],"class_list":["post-93100","post","type-post","status-publish","format-standard","has-post-thumbnail","hentry","category-educacion"],"blog_post_layout_featured_media_urls":{"thumbnail":["https:\/\/diariolanoticia.com.mx\/wp-content\/uploads\/2022\/05\/02-Fomenta-UATx-la-oratoria-entre-sus-estudiantes-216x160.jpg",216,160,true],"full":["https:\/\/diariolanoticia.com.mx\/wp-content\/uploads\/2022\/05\/02-Fomenta-UATx-la-oratoria-entre-sus-estudiantes.jpg",1418,946,false]},"categories_names":{"10":{"name":"Educaci\u00f3n","link":"https:\/\/diariolanoticia.com.mx\/?cat=10"}},"tags_names":[],"comments_number":"0","wpmagazine_modules_lite_featured_media_urls":{"thumbnail":["https:\/\/diariolanoticia.com.mx\/wp-content\/uploads\/2022\/05\/02-Fomenta-UATx-la-oratoria-entre-sus-estudiantes-216x160.jpg",216,160,true],"cvmm-medium":["https:\/\/diariolanoticia.com.mx\/wp-content\/uploads\/2022\/05\/02-Fomenta-UATx-la-oratoria-entre-sus-estudiantes-300x300.jpg",300,300,true],"cvmm-medium-plus":["https:\/\/diariolanoticia.com.mx\/wp-content\/uploads\/2022\/05\/02-Fomenta-UATx-la-oratoria-entre-sus-estudiantes-305x207.jpg",305,207,true],"cvmm-portrait":["https:\/\/diariolanoticia.com.mx\/wp-content\/uploads\/2022\/05\/02-Fomenta-UATx-la-oratoria-entre-sus-estudiantes-400x600.jpg",400,600,true],"cvmm-medium-square":["https:\/\/diariolanoticia.com.mx\/wp-content\/uploads\/2022\/05\/02-Fomenta-UATx-la-oratoria-entre-sus-estudiantes-600x600.jpg",600,600,true],"cvmm-large":["https:\/\/diariolanoticia.com.mx\/wp-content\/uploads\/2022\/05\/02-Fomenta-UATx-la-oratoria-entre-sus-estudiantes-1024x946.jpg",1024,946,true],"cvmm-small":["https:\/\/diariolanoticia.com.mx\/wp-content\/uploads\/2022\/05\/02-Fomenta-UATx-la-oratoria-entre-sus-estudiantes-130x95.jpg",130,95,true],"full":["https:\/\/diariolanoticia.com.mx\/wp-content\/uploads\/2022\/05\/02-Fomenta-UATx-la-oratoria-entre-sus-estudiantes.jpg",1418,946,false]},"_links":{"self":[{"href":"https:\/\/diariolanoticia.com.mx\/index.php?rest_route=\/wp\/v2\/posts\/93100","targetHints":{"allow":["GET"]}}],"collection":[{"href":"https:\/\/diariolanoticia.com.mx\/index.php?rest_route=\/wp\/v2\/posts"}],"about":[{"href":"https:\/\/diariolanoticia.com.mx\/index.php?rest_route=\/wp\/v2\/types\/post"}],"author":[{"embeddable":true,"href":"https:\/\/diariolanoticia.com.mx\/index.php?rest_route=\/wp\/v2\/users\/1"}],"replies":[{"embeddable":true,"href":"https:\/\/diariolanoticia.com.mx\/index.php?rest_route=%2Fwp%2Fv2%2Fcomments&post=93100"}],"version-history":[{"count":1,"href":"https:\/\/diariolanoticia.com.mx\/index.php?rest_route=\/wp\/v2\/posts\/93100\/revisions"}],"predecessor-version":[{"id":93102,"href":"https:\/\/diariolanoticia.com.mx\/index.php?rest_route=\/wp\/v2\/posts\/93100\/revisions\/93102"}],"wp:featuredmedia":[{"embeddable":true,"href":"https:\/\/diariolanoticia.com.mx\/index.php?rest_route=\/wp\/v2\/media\/93101"}],"wp:attachment":[{"href":"https:\/\/diariolanoticia.com.mx\/index.php?rest_route=%2Fwp%2Fv2%2Fmedia&parent=93100"}],"wp:term":[{"taxonomy":"category","embeddable":true,"href":"https:\/\/diariolanoticia.com.mx\/index.php?rest_route=%2Fwp%2Fv2%2Fcategories&post=93100"},{"taxonomy":"post_tag","embeddable":true,"href":"https:\/\/diariolanoticia.com.mx\/index.php?rest_route=%2Fwp%2Fv2%2Ftags&post=93100"}],"curies":[{"name":"wp","href":"https:\/\/api.w.org\/{rel}","templated":true}]}}