{"id":93181,"date":"2022-05-03T12:43:24","date_gmt":"2022-05-03T17:43:24","guid":{"rendered":"https:\/\/diariolanoticia.com.mx\/?p=93181"},"modified":"2022-05-03T12:43:25","modified_gmt":"2022-05-03T17:43:25","slug":"conmemora-secretaria-de-cultura-dia-internacional-de-la-danza","status":"publish","type":"post","link":"https:\/\/diariolanoticia.com.mx\/?p=93181","title":{"rendered":"Conmemora secretar\u00eda de cultura d\u00eda internacional de la danza"},"content":{"rendered":"\n<p><em>*Con presentaciones art\u00edsticas del 27 al 30 de abril participaron grupos y colectivos de los diferentes g\u00e9neros danc\u00edsticos<\/em><\/p>\n\n\n\n<p>El Gobierno del Estado, a trav\u00e9s de la Secretar\u00eda de Cultura de Tlaxcala, conmemor\u00f3 el D\u00eda Internacional de la Danza con la presentaci\u00f3n de m\u00e1s de 20 agrupaciones danc\u00edsticas en foros como el Centro de las Artes, el Teatro Xicoht\u00e9ncatl y el municipio de Apizaco.<\/p>\n\n\n\n<p>Las agrupaciones participantes fueron: \u201cPasi\u00f3n Vertical\u201d, \u201cHere Nui\u201d, \u201cVaiteani-Trayecto 3\u201d, \u201cDanzaru\u201d, \u201cBallet Libre de Tlaxcala\u201d, \u201cArte Flamenco La Libertad\u201d, \u201cBallet Folkl\u00f3rico de Apizaco\u201d, \u201cColectivo La Calle Nueva\u201d, \u201cNirvana Dance Stidio\u201d, \u201cCuahutle Mart\u00edn\u201d, \u201cTaller de Danza Contempor\u00e1nea del Municipio de Apizaco\u201d.<\/p>\n\n\n\n<p>Adem\u00e1s del \u201cSemillero Creativo de Tenancingo\u201d, \u201cAcademia Aia Guevara\u201d, \u201cPettit Ballet Estudio de Danza\u201d, \u201cAcademia de Danza Tlaxcala\u201d, \u201cExpresi\u00f3n Oriental\u201d, Agrupaci\u00f3n Proyecto Tlaxcala \u201cDanza para Todos\u201d, \u201cBallet Hunab Ku\u201d, \u201cF. A. M. E. Dance Academy\u201d y el \u201cTaller Universitario de Danza Contempor\u00e1nea de la UAT\u201d.<\/p>\n\n\n\n<p>En representaci\u00f3n del secretario de Cultura, Antonio Mart\u00ednez Vel\u00e1zquez, el coordinador Acad\u00e9mico del Centro de las Artes, Marco Venchierutti resalt\u00f3 la importancia de estrechar lazos institucionales entre el estado y los ayuntamientos, a fin de impulsar a las artes como ejes primordiales de desarrollo social y cultural en Tlaxcala.<\/p>\n\n\n\n<p>\u201cConmemoramos el d\u00eda de la danza, porque vemos que despu\u00e9s de estos dos a\u00f1os de pandemia, los talentos y las compa\u00f1\u00edas tienen esta necesidad de participar en las diferentes disciplinas art\u00edsticas; como instituci\u00f3n de cultura tenemos el deber de apoyar a las agrupaciones con espacios y programas dedicados al desarrollo art\u00edstico y hoy lo celebramos de manera conjunta con el ayuntamiento de Apizaco y el Teatro Xicoht\u00e9ncatl\u201d, indic\u00f3.<\/p>\n\n\n\n<p>Por su parte, Fabiola Caballero S\u00e1nchez, directora de Turismo y Cultura de Apizaco, agradeci\u00f3 el apoyo del Gobierno del Estado, y que en funci\u00f3n de sus atribuciones y de la mano con los ayuntamientos se fomente el sentido de pertenencia a trav\u00e9s de las artes.<\/p>\n\n\n\n<p>\u201cSabemos que la Secretar\u00eda de Cultura tiene toda la intenci\u00f3n de apoyar este tipo de eventos; por ello, el reconocimiento de hacer estos lazos que unan a la cultura y al turismo en nuestro estado. Invito a que seamos portavoces de resaltar a las artes como promotores de valores c\u00edvicos que promuevan la uni\u00f3n familiar, unir corazones y romper fronteras\u201d, enfatiz\u00f3.<\/p>\n","protected":false},"excerpt":{"rendered":"<p>*Con presentaciones art\u00edsticas del 27 al 30 de abril participaron grupos y colectivos de los diferentes g\u00e9neros danc\u00edsticos El Gobierno del Estado, a trav\u00e9s de la Secretar\u00eda de Cultura de Tlaxcala, conmemor\u00f3 el D\u00eda Internacional de la Danza con la presentaci\u00f3n de m\u00e1s de 20 agrupaciones danc\u00edsticas en foros como el Centro de las Artes, [&hellip;]<\/p>\n","protected":false},"author":1,"featured_media":93182,"comment_status":"open","ping_status":"open","sticky":false,"template":"","format":"standard","meta":{"footnotes":""},"categories":[21],"tags":[],"class_list":["post-93181","post","type-post","status-publish","format-standard","has-post-thumbnail","hentry","category-estatal"],"blog_post_layout_featured_media_urls":{"thumbnail":["https:\/\/diariolanoticia.com.mx\/wp-content\/uploads\/2022\/05\/030522_SC_DANZA-1-216x160.jpeg",216,160,true],"full":["https:\/\/diariolanoticia.com.mx\/wp-content\/uploads\/2022\/05\/030522_SC_DANZA-1.jpeg",1599,1066,false]},"categories_names":{"21":{"name":"Estatal","link":"https:\/\/diariolanoticia.com.mx\/?cat=21"}},"tags_names":[],"comments_number":"0","wpmagazine_modules_lite_featured_media_urls":{"thumbnail":["https:\/\/diariolanoticia.com.mx\/wp-content\/uploads\/2022\/05\/030522_SC_DANZA-1-216x160.jpeg",216,160,true],"cvmm-medium":["https:\/\/diariolanoticia.com.mx\/wp-content\/uploads\/2022\/05\/030522_SC_DANZA-1-300x300.jpeg",300,300,true],"cvmm-medium-plus":["https:\/\/diariolanoticia.com.mx\/wp-content\/uploads\/2022\/05\/030522_SC_DANZA-1-305x207.jpeg",305,207,true],"cvmm-portrait":["https:\/\/diariolanoticia.com.mx\/wp-content\/uploads\/2022\/05\/030522_SC_DANZA-1-400x600.jpeg",400,600,true],"cvmm-medium-square":["https:\/\/diariolanoticia.com.mx\/wp-content\/uploads\/2022\/05\/030522_SC_DANZA-1-600x600.jpeg",600,600,true],"cvmm-large":["https:\/\/diariolanoticia.com.mx\/wp-content\/uploads\/2022\/05\/030522_SC_DANZA-1-1024x1024.jpeg",1024,1024,true],"cvmm-small":["https:\/\/diariolanoticia.com.mx\/wp-content\/uploads\/2022\/05\/030522_SC_DANZA-1-130x95.jpeg",130,95,true],"full":["https:\/\/diariolanoticia.com.mx\/wp-content\/uploads\/2022\/05\/030522_SC_DANZA-1.jpeg",1599,1066,false]},"_links":{"self":[{"href":"https:\/\/diariolanoticia.com.mx\/index.php?rest_route=\/wp\/v2\/posts\/93181","targetHints":{"allow":["GET"]}}],"collection":[{"href":"https:\/\/diariolanoticia.com.mx\/index.php?rest_route=\/wp\/v2\/posts"}],"about":[{"href":"https:\/\/diariolanoticia.com.mx\/index.php?rest_route=\/wp\/v2\/types\/post"}],"author":[{"embeddable":true,"href":"https:\/\/diariolanoticia.com.mx\/index.php?rest_route=\/wp\/v2\/users\/1"}],"replies":[{"embeddable":true,"href":"https:\/\/diariolanoticia.com.mx\/index.php?rest_route=%2Fwp%2Fv2%2Fcomments&post=93181"}],"version-history":[{"count":1,"href":"https:\/\/diariolanoticia.com.mx\/index.php?rest_route=\/wp\/v2\/posts\/93181\/revisions"}],"predecessor-version":[{"id":93183,"href":"https:\/\/diariolanoticia.com.mx\/index.php?rest_route=\/wp\/v2\/posts\/93181\/revisions\/93183"}],"wp:featuredmedia":[{"embeddable":true,"href":"https:\/\/diariolanoticia.com.mx\/index.php?rest_route=\/wp\/v2\/media\/93182"}],"wp:attachment":[{"href":"https:\/\/diariolanoticia.com.mx\/index.php?rest_route=%2Fwp%2Fv2%2Fmedia&parent=93181"}],"wp:term":[{"taxonomy":"category","embeddable":true,"href":"https:\/\/diariolanoticia.com.mx\/index.php?rest_route=%2Fwp%2Fv2%2Fcategories&post=93181"},{"taxonomy":"post_tag","embeddable":true,"href":"https:\/\/diariolanoticia.com.mx\/index.php?rest_route=%2Fwp%2Fv2%2Ftags&post=93181"}],"curies":[{"name":"wp","href":"https:\/\/api.w.org\/{rel}","templated":true}]}}