{"id":93185,"date":"2022-05-03T16:51:58","date_gmt":"2022-05-03T21:51:58","guid":{"rendered":"https:\/\/diariolanoticia.com.mx\/?p=93185"},"modified":"2022-05-03T16:51:57","modified_gmt":"2022-05-03T21:51:57","slug":"el-del-5-de-mayo-sera-un-desfile-historico-sostiene-barbosa-huerta","status":"publish","type":"post","link":"https:\/\/diariolanoticia.com.mx\/?p=93185","title":{"rendered":"El del 5 de Mayo ser\u00e1 un desfile hist\u00f3rico, sostiene Barbosa Huerta"},"content":{"rendered":"\n<p>\u25aa\ufe0f El gobernador destac\u00f3 buen \u00e1nimo de las y los poblanos<\/p>\n\n\n\n<p>CIUDAD DE PUEBLA, Pue.- El desfile c\u00edvico militar del 5 de Mayo ser\u00e1 un evento que disfrutar\u00e1 la sociedad poblana, debido al ambiente de alegr\u00eda y relajamiento en el que se encuentran en estos momentos las poblanas y poblanos, afirm\u00f3 el gobernador Miguel Barbosa Huerta.<\/p>\n\n\n\n<p>En la habitual videoconferencia de prensa, el mandatario estatal sostuvo que la gente tendr\u00e1 un buen \u00e1nimo en este desfile, el cual sostuvo que ser\u00e1 hist\u00f3rico, como todo lo que est\u00e1 sucediendo en el estado.<\/p>\n\n\n\n<p>Record\u00f3 que el presidente Andr\u00e9s Manuel L\u00f3pez Obrador encabezar\u00e1 este acto, que contar\u00e1 con la presencia de autoridades castrenses, y cuyo trayecto ser\u00e1 de cuatro kil\u00f3metros.<\/p>\n\n\n\n<p>Debe recordarse que el recorrido iniciar\u00e1 a las 11:30 horas en el Mausoleo al General Ignacio Zaragoza, y concluir\u00e1 a las 13:30 horas en la 25 Oriente y Bulevar 5 de Mayo, sobre el cual avanzar\u00e1 el contingente, integrado por 15 mil personas, entre alumnos, trabajadores de la educaci\u00f3n y fuerzas castrenses, as\u00ed como por 13 carros aleg\u00f3ricos de escuelas y tres m\u00e1s de la Secretar\u00eda de Cultura.<\/p>\n","protected":false},"excerpt":{"rendered":"<p>\u25aa\ufe0f El gobernador destac\u00f3 buen \u00e1nimo de las y los poblanos CIUDAD DE PUEBLA, Pue.- El desfile c\u00edvico militar del 5 de Mayo ser\u00e1 un evento que disfrutar\u00e1 la sociedad poblana, debido al ambiente de alegr\u00eda y relajamiento en el que se encuentran en estos momentos las poblanas y poblanos, afirm\u00f3 el gobernador Miguel Barbosa [&hellip;]<\/p>\n","protected":false},"author":1,"featured_media":93184,"comment_status":"open","ping_status":"open","sticky":false,"template":"","format":"standard","meta":{"footnotes":""},"categories":[20],"tags":[52],"class_list":["post-93185","post","type-post","status-publish","format-standard","has-post-thumbnail","hentry","category-norte-de-puebla","tag-puebla"],"blog_post_layout_featured_media_urls":{"thumbnail":["https:\/\/diariolanoticia.com.mx\/wp-content\/uploads\/2022\/05\/img_0667-216x160.jpg",216,160,true],"full":["https:\/\/diariolanoticia.com.mx\/wp-content\/uploads\/2022\/05\/img_0667.jpg",1500,1000,false]},"categories_names":{"20":{"name":"Norte de Puebla","link":"https:\/\/diariolanoticia.com.mx\/?cat=20"}},"tags_names":{"52":{"name":"Puebla","link":"https:\/\/diariolanoticia.com.mx\/?tag=puebla"}},"comments_number":"0","wpmagazine_modules_lite_featured_media_urls":{"thumbnail":["https:\/\/diariolanoticia.com.mx\/wp-content\/uploads\/2022\/05\/img_0667-216x160.jpg",216,160,true],"cvmm-medium":["https:\/\/diariolanoticia.com.mx\/wp-content\/uploads\/2022\/05\/img_0667-300x300.jpg",300,300,true],"cvmm-medium-plus":["https:\/\/diariolanoticia.com.mx\/wp-content\/uploads\/2022\/05\/img_0667-305x207.jpg",305,207,true],"cvmm-portrait":["https:\/\/diariolanoticia.com.mx\/wp-content\/uploads\/2022\/05\/img_0667-400x600.jpg",400,600,true],"cvmm-medium-square":["https:\/\/diariolanoticia.com.mx\/wp-content\/uploads\/2022\/05\/img_0667-600x600.jpg",600,600,true],"cvmm-large":["https:\/\/diariolanoticia.com.mx\/wp-content\/uploads\/2022\/05\/img_0667-1024x1000.jpg",1024,1000,true],"cvmm-small":["https:\/\/diariolanoticia.com.mx\/wp-content\/uploads\/2022\/05\/img_0667-130x95.jpg",130,95,true],"full":["https:\/\/diariolanoticia.com.mx\/wp-content\/uploads\/2022\/05\/img_0667.jpg",1500,1000,false]},"_links":{"self":[{"href":"https:\/\/diariolanoticia.com.mx\/index.php?rest_route=\/wp\/v2\/posts\/93185","targetHints":{"allow":["GET"]}}],"collection":[{"href":"https:\/\/diariolanoticia.com.mx\/index.php?rest_route=\/wp\/v2\/posts"}],"about":[{"href":"https:\/\/diariolanoticia.com.mx\/index.php?rest_route=\/wp\/v2\/types\/post"}],"author":[{"embeddable":true,"href":"https:\/\/diariolanoticia.com.mx\/index.php?rest_route=\/wp\/v2\/users\/1"}],"replies":[{"embeddable":true,"href":"https:\/\/diariolanoticia.com.mx\/index.php?rest_route=%2Fwp%2Fv2%2Fcomments&post=93185"}],"version-history":[{"count":1,"href":"https:\/\/diariolanoticia.com.mx\/index.php?rest_route=\/wp\/v2\/posts\/93185\/revisions"}],"predecessor-version":[{"id":93186,"href":"https:\/\/diariolanoticia.com.mx\/index.php?rest_route=\/wp\/v2\/posts\/93185\/revisions\/93186"}],"wp:featuredmedia":[{"embeddable":true,"href":"https:\/\/diariolanoticia.com.mx\/index.php?rest_route=\/wp\/v2\/media\/93184"}],"wp:attachment":[{"href":"https:\/\/diariolanoticia.com.mx\/index.php?rest_route=%2Fwp%2Fv2%2Fmedia&parent=93185"}],"wp:term":[{"taxonomy":"category","embeddable":true,"href":"https:\/\/diariolanoticia.com.mx\/index.php?rest_route=%2Fwp%2Fv2%2Fcategories&post=93185"},{"taxonomy":"post_tag","embeddable":true,"href":"https:\/\/diariolanoticia.com.mx\/index.php?rest_route=%2Fwp%2Fv2%2Ftags&post=93185"}],"curies":[{"name":"wp","href":"https:\/\/api.w.org\/{rel}","templated":true}]}}