{"id":94658,"date":"2022-05-26T18:44:03","date_gmt":"2022-05-26T23:44:03","guid":{"rendered":"https:\/\/diariolanoticia.com.mx\/?p=94658"},"modified":"2022-05-26T18:45:54","modified_gmt":"2022-05-26T23:45:54","slug":"seguiremos-impulsando-el-bienestar-de-las-familias-huamantlecas-santos-cedillo","status":"publish","type":"post","link":"https:\/\/diariolanoticia.com.mx\/?p=94658","title":{"rendered":"Seguiremos impulsando el bienestar de las familias huamantlecas: Santos Cedillo"},"content":{"rendered":"\n<p>Al participar en la reapertura de la lecher\u00eda SEGALMEX-LICONSA en la Colonia Emiliano Zapata, el presidente municipal, Salvador Santos Cedillo, afirm\u00f3 que con trabajo en equipo se beneficiar\u00e1 a m\u00e1s familias huamantlecas.<\/p>\n\n\n\n<p>El alcalde Santos Cedillo, reconoci\u00f3 la gesti\u00f3n de parte de Dulce Mar\u00eda Romero Gonz\u00e1lez, presidenta de comunidad de la Colonia Emiliano Zapata, para reabrir esta lecher\u00eda, que beneficia no s\u00f3lo a los habitantes de esta localidad, sino tambi\u00e9n de comunidades vecinas, y agradeci\u00f3 el respaldo del gobierno federal.<\/p>\n\n\n\n<p>Autoridades refirieron que, al momento, son m\u00e1s de 500 las personas beneficiadas con este apoyo, donde menores de 6 a 15 a\u00f1os, mujeres de 45 a 59 a\u00f1os, adultos mayores, y personas con enfermedades cr\u00f3nicas o en situaci\u00f3n de discapacidad, quienes tendr\u00e1n acceso a leche fortificada con vitaminas y minerales a bajo costo.<\/p>\n\n\n\n<p>Durante el evento se llev\u00f3 a cabo tambi\u00e9n, el empadronamiento de nuevos beneficiarios al Programa de Abasto Social, a trav\u00e9s del cual, se abastece leche de calidad a las familias m\u00e1s necesitadas del municipio.<\/p>\n","protected":false},"excerpt":{"rendered":"<p>Al participar en la reapertura de la lecher\u00eda SEGALMEX-LICONSA en la Colonia Emiliano Zapata, el presidente municipal, Salvador Santos Cedillo, afirm\u00f3 que con trabajo en equipo se beneficiar\u00e1 a m\u00e1s familias huamantlecas. El alcalde Santos Cedillo, reconoci\u00f3 la gesti\u00f3n de parte de Dulce Mar\u00eda Romero Gonz\u00e1lez, presidenta de comunidad de la Colonia Emiliano Zapata, para [&hellip;]<\/p>\n","protected":false},"author":1,"featured_media":94660,"comment_status":"open","ping_status":"open","sticky":false,"template":"","format":"standard","meta":{"footnotes":""},"categories":[219],"tags":[],"class_list":["post-94658","post","type-post","status-publish","format-standard","has-post-thumbnail","hentry","category-huamantla"],"blog_post_layout_featured_media_urls":{"thumbnail":["https:\/\/diariolanoticia.com.mx\/wp-content\/uploads\/2022\/05\/F93DDFFC-20DF-4401-A14C-E8DCDCFEE0F6-216x160.jpeg",216,160,true],"full":["https:\/\/diariolanoticia.com.mx\/wp-content\/uploads\/2022\/05\/F93DDFFC-20DF-4401-A14C-E8DCDCFEE0F6.jpeg",1280,853,false]},"categories_names":{"219":{"name":"Huamantla","link":"https:\/\/diariolanoticia.com.mx\/?cat=219"}},"tags_names":[],"comments_number":"0","wpmagazine_modules_lite_featured_media_urls":{"thumbnail":["https:\/\/diariolanoticia.com.mx\/wp-content\/uploads\/2022\/05\/F93DDFFC-20DF-4401-A14C-E8DCDCFEE0F6-216x160.jpeg",216,160,true],"cvmm-medium":["https:\/\/diariolanoticia.com.mx\/wp-content\/uploads\/2022\/05\/F93DDFFC-20DF-4401-A14C-E8DCDCFEE0F6-300x300.jpeg",300,300,true],"cvmm-medium-plus":["https:\/\/diariolanoticia.com.mx\/wp-content\/uploads\/2022\/05\/F93DDFFC-20DF-4401-A14C-E8DCDCFEE0F6-305x207.jpeg",305,207,true],"cvmm-portrait":["https:\/\/diariolanoticia.com.mx\/wp-content\/uploads\/2022\/05\/F93DDFFC-20DF-4401-A14C-E8DCDCFEE0F6-400x600.jpeg",400,600,true],"cvmm-medium-square":["https:\/\/diariolanoticia.com.mx\/wp-content\/uploads\/2022\/05\/F93DDFFC-20DF-4401-A14C-E8DCDCFEE0F6-600x600.jpeg",600,600,true],"cvmm-large":["https:\/\/diariolanoticia.com.mx\/wp-content\/uploads\/2022\/05\/F93DDFFC-20DF-4401-A14C-E8DCDCFEE0F6-1024x853.jpeg",1024,853,true],"cvmm-small":["https:\/\/diariolanoticia.com.mx\/wp-content\/uploads\/2022\/05\/F93DDFFC-20DF-4401-A14C-E8DCDCFEE0F6-130x95.jpeg",130,95,true],"full":["https:\/\/diariolanoticia.com.mx\/wp-content\/uploads\/2022\/05\/F93DDFFC-20DF-4401-A14C-E8DCDCFEE0F6.jpeg",1280,853,false]},"_links":{"self":[{"href":"https:\/\/diariolanoticia.com.mx\/index.php?rest_route=\/wp\/v2\/posts\/94658","targetHints":{"allow":["GET"]}}],"collection":[{"href":"https:\/\/diariolanoticia.com.mx\/index.php?rest_route=\/wp\/v2\/posts"}],"about":[{"href":"https:\/\/diariolanoticia.com.mx\/index.php?rest_route=\/wp\/v2\/types\/post"}],"author":[{"embeddable":true,"href":"https:\/\/diariolanoticia.com.mx\/index.php?rest_route=\/wp\/v2\/users\/1"}],"replies":[{"embeddable":true,"href":"https:\/\/diariolanoticia.com.mx\/index.php?rest_route=%2Fwp%2Fv2%2Fcomments&post=94658"}],"version-history":[{"count":1,"href":"https:\/\/diariolanoticia.com.mx\/index.php?rest_route=\/wp\/v2\/posts\/94658\/revisions"}],"predecessor-version":[{"id":94659,"href":"https:\/\/diariolanoticia.com.mx\/index.php?rest_route=\/wp\/v2\/posts\/94658\/revisions\/94659"}],"wp:featuredmedia":[{"embeddable":true,"href":"https:\/\/diariolanoticia.com.mx\/index.php?rest_route=\/wp\/v2\/media\/94660"}],"wp:attachment":[{"href":"https:\/\/diariolanoticia.com.mx\/index.php?rest_route=%2Fwp%2Fv2%2Fmedia&parent=94658"}],"wp:term":[{"taxonomy":"category","embeddable":true,"href":"https:\/\/diariolanoticia.com.mx\/index.php?rest_route=%2Fwp%2Fv2%2Fcategories&post=94658"},{"taxonomy":"post_tag","embeddable":true,"href":"https:\/\/diariolanoticia.com.mx\/index.php?rest_route=%2Fwp%2Fv2%2Ftags&post=94658"}],"curies":[{"name":"wp","href":"https:\/\/api.w.org\/{rel}","templated":true}]}}