{"id":94661,"date":"2022-05-26T19:01:02","date_gmt":"2022-05-27T00:01:02","guid":{"rendered":"https:\/\/diariolanoticia.com.mx\/?p=94661"},"modified":"2022-05-26T19:01:03","modified_gmt":"2022-05-27T00:01:03","slug":"reactiva-sedif-carrusel-de-informacion-y-servicios-en-el-municipio-de-san-pablo-del-monte","status":"publish","type":"post","link":"https:\/\/diariolanoticia.com.mx\/?p=94661","title":{"rendered":"Reactiva SEDIF \u201cCarrusel de informaci\u00f3n y servicios\u201d en el municipio de San Pablo del Monte"},"content":{"rendered":"\n<p>*El carrusel del SEDIF visitar\u00e1 ocho municipios para acercar los servicios a la poblaci\u00f3n vulnerable<\/p>\n\n\n\n<p>Con el objetivo de acercar a la ciudadan\u00eda los programas, acciones y beneficios que ofrecen las dependencias de los gobiernos estatal y federal, el Sistema Estatal para el Desarrollo Integral de la Familia (Sedif) reactiv\u00f3 el \u201cCarrusel de Informaci\u00f3n y Servicios\u201d en el municipio de San Pablo del Monte.<\/p>\n\n\n\n<p>A la inauguraci\u00f3n del carrusel asistieron la presidenta honor\u00edfica y la directora general del Sistema Estatal DIF, Mariana Espinosa de los Monteros Cu\u00e9llar y Flor de Mar\u00eda L\u00f3pez Hinojosa, respectivamente, as\u00ed como el alcalde Ra\u00fal Tom\u00e1s Ju\u00e1rez Contreras y los titulares del Sistema Municipal DIF, Mar\u00eda del Roc\u00edo Epazote Guzm\u00e1n y Jorge S\u00e1nchez Capilla.<\/p>\n\n\n\n<p>En su mensaje, la presidenta del Sedif, Mariana Espinosa de los Monteros destac\u00f3 que, por encomienda de la gobernadora Lorena Cu\u00e9llar Cisneros, se hacen llegar los servicios que brindan las dependencias estatales y federales a los municipios m\u00e1s alejados de la capital, por ello reconoci\u00f3 el compromiso del personal de las dependencias para organizarse y trasladarse a las comunidades m\u00e1s alejadas, lo que refleja el nivel de compromiso que tienen con las y los tlaxcaltecas.<\/p>\n\n\n\n<p>Es preciso recordar que el programa \u201cCarrusel de Informaci\u00f3n y Servicios\u201d inici\u00f3 operaciones en diciembre de 2021; sin embargo, por las restricciones propias de la pandemia por Covid-19 y la veda establecida por el proceso de revocaci\u00f3n de mandato, se pospusieron las actividades y fueron reactivadas este d\u00eda.<\/p>\n\n\n\n<p>En la nueva etapa del Carrusel de Servicios participaron 35 dependencias estatales y federales, entre ellas institutos, secretar\u00edas, organismos aut\u00f3nomos y Beneficencia P\u00fablica, las cuales brindaron informaci\u00f3n y asistencia a 200 mujeres, hombres, personas de la tercera edad y con discapacidad, adem\u00e1s de 150 ni\u00f1as y ni\u00f1os de las primarias \u201cMiguel Hidalgo\u201d y \u201cJusto Sierra\u201d.<\/p>\n\n\n\n<p>El Carrusel de Informaci\u00f3n y Servicios del Sedif visitar\u00e1 los municipios de Tetlatlahuca el 8 de junio; Zacatelco, el 22 del mismo mes; Nativitas, el 7 de julio; Ixtacuixtla, el 19 de ese mes; Yauhquemehcan, el 4 de agosto; y Santa Cruz Tlaxcala, el 17, en un horario de 9:00 a 14:00 horas.<\/p>\n\n\n\n<p>La iniciativa tiene como objetivo contar con un punto de encuentro entre la ciudadan\u00eda y las dependencias de gobierno, adem\u00e1s pretende que los proyectos o programas sean difundidos de manera directa con los diferentes sectores de la poblaci\u00f3n para su aprovechamiento.<\/p>\n","protected":false},"excerpt":{"rendered":"<p>*El carrusel del SEDIF visitar\u00e1 ocho municipios para acercar los servicios a la poblaci\u00f3n vulnerable Con el objetivo de acercar a la ciudadan\u00eda los programas, acciones y beneficios que ofrecen las dependencias de los gobiernos estatal y federal, el Sistema Estatal para el Desarrollo Integral de la Familia (Sedif) reactiv\u00f3 el \u201cCarrusel de Informaci\u00f3n y [&hellip;]<\/p>\n","protected":false},"author":1,"featured_media":94662,"comment_status":"open","ping_status":"open","sticky":false,"template":"","format":"standard","meta":{"footnotes":""},"categories":[21],"tags":[],"class_list":["post-94661","post","type-post","status-publish","format-standard","has-post-thumbnail","hentry","category-estatal"],"blog_post_layout_featured_media_urls":{"thumbnail":["https:\/\/diariolanoticia.com.mx\/wp-content\/uploads\/2022\/05\/1EFB52BB-A3D6-4D64-B3DD-500F2B7BC46F-216x160.jpeg",216,160,true],"full":["https:\/\/diariolanoticia.com.mx\/wp-content\/uploads\/2022\/05\/1EFB52BB-A3D6-4D64-B3DD-500F2B7BC46F.jpeg",1280,856,false]},"categories_names":{"21":{"name":"Estatal","link":"https:\/\/diariolanoticia.com.mx\/?cat=21"}},"tags_names":[],"comments_number":"0","wpmagazine_modules_lite_featured_media_urls":{"thumbnail":["https:\/\/diariolanoticia.com.mx\/wp-content\/uploads\/2022\/05\/1EFB52BB-A3D6-4D64-B3DD-500F2B7BC46F-216x160.jpeg",216,160,true],"cvmm-medium":["https:\/\/diariolanoticia.com.mx\/wp-content\/uploads\/2022\/05\/1EFB52BB-A3D6-4D64-B3DD-500F2B7BC46F-300x300.jpeg",300,300,true],"cvmm-medium-plus":["https:\/\/diariolanoticia.com.mx\/wp-content\/uploads\/2022\/05\/1EFB52BB-A3D6-4D64-B3DD-500F2B7BC46F-305x207.jpeg",305,207,true],"cvmm-portrait":["https:\/\/diariolanoticia.com.mx\/wp-content\/uploads\/2022\/05\/1EFB52BB-A3D6-4D64-B3DD-500F2B7BC46F-400x600.jpeg",400,600,true],"cvmm-medium-square":["https:\/\/diariolanoticia.com.mx\/wp-content\/uploads\/2022\/05\/1EFB52BB-A3D6-4D64-B3DD-500F2B7BC46F-600x600.jpeg",600,600,true],"cvmm-large":["https:\/\/diariolanoticia.com.mx\/wp-content\/uploads\/2022\/05\/1EFB52BB-A3D6-4D64-B3DD-500F2B7BC46F-1024x856.jpeg",1024,856,true],"cvmm-small":["https:\/\/diariolanoticia.com.mx\/wp-content\/uploads\/2022\/05\/1EFB52BB-A3D6-4D64-B3DD-500F2B7BC46F-130x95.jpeg",130,95,true],"full":["https:\/\/diariolanoticia.com.mx\/wp-content\/uploads\/2022\/05\/1EFB52BB-A3D6-4D64-B3DD-500F2B7BC46F.jpeg",1280,856,false]},"_links":{"self":[{"href":"https:\/\/diariolanoticia.com.mx\/index.php?rest_route=\/wp\/v2\/posts\/94661","targetHints":{"allow":["GET"]}}],"collection":[{"href":"https:\/\/diariolanoticia.com.mx\/index.php?rest_route=\/wp\/v2\/posts"}],"about":[{"href":"https:\/\/diariolanoticia.com.mx\/index.php?rest_route=\/wp\/v2\/types\/post"}],"author":[{"embeddable":true,"href":"https:\/\/diariolanoticia.com.mx\/index.php?rest_route=\/wp\/v2\/users\/1"}],"replies":[{"embeddable":true,"href":"https:\/\/diariolanoticia.com.mx\/index.php?rest_route=%2Fwp%2Fv2%2Fcomments&post=94661"}],"version-history":[{"count":1,"href":"https:\/\/diariolanoticia.com.mx\/index.php?rest_route=\/wp\/v2\/posts\/94661\/revisions"}],"predecessor-version":[{"id":94663,"href":"https:\/\/diariolanoticia.com.mx\/index.php?rest_route=\/wp\/v2\/posts\/94661\/revisions\/94663"}],"wp:featuredmedia":[{"embeddable":true,"href":"https:\/\/diariolanoticia.com.mx\/index.php?rest_route=\/wp\/v2\/media\/94662"}],"wp:attachment":[{"href":"https:\/\/diariolanoticia.com.mx\/index.php?rest_route=%2Fwp%2Fv2%2Fmedia&parent=94661"}],"wp:term":[{"taxonomy":"category","embeddable":true,"href":"https:\/\/diariolanoticia.com.mx\/index.php?rest_route=%2Fwp%2Fv2%2Fcategories&post=94661"},{"taxonomy":"post_tag","embeddable":true,"href":"https:\/\/diariolanoticia.com.mx\/index.php?rest_route=%2Fwp%2Fv2%2Ftags&post=94661"}],"curies":[{"name":"wp","href":"https:\/\/api.w.org\/{rel}","templated":true}]}}