{"id":94728,"date":"2022-05-28T17:42:11","date_gmt":"2022-05-28T22:42:11","guid":{"rendered":"https:\/\/diariolanoticia.com.mx\/?p=94728"},"modified":"2022-05-28T17:42:12","modified_gmt":"2022-05-28T22:42:12","slug":"gobierno-del-estado-fomenta-la-transparencia-social-a-traves-de-actividades-dirigidas-a-jovenes","status":"publish","type":"post","link":"https:\/\/diariolanoticia.com.mx\/?p=94728","title":{"rendered":"Gobierno del estado fomenta la transparencia social a trav\u00e9s de actividades dirigidas a j\u00f3venes"},"content":{"rendered":"\n<p>*Efectu\u00f3 el segundo \u00abCampamento J\u00f3venes Transformadores\u00bb para desarrollar habilidades para su crecimiento a nivel personal y comunitario<\/p>\n\n\n\n<p>El Gobierno del Estado, a trav\u00e9s de la Secretar\u00eda de la Funci\u00f3n P\u00fablica (SFP), realiz\u00f3 el segundo \u00abCampamento J\u00f3venes Transformadores\u00bb en el municipio de Ixtacuixtla, organizado por el Departamento de Contralor\u00eda Social y Transparencia, en el que participaron 37 estudiantes de bachillerato y universidades con edades de 15 a 19 a\u00f1os.<\/p>\n\n\n\n<p>De acuerdo con la secretaria de la Funci\u00f3n P\u00fablica de Tlaxcala, Er\u00e9ndira Olimpia Cova Brindis, la actividad es resultado de un proyecto presentado a la Funci\u00f3n P\u00fablica federal, que asign\u00f3 recursos para la ejecuci\u00f3n del campamento. \u201cTiene que ver con la transparencia, enfocada a los j\u00f3venes con el sentido de infundirles la importancia de la participaci\u00f3n social, ya que en el futuro ellos ser\u00e1n quienes participar\u00e1n de manera activa en sus comunidades\u201d.<\/p>\n\n\n\n<p>Las actividades se desarrollaron en el Campamento \u201cLa Esperanza\u201d, donde Cova Brindis explic\u00f3 que ejercen la paridad de g\u00e9nero, \u201cdecidimos hacer la invitaci\u00f3n a los presidentes municipales para que cada uno hiciera una propuesta de un joven de su municipio que consideren que tiene alg\u00fan reconocimiento e hicimos la invitaci\u00f3n a directores de las escuelas de nivel medio superior para que nos proporcionaran a j\u00f3venes y ayudarlos en su formaci\u00f3n\u201d.<\/p>\n\n\n\n<p>Durante el primer d\u00eda de actividades, la titular de la SFP indic\u00f3 que este a\u00f1o se desarrollar\u00e1n un total de 10 acantonamientos en los que participar\u00e1n un total de 350 j\u00f3venes, a fin de reforzar en ellos los valores, principalmente la honestidad y la transparencia, adem\u00e1s de que tendr\u00e1n un reencuentro con la naturaleza.<\/p>\n\n\n\n<p>Finalmente, Cova Brindis mencion\u00f3 que tambi\u00e9n se les invita a participar en dos convocatorias sobre contralor\u00eda social y transparencia en corto, \u201cque participen con sus ideas dise\u00f1ando cortometrajes de minuto y medio, para que ellos nos hagan saber su sentir de c\u00f3mo debe ser la transparencia del gobierno respecto a los servicios y tr\u00e1mites que realizan las dependencias p\u00fablicas de gobierno\u201d.<\/p>\n\n\n\n<p>Cabe mencionar que las y los j\u00f3venes que participaron en esta actividad son de municipios de la zona oriente de la entidad, espec\u00edficamente de Huamantla, Emiliano Zapata, Terrenate, Tzompantepec y Cuaxomulco, con el objetivo de desarrollar habilidades para su crecimiento a nivel personal y comunitario.<\/p>\n\n\n\n<p>Es as\u00ed como se coordinan programan l\u00fadicos que brindan a la juventud herramientas que les permiten facilitar el proceso colaborativo y capacidad de gesti\u00f3n del conflicto; adem\u00e1s reconectan a nivel comunitario con personas de la misma edad y con la naturaleza.<\/p>\n\n\n\n<p>En las actividades estuvo la titular de la Secretar\u00eda del Bienestar Tlaxcala, Mar\u00eda Estela \u00c1lvarez Corona.<\/p>\n","protected":false},"excerpt":{"rendered":"<p>*Efectu\u00f3 el segundo \u00abCampamento J\u00f3venes Transformadores\u00bb para desarrollar habilidades para su crecimiento a nivel personal y comunitario El Gobierno del Estado, a trav\u00e9s de la Secretar\u00eda de la Funci\u00f3n P\u00fablica (SFP), realiz\u00f3 el segundo \u00abCampamento J\u00f3venes Transformadores\u00bb en el municipio de Ixtacuixtla, organizado por el Departamento de Contralor\u00eda Social y Transparencia, en el que participaron [&hellip;]<\/p>\n","protected":false},"author":1,"featured_media":94729,"comment_status":"open","ping_status":"open","sticky":false,"template":"","format":"standard","meta":{"footnotes":""},"categories":[21],"tags":[],"class_list":["post-94728","post","type-post","status-publish","format-standard","has-post-thumbnail","hentry","category-estatal"],"blog_post_layout_featured_media_urls":{"thumbnail":["https:\/\/diariolanoticia.com.mx\/wp-content\/uploads\/2022\/05\/52D06AE0-603E-442C-8626-21583F563400-216x160.jpeg",216,160,true],"full":["https:\/\/diariolanoticia.com.mx\/wp-content\/uploads\/2022\/05\/52D06AE0-603E-442C-8626-21583F563400.jpeg",1280,853,false]},"categories_names":{"21":{"name":"Estatal","link":"https:\/\/diariolanoticia.com.mx\/?cat=21"}},"tags_names":[],"comments_number":"0","wpmagazine_modules_lite_featured_media_urls":{"thumbnail":["https:\/\/diariolanoticia.com.mx\/wp-content\/uploads\/2022\/05\/52D06AE0-603E-442C-8626-21583F563400-216x160.jpeg",216,160,true],"cvmm-medium":["https:\/\/diariolanoticia.com.mx\/wp-content\/uploads\/2022\/05\/52D06AE0-603E-442C-8626-21583F563400-300x300.jpeg",300,300,true],"cvmm-medium-plus":["https:\/\/diariolanoticia.com.mx\/wp-content\/uploads\/2022\/05\/52D06AE0-603E-442C-8626-21583F563400-305x207.jpeg",305,207,true],"cvmm-portrait":["https:\/\/diariolanoticia.com.mx\/wp-content\/uploads\/2022\/05\/52D06AE0-603E-442C-8626-21583F563400-400x600.jpeg",400,600,true],"cvmm-medium-square":["https:\/\/diariolanoticia.com.mx\/wp-content\/uploads\/2022\/05\/52D06AE0-603E-442C-8626-21583F563400-600x600.jpeg",600,600,true],"cvmm-large":["https:\/\/diariolanoticia.com.mx\/wp-content\/uploads\/2022\/05\/52D06AE0-603E-442C-8626-21583F563400-1024x853.jpeg",1024,853,true],"cvmm-small":["https:\/\/diariolanoticia.com.mx\/wp-content\/uploads\/2022\/05\/52D06AE0-603E-442C-8626-21583F563400-130x95.jpeg",130,95,true],"full":["https:\/\/diariolanoticia.com.mx\/wp-content\/uploads\/2022\/05\/52D06AE0-603E-442C-8626-21583F563400.jpeg",1280,853,false]},"_links":{"self":[{"href":"https:\/\/diariolanoticia.com.mx\/index.php?rest_route=\/wp\/v2\/posts\/94728","targetHints":{"allow":["GET"]}}],"collection":[{"href":"https:\/\/diariolanoticia.com.mx\/index.php?rest_route=\/wp\/v2\/posts"}],"about":[{"href":"https:\/\/diariolanoticia.com.mx\/index.php?rest_route=\/wp\/v2\/types\/post"}],"author":[{"embeddable":true,"href":"https:\/\/diariolanoticia.com.mx\/index.php?rest_route=\/wp\/v2\/users\/1"}],"replies":[{"embeddable":true,"href":"https:\/\/diariolanoticia.com.mx\/index.php?rest_route=%2Fwp%2Fv2%2Fcomments&post=94728"}],"version-history":[{"count":1,"href":"https:\/\/diariolanoticia.com.mx\/index.php?rest_route=\/wp\/v2\/posts\/94728\/revisions"}],"predecessor-version":[{"id":94730,"href":"https:\/\/diariolanoticia.com.mx\/index.php?rest_route=\/wp\/v2\/posts\/94728\/revisions\/94730"}],"wp:featuredmedia":[{"embeddable":true,"href":"https:\/\/diariolanoticia.com.mx\/index.php?rest_route=\/wp\/v2\/media\/94729"}],"wp:attachment":[{"href":"https:\/\/diariolanoticia.com.mx\/index.php?rest_route=%2Fwp%2Fv2%2Fmedia&parent=94728"}],"wp:term":[{"taxonomy":"category","embeddable":true,"href":"https:\/\/diariolanoticia.com.mx\/index.php?rest_route=%2Fwp%2Fv2%2Fcategories&post=94728"},{"taxonomy":"post_tag","embeddable":true,"href":"https:\/\/diariolanoticia.com.mx\/index.php?rest_route=%2Fwp%2Fv2%2Ftags&post=94728"}],"curies":[{"name":"wp","href":"https:\/\/api.w.org\/{rel}","templated":true}]}}