{"id":94753,"date":"2022-05-28T19:47:34","date_gmt":"2022-05-29T00:47:34","guid":{"rendered":"https:\/\/diariolanoticia.com.mx\/?p=94753"},"modified":"2022-05-29T19:47:55","modified_gmt":"2022-05-30T00:47:55","slug":"diputado-ruben-teran-presenta-iniciativa-de-nueva-ley-organica-del-poder-legislativo","status":"publish","type":"post","link":"https:\/\/diariolanoticia.com.mx\/?p=94753","title":{"rendered":"Diputado Rub\u00e9n Ter\u00e1n presenta iniciativa de nueva Ley Org\u00e1nica del Poder Legislativo"},"content":{"rendered":"\n<p>El presidente de la Junta de Coordinaci\u00f3n y Concertaci\u00f3n Pol\u00edtica (JCCP), el Diputado Rub\u00e9n Ter\u00e1n \u00c1guila, present\u00f3 ante el Pleno del Congreso del Estado la iniciativa con proyecto de decreto para expedir nueva Ley Org\u00e1nica del Poder Legislativo de Tlaxcala, al ser un eje total en la construcci\u00f3n del Estado. &nbsp;<\/p>\n\n\n\n<p>En la m\u00e1xima tribuna tlaxcalteca, el congresista se\u00f1al\u00f3 que la presente propuesta trata de una Ley Org\u00e1nica integral que considera m\u00faltiples cambios, que habr\u00eda que realizar a los contenidos de la actual Ley Org\u00e1nica del Poder Legislativo del Estado de Tlaxcala, as\u00ed como las diversas tem\u00e1ticas a introducir derivadas de los avances democr\u00e1ticos en el Estado.<\/p>\n\n\n\n<p>En la trig\u00e9sima s\u00e9ptima sesi\u00f3n ordinaria, el parlamentario Rub\u00e9n Ter\u00e1n puntualiz\u00f3 que es necesario contribuir a un ejercicio legislativo eficaz, eficiente, profesional y din\u00e1mico, para evitar rezagos en el ejercicio parlamentario, lo que ayudar\u00e1 a que sea a trav\u00e9s de las leyes y decretos que se garantice la confianza y el equilibrio entre autoridades y gobernados.<\/p>\n\n\n\n<p>\u00abDentro de los puntos importantes que tiene esta propuesta de Ley se tocan temas como el Parlamento Abierto, el cual, es una nueva forma de interacci\u00f3n entre la ciudadan\u00eda y el Poder Legislativo que fomenta la apertura parlamentaria con el fin de garantizar la transparencia, el acceso a la informaci\u00f3n p\u00fablica, la rendici\u00f3n de cuentas, la participaci\u00f3n ciudadana y la \u00e9tica y probidad parlamentarias\u00bb, manifest\u00f3.<\/p>\n\n\n\n<p>Asimismo, el coordinador del Grupo Parlamentario del Movimiento Regeneraci\u00f3n Nacional (Morena), destac\u00f3 que hoy se cuenta con un Estado con mayor participaci\u00f3n social pol\u00edtica, con mecanismos que permiten la participaci\u00f3n ciudadana, y es necesario, que la Ley Org\u00e1nica que rige este parlamento contemple de manera contundente el Parlamento Abierto.<\/p>\n\n\n\n<p>\u00abNosotros como representantes del pueblo, no somos m\u00e1s que el v\u00ednculo de ellos para dar respuesta a las necesidades que plantea la sociedad, y en ese sentido, es que la Ley contempla este punto importante\u00bb, expres\u00f3.<\/p>\n\n\n\n<p>De igual manera, el Diputado local mencion\u00f3 que esta normativa tambi\u00e9n contempla la t\u00e9cnica legislativa, en la que se incluye un glosario de t\u00e9rminos que facilite y permita una mejor legislaci\u00f3n, as\u00ed como la efectividad legislativa; aunado a ello consider\u00f3 de gran importancia, considerar el Servicio Parlamentario de Carrera, donde dijo que \u00abno se puede improvisar en el poder legislativo\u00bb, por lo cual considera necesaria la profesionalizaci\u00f3n del servicio parlamentario.<\/p>\n\n\n\n<p>En la misma iniciativa tambi\u00e9n se considera necesario incluir los indicadores de desempe\u00f1o, como parte fundamental de la transparencia y la rendici\u00f3n de cuentas, pero sobre todo como an\u00e1lisis de evaluaci\u00f3n del desempe\u00f1o post legislativo, as\u00ed como la \u00e9tica parlamentaria; tambi\u00e9n se incluye el enfoque de g\u00e9nero, la cual dijo que es un clamor de los grupos vulnerables y que como legisladores es deber dar resultados, por ello, la Ley contempla la \u00e9tica parlamentaria, la audiencia p\u00fablica y m\u00e1s temas de actualidad y modernidad democr\u00e1tica.<\/p>\n\n\n\n<p>\u00abTenemos una Ley que pide a gritos que se le renueve\u00bb, recalc\u00f3 el asamble\u00edsta Rub\u00e9n Ter\u00e1n, por lo cual, esta iniciativa presenta distintas modificaciones que permitan manejar las funciones legislativas y parlamentarias de una manera eficaz, eficiente y que permita agilizar el trabajo de esta soberan\u00eda, as\u00ed como legitimar sus acciones.<\/p>\n","protected":false},"excerpt":{"rendered":"<p>El presidente de la Junta de Coordinaci\u00f3n y Concertaci\u00f3n Pol\u00edtica (JCCP), el Diputado Rub\u00e9n Ter\u00e1n \u00c1guila, present\u00f3 ante el Pleno del Congreso del Estado la iniciativa con proyecto de decreto para expedir nueva Ley Org\u00e1nica del Poder Legislativo de Tlaxcala, al ser un eje total en la construcci\u00f3n del Estado. &nbsp; En la m\u00e1xima tribuna [&hellip;]<\/p>\n","protected":false},"author":1,"featured_media":94754,"comment_status":"open","ping_status":"open","sticky":false,"template":"","format":"standard","meta":{"footnotes":""},"categories":[22],"tags":[],"class_list":["post-94753","post","type-post","status-publish","format-standard","has-post-thumbnail","hentry","category-congreso"],"blog_post_layout_featured_media_urls":{"thumbnail":["https:\/\/diariolanoticia.com.mx\/wp-content\/uploads\/2022\/05\/DIP.-RUBEN-TERAN-AGUILA-216x160.jpg",216,160,true],"full":["https:\/\/diariolanoticia.com.mx\/wp-content\/uploads\/2022\/05\/DIP.-RUBEN-TERAN-AGUILA.jpg",1024,682,false]},"categories_names":{"22":{"name":"Congreso","link":"https:\/\/diariolanoticia.com.mx\/?cat=22"}},"tags_names":[],"comments_number":"0","wpmagazine_modules_lite_featured_media_urls":{"thumbnail":["https:\/\/diariolanoticia.com.mx\/wp-content\/uploads\/2022\/05\/DIP.-RUBEN-TERAN-AGUILA-216x160.jpg",216,160,true],"cvmm-medium":["https:\/\/diariolanoticia.com.mx\/wp-content\/uploads\/2022\/05\/DIP.-RUBEN-TERAN-AGUILA-300x300.jpg",300,300,true],"cvmm-medium-plus":["https:\/\/diariolanoticia.com.mx\/wp-content\/uploads\/2022\/05\/DIP.-RUBEN-TERAN-AGUILA-305x207.jpg",305,207,true],"cvmm-portrait":["https:\/\/diariolanoticia.com.mx\/wp-content\/uploads\/2022\/05\/DIP.-RUBEN-TERAN-AGUILA-400x600.jpg",400,600,true],"cvmm-medium-square":["https:\/\/diariolanoticia.com.mx\/wp-content\/uploads\/2022\/05\/DIP.-RUBEN-TERAN-AGUILA-600x600.jpg",600,600,true],"cvmm-large":["https:\/\/diariolanoticia.com.mx\/wp-content\/uploads\/2022\/05\/DIP.-RUBEN-TERAN-AGUILA.jpg",1024,682,false],"cvmm-small":["https:\/\/diariolanoticia.com.mx\/wp-content\/uploads\/2022\/05\/DIP.-RUBEN-TERAN-AGUILA-130x95.jpg",130,95,true],"full":["https:\/\/diariolanoticia.com.mx\/wp-content\/uploads\/2022\/05\/DIP.-RUBEN-TERAN-AGUILA.jpg",1024,682,false]},"_links":{"self":[{"href":"https:\/\/diariolanoticia.com.mx\/index.php?rest_route=\/wp\/v2\/posts\/94753","targetHints":{"allow":["GET"]}}],"collection":[{"href":"https:\/\/diariolanoticia.com.mx\/index.php?rest_route=\/wp\/v2\/posts"}],"about":[{"href":"https:\/\/diariolanoticia.com.mx\/index.php?rest_route=\/wp\/v2\/types\/post"}],"author":[{"embeddable":true,"href":"https:\/\/diariolanoticia.com.mx\/index.php?rest_route=\/wp\/v2\/users\/1"}],"replies":[{"embeddable":true,"href":"https:\/\/diariolanoticia.com.mx\/index.php?rest_route=%2Fwp%2Fv2%2Fcomments&post=94753"}],"version-history":[{"count":1,"href":"https:\/\/diariolanoticia.com.mx\/index.php?rest_route=\/wp\/v2\/posts\/94753\/revisions"}],"predecessor-version":[{"id":94755,"href":"https:\/\/diariolanoticia.com.mx\/index.php?rest_route=\/wp\/v2\/posts\/94753\/revisions\/94755"}],"wp:featuredmedia":[{"embeddable":true,"href":"https:\/\/diariolanoticia.com.mx\/index.php?rest_route=\/wp\/v2\/media\/94754"}],"wp:attachment":[{"href":"https:\/\/diariolanoticia.com.mx\/index.php?rest_route=%2Fwp%2Fv2%2Fmedia&parent=94753"}],"wp:term":[{"taxonomy":"category","embeddable":true,"href":"https:\/\/diariolanoticia.com.mx\/index.php?rest_route=%2Fwp%2Fv2%2Fcategories&post=94753"},{"taxonomy":"post_tag","embeddable":true,"href":"https:\/\/diariolanoticia.com.mx\/index.php?rest_route=%2Fwp%2Fv2%2Ftags&post=94753"}],"curies":[{"name":"wp","href":"https:\/\/api.w.org\/{rel}","templated":true}]}}