{"id":94768,"date":"2022-05-30T09:06:14","date_gmt":"2022-05-30T14:06:14","guid":{"rendered":"https:\/\/diariolanoticia.com.mx\/?p=94768"},"modified":"2022-05-30T09:06:15","modified_gmt":"2022-05-30T14:06:15","slug":"ruben-teran-inaugura-el-taller-de-oratoria-y-debate-politico-en-el-congreso-de-tlaxcala","status":"publish","type":"post","link":"https:\/\/diariolanoticia.com.mx\/?p=94768","title":{"rendered":"Rub\u00e9n Ter\u00e1n inaugura el Taller de Oratoria y Debate Pol\u00edtico en el Congreso de Tlaxcala"},"content":{"rendered":"\n<p>Tlaxcala, Tlax., a 30 de mayo de 2022<\/p>\n\n\n\n<p>\u00abSolamente a trav\u00e9s de la palabra, como lo demuestra la historia, podemos seguir cultivando nuestra cultura\u00bb, expres\u00f3 el presidente de la Junta de Coordinaci\u00f3n y Concertaci\u00f3n Pol\u00edtica (JCCP) del Congreso del Estado, el Diputado Rub\u00e9n Ter\u00e1n \u00c1guila, al inaugurar el Taller de Oratoria y Debate Pol\u00edtico.<\/p>\n\n\n\n<p>Ante un importante aforo en el Patio Vitral del Poder Legislativo, el congresista puntualiz\u00f3 que la oratoria va m\u00e1s all\u00e1 de hablar bonito, porque conlleva una alta responsabilidad, as\u00ed que la intenci\u00f3n de hacer este taller abierto y libre, obedece como debe ser el pensamiento.<\/p>\n\n\n\n<p>\u00abSean bienvenidos a la casa del pueblo de Tlaxcala, donde las ideas, el pensamiento y la palabra fluye de manera natural en el Congreso del Estado\u00bb, destac\u00f3, al tiempo que manifest\u00f3 que existen mujeres y hombres brillantes que por el miedo a hablar no deslumbran con esa genialidad que tienen, adem\u00e1s, puntualiz\u00f3 que solamente a trav\u00e9s de la palabra, como lo demuestra la historia podemos seguir cultivando nuestra cultura y compartiendo nuestras vivencias.<\/p>\n\n\n\n<p>En su mensaje, el presidente de la Fundaci\u00f3n Cultural Jos\u00e9 Mu\u00f1oz Cota Iba\u00f1ez A.C, Carlos Francisco Aquino L\u00f3pez, expres\u00f3 a las y los presentes que seguramente al terminar estos espacios no ser\u00e1n los mismos.<\/p>\n\n\n\n<p>\u00abDecirles que vamos a disfrutar este taller, vamos a vivirlo, vamos a dejar que nuestros ponentes nos den la mano y nosotros dejarnos guiar porque estoy seguro, sin temor a equivocarnos, nos va a ser muy \u00fatil para la vida diaria y los va a hacer personas de bien\u00bb.<\/p>\n\n\n\n<p>Explic\u00f3 que estos espacios culturales se desarrollar\u00e1n todos los viernes del mes de junio y julio, se contar\u00e1 con la presencia de oradores de talla nacional e internacional, y resalt\u00f3 que son pocos los Congresos de la Rep\u00fablica que hacen un trabajo como este, porque se requiere el amor a la palabra, a la tribuna, el amor a la verdad, a la sabidur\u00eda y a la ret\u00f3rica, que es la obrera de la persuasi\u00f3n.<\/p>\n\n\n\n<p>En la primera sesi\u00f3n se cont\u00f3 con la presencia del orador Jos\u00e9 Francisco Morelos, quien reconoci\u00f3 al Diputado Rub\u00e9n Ter\u00e1n \u00c1guila, a la Fundaci\u00f3n Cultural Jos\u00e9 Mu\u00f1oz Cota Iba\u00f1ez A.C, y a la Fundaci\u00f3n Reforma Ideol\u00f3gica A.C, por hacer posible este tipo de espacios para difundir el cari\u00f1o y el afecto en las letras.<\/p>\n\n\n\n<p>En M\u00e9xico es muy complicado asistir a un taller de oratoria donde lleguen personajes expertos en la materia de diferentes partes del pa\u00eds, pero el maestro Carlos Aquino ha dado talleres a nivel internacional y existe un foro de oratoria latinoamericano, que le ha permitido traer oradores de otros pa\u00edses y lo que se busca, es hacer llegar a esos grandes oradores a las y los tlaxcaltecas interesados.<\/p>\n\n\n\n<p>Las pr\u00f3ximas sesiones ser\u00e1n los d\u00edas viernes 3, 10, 17 y 24 de junio y 1, 8, 15 y 22 de julio a partir de las 16:00 a 18:00 horas, mientras que la clausura se dar\u00e1 el 29 de ese mismo mes; enfocados en t\u00e9cnicas para hablar en p\u00fablico, el discurso y su importancia, estructura del discurso, tipos de discurso (pol\u00edtico, parlamentario, sindical y acad\u00e9mico), comunicaci\u00f3n pol\u00edtica, oratoria del siglo XXI y debate pol\u00edtico.<\/p>\n\n\n\n<p>Tal como lo hizo en la C\u00e1mara de la Uni\u00f3n cuando fungi\u00f3 como Diputado Federal con el Taller de Oratoria y Debate Parlamentario \u00abPorfirio Mu\u00f1oz Ledo\u00bb, ahora como presidente de la JCCP del Poder Legislativo, Rub\u00e9n Ter\u00e1n, contin\u00faa difundiendo la oratoria, pues para \u00e9l, el hombre y la mujer son su palabra, y solo los que obran mal temen a los que hablan bien, y siempre, la humanidad ha hablado mejor cuando se le proporcionan las herramientas necesarias.<\/p>\n","protected":false},"excerpt":{"rendered":"<p>Tlaxcala, Tlax., a 30 de mayo de 2022 \u00abSolamente a trav\u00e9s de la palabra, como lo demuestra la historia, podemos seguir cultivando nuestra cultura\u00bb, expres\u00f3 el presidente de la Junta de Coordinaci\u00f3n y Concertaci\u00f3n Pol\u00edtica (JCCP) del Congreso del Estado, el Diputado Rub\u00e9n Ter\u00e1n \u00c1guila, al inaugurar el Taller de Oratoria y Debate Pol\u00edtico. Ante [&hellip;]<\/p>\n","protected":false},"author":1,"featured_media":94769,"comment_status":"open","ping_status":"open","sticky":false,"template":"","format":"standard","meta":{"footnotes":""},"categories":[22],"tags":[],"class_list":["post-94768","post","type-post","status-publish","format-standard","has-post-thumbnail","hentry","category-congreso"],"blog_post_layout_featured_media_urls":{"thumbnail":["https:\/\/diariolanoticia.com.mx\/wp-content\/uploads\/2022\/05\/TALLER-DE-ORATORIA-1-216x160.jpeg",216,160,true],"full":["https:\/\/diariolanoticia.com.mx\/wp-content\/uploads\/2022\/05\/TALLER-DE-ORATORIA-1.jpeg",1024,682,false]},"categories_names":{"22":{"name":"Congreso","link":"https:\/\/diariolanoticia.com.mx\/?cat=22"}},"tags_names":[],"comments_number":"0","wpmagazine_modules_lite_featured_media_urls":{"thumbnail":["https:\/\/diariolanoticia.com.mx\/wp-content\/uploads\/2022\/05\/TALLER-DE-ORATORIA-1-216x160.jpeg",216,160,true],"cvmm-medium":["https:\/\/diariolanoticia.com.mx\/wp-content\/uploads\/2022\/05\/TALLER-DE-ORATORIA-1-300x300.jpeg",300,300,true],"cvmm-medium-plus":["https:\/\/diariolanoticia.com.mx\/wp-content\/uploads\/2022\/05\/TALLER-DE-ORATORIA-1-305x207.jpeg",305,207,true],"cvmm-portrait":["https:\/\/diariolanoticia.com.mx\/wp-content\/uploads\/2022\/05\/TALLER-DE-ORATORIA-1-400x600.jpeg",400,600,true],"cvmm-medium-square":["https:\/\/diariolanoticia.com.mx\/wp-content\/uploads\/2022\/05\/TALLER-DE-ORATORIA-1-600x600.jpeg",600,600,true],"cvmm-large":["https:\/\/diariolanoticia.com.mx\/wp-content\/uploads\/2022\/05\/TALLER-DE-ORATORIA-1.jpeg",1024,682,false],"cvmm-small":["https:\/\/diariolanoticia.com.mx\/wp-content\/uploads\/2022\/05\/TALLER-DE-ORATORIA-1-130x95.jpeg",130,95,true],"full":["https:\/\/diariolanoticia.com.mx\/wp-content\/uploads\/2022\/05\/TALLER-DE-ORATORIA-1.jpeg",1024,682,false]},"_links":{"self":[{"href":"https:\/\/diariolanoticia.com.mx\/index.php?rest_route=\/wp\/v2\/posts\/94768","targetHints":{"allow":["GET"]}}],"collection":[{"href":"https:\/\/diariolanoticia.com.mx\/index.php?rest_route=\/wp\/v2\/posts"}],"about":[{"href":"https:\/\/diariolanoticia.com.mx\/index.php?rest_route=\/wp\/v2\/types\/post"}],"author":[{"embeddable":true,"href":"https:\/\/diariolanoticia.com.mx\/index.php?rest_route=\/wp\/v2\/users\/1"}],"replies":[{"embeddable":true,"href":"https:\/\/diariolanoticia.com.mx\/index.php?rest_route=%2Fwp%2Fv2%2Fcomments&post=94768"}],"version-history":[{"count":1,"href":"https:\/\/diariolanoticia.com.mx\/index.php?rest_route=\/wp\/v2\/posts\/94768\/revisions"}],"predecessor-version":[{"id":94770,"href":"https:\/\/diariolanoticia.com.mx\/index.php?rest_route=\/wp\/v2\/posts\/94768\/revisions\/94770"}],"wp:featuredmedia":[{"embeddable":true,"href":"https:\/\/diariolanoticia.com.mx\/index.php?rest_route=\/wp\/v2\/media\/94769"}],"wp:attachment":[{"href":"https:\/\/diariolanoticia.com.mx\/index.php?rest_route=%2Fwp%2Fv2%2Fmedia&parent=94768"}],"wp:term":[{"taxonomy":"category","embeddable":true,"href":"https:\/\/diariolanoticia.com.mx\/index.php?rest_route=%2Fwp%2Fv2%2Fcategories&post=94768"},{"taxonomy":"post_tag","embeddable":true,"href":"https:\/\/diariolanoticia.com.mx\/index.php?rest_route=%2Fwp%2Fv2%2Ftags&post=94768"}],"curies":[{"name":"wp","href":"https:\/\/api.w.org\/{rel}","templated":true}]}}