{"id":94935,"date":"2022-05-31T20:06:34","date_gmt":"2022-06-01T01:06:34","guid":{"rendered":"https:\/\/diariolanoticia.com.mx\/?p=94935"},"modified":"2022-05-31T20:06:35","modified_gmt":"2022-06-01T01:06:35","slug":"participan-autoridades-educativas-y-padres-de-familia-en-asamblea-territorial","status":"publish","type":"post","link":"https:\/\/diariolanoticia.com.mx\/?p=94935","title":{"rendered":"Participan autoridades educativas y padres de familia en asamblea territorial"},"content":{"rendered":"\n<p>*Se cumpli\u00f3 con el prop\u00f3sito de dar seguimiento al Plan Sectorial de Educaci\u00f3n en la Secundaria T\u00e9cnica 14 de Tetla<\/p>\n\n\n\n<p>Autoridades de la Secretar\u00eda de Educaci\u00f3n P\u00fablica del Estado (SEPE), personal del ayuntamiento de Tetla de la Solidaridad, directivos, docentes y padres de familia de la Secundaria T\u00e9cnica n\u00famero 14 \u201cGeneral Domingo Arenas\u201d, participaron en la Asamblea Territorial con el prop\u00f3sito de dar seguimiento al Plan Sectorial de Educaci\u00f3n.<\/p>\n\n\n\n<p>El director de la instituci\u00f3n sede, Juan Santacruz Rend\u00f3n resalt\u00f3 la importancia de la participaci\u00f3n de las autoridades educativas, municipales, figuras educativas y padres de familia, pues s\u00f3lo de manera conjunta se realizar\u00e1n aportaciones valiosas para la educaci\u00f3n de las y los adolescentes.<\/p>\n\n\n\n<p>La asamblea tiene como prop\u00f3sito difundir el Nuevo Modelo Educativo Tlaxcalteca (NUMET) para generar una participaci\u00f3n en las y los docentes con la sociedad en general, a fin de establecer estrategias que permitan avanzar en la educaci\u00f3n para solucionar las diferentes necesidades que presenta la comunidad escolar.<\/p>\n\n\n\n<p>\u201cPor instrucciones del secretario de Educaci\u00f3n, Homero Meneses Hern\u00e1ndez, se realizan las asambleas territoriales con el objetivo de lograr una participaci\u00f3n activa y una retroalimentaci\u00f3n que nos permita sumar voluntades, replantear objetivos y sobre todo mejorar la educaci\u00f3n de las y los j\u00f3venes que son el futuro del estado y del pa\u00eds\u201d, mencion\u00f3.<\/p>\n\n\n\n<p>En representaci\u00f3n del ayuntamiento de Tetla de la Solidaridad, la directora de Cultura y Educaci\u00f3n, Marlene Montserrat Balderas Barrio resalt\u00f3 el esfuerzo, empe\u00f1o y dedicaci\u00f3n del secretario de Educaci\u00f3n, Homero Meneses, por generar un trabajo colaborativo que permita sumar acciones a favor de la educaci\u00f3n.<\/p>\n\n\n\n<p>Por su parte, los integrantes de la mesa t\u00e9cnico-pedag\u00f3gica de secundarias t\u00e9cnicas, Maril\u00fa Netz\u00e1huatl Mu\u00f1oz y Manuel Lima Meza afirmaron que la asamblea territorial contribuye a la mejora educativa de la escuela, no solamente de manera f\u00edsica sino tambi\u00e9n a trav\u00e9s de estrategias pedag\u00f3gicas y modelos educativos que permitan fortalecer y mejorar los aprendizajes de las y los j\u00f3venes.<\/p>\n\n\n\n<p>\u201cComo entes participativos activos en la educaci\u00f3n seguiremos trabajando para dar seguimiento al Plan Sectorial de Educaci\u00f3n, a fin de lograr un gran beneficio en la educaci\u00f3n de los alumnos, porque se van solucionando problem\u00e1ticas comunes, lo que va fortaleciendo a la comunidad estudiantil\u201d, finalizaron.<\/p>\n","protected":false},"excerpt":{"rendered":"<p>*Se cumpli\u00f3 con el prop\u00f3sito de dar seguimiento al Plan Sectorial de Educaci\u00f3n en la Secundaria T\u00e9cnica 14 de Tetla Autoridades de la Secretar\u00eda de Educaci\u00f3n P\u00fablica del Estado (SEPE), personal del ayuntamiento de Tetla de la Solidaridad, directivos, docentes y padres de familia de la Secundaria T\u00e9cnica n\u00famero 14 \u201cGeneral Domingo Arenas\u201d, participaron en [&hellip;]<\/p>\n","protected":false},"author":1,"featured_media":94936,"comment_status":"open","ping_status":"open","sticky":false,"template":"","format":"standard","meta":{"footnotes":""},"categories":[10],"tags":[],"class_list":["post-94935","post","type-post","status-publish","format-standard","has-post-thumbnail","hentry","category-educacion"],"blog_post_layout_featured_media_urls":{"thumbnail":["https:\/\/diariolanoticia.com.mx\/wp-content\/uploads\/2022\/05\/WhatsApp-Image-2022-05-31-at-6.08.34-PM-1-216x160.jpeg",216,160,true],"full":["https:\/\/diariolanoticia.com.mx\/wp-content\/uploads\/2022\/05\/WhatsApp-Image-2022-05-31-at-6.08.34-PM-1.jpeg",1280,960,false]},"categories_names":{"10":{"name":"Educaci\u00f3n","link":"https:\/\/diariolanoticia.com.mx\/?cat=10"}},"tags_names":[],"comments_number":"0","wpmagazine_modules_lite_featured_media_urls":{"thumbnail":["https:\/\/diariolanoticia.com.mx\/wp-content\/uploads\/2022\/05\/WhatsApp-Image-2022-05-31-at-6.08.34-PM-1-216x160.jpeg",216,160,true],"cvmm-medium":["https:\/\/diariolanoticia.com.mx\/wp-content\/uploads\/2022\/05\/WhatsApp-Image-2022-05-31-at-6.08.34-PM-1-300x300.jpeg",300,300,true],"cvmm-medium-plus":["https:\/\/diariolanoticia.com.mx\/wp-content\/uploads\/2022\/05\/WhatsApp-Image-2022-05-31-at-6.08.34-PM-1-305x207.jpeg",305,207,true],"cvmm-portrait":["https:\/\/diariolanoticia.com.mx\/wp-content\/uploads\/2022\/05\/WhatsApp-Image-2022-05-31-at-6.08.34-PM-1-400x600.jpeg",400,600,true],"cvmm-medium-square":["https:\/\/diariolanoticia.com.mx\/wp-content\/uploads\/2022\/05\/WhatsApp-Image-2022-05-31-at-6.08.34-PM-1-600x600.jpeg",600,600,true],"cvmm-large":["https:\/\/diariolanoticia.com.mx\/wp-content\/uploads\/2022\/05\/WhatsApp-Image-2022-05-31-at-6.08.34-PM-1-1024x960.jpeg",1024,960,true],"cvmm-small":["https:\/\/diariolanoticia.com.mx\/wp-content\/uploads\/2022\/05\/WhatsApp-Image-2022-05-31-at-6.08.34-PM-1-130x95.jpeg",130,95,true],"full":["https:\/\/diariolanoticia.com.mx\/wp-content\/uploads\/2022\/05\/WhatsApp-Image-2022-05-31-at-6.08.34-PM-1.jpeg",1280,960,false]},"_links":{"self":[{"href":"https:\/\/diariolanoticia.com.mx\/index.php?rest_route=\/wp\/v2\/posts\/94935","targetHints":{"allow":["GET"]}}],"collection":[{"href":"https:\/\/diariolanoticia.com.mx\/index.php?rest_route=\/wp\/v2\/posts"}],"about":[{"href":"https:\/\/diariolanoticia.com.mx\/index.php?rest_route=\/wp\/v2\/types\/post"}],"author":[{"embeddable":true,"href":"https:\/\/diariolanoticia.com.mx\/index.php?rest_route=\/wp\/v2\/users\/1"}],"replies":[{"embeddable":true,"href":"https:\/\/diariolanoticia.com.mx\/index.php?rest_route=%2Fwp%2Fv2%2Fcomments&post=94935"}],"version-history":[{"count":1,"href":"https:\/\/diariolanoticia.com.mx\/index.php?rest_route=\/wp\/v2\/posts\/94935\/revisions"}],"predecessor-version":[{"id":94937,"href":"https:\/\/diariolanoticia.com.mx\/index.php?rest_route=\/wp\/v2\/posts\/94935\/revisions\/94937"}],"wp:featuredmedia":[{"embeddable":true,"href":"https:\/\/diariolanoticia.com.mx\/index.php?rest_route=\/wp\/v2\/media\/94936"}],"wp:attachment":[{"href":"https:\/\/diariolanoticia.com.mx\/index.php?rest_route=%2Fwp%2Fv2%2Fmedia&parent=94935"}],"wp:term":[{"taxonomy":"category","embeddable":true,"href":"https:\/\/diariolanoticia.com.mx\/index.php?rest_route=%2Fwp%2Fv2%2Fcategories&post=94935"},{"taxonomy":"post_tag","embeddable":true,"href":"https:\/\/diariolanoticia.com.mx\/index.php?rest_route=%2Fwp%2Fv2%2Ftags&post=94935"}],"curies":[{"name":"wp","href":"https:\/\/api.w.org\/{rel}","templated":true}]}}