{"id":94940,"date":"2022-06-01T09:50:35","date_gmt":"2022-06-01T14:50:35","guid":{"rendered":"https:\/\/diariolanoticia.com.mx\/?p=94940"},"modified":"2022-06-01T09:50:36","modified_gmt":"2022-06-01T14:50:36","slug":"imparten-foro-la-conciliacion-pilar-fundamental-de-la-reforma-laboral-en-el-tsje","status":"publish","type":"post","link":"https:\/\/diariolanoticia.com.mx\/?p=94940","title":{"rendered":"Imparten foro \u00abLa conciliaci\u00f3n: Pilar fundamental de la Reforma Laboral\u00bb, en el TSJE"},"content":{"rendered":"\n<p>Como parte de las acciones para conmemorar el mes del D\u00eda del Trabajo, y resultado de la efectiva vinculaci\u00f3n entre los Poderes Ejecutivo y Judicial, se imparti\u00f3 el foro \u00abLa conciliaci\u00f3n: Pilar fundamental de la Reforma Laboral\u00bb, a personal jurisdiccional, de los Centros de Conciliaci\u00f3n Laboral Estatal y Federal, y p\u00fablico interesado en el tema.<br>En el acto inaugural, la Magistrada Presidenta del Tribunal Superior de Justicia y del Consejo de la Judicatura del Estado (TSJ-CJE), Mary Cruz Cort\u00e9s Ornelas, destac\u00f3 la coordinaci\u00f3n que existe entre los Poderes Ejecutivo y Judicial, pues ello, permiti\u00f3 generar este foro con el Secretario del Trabajo y Competitividad del Gobierno del Estado de Tlaxcala, Alberto Ignacio L\u00f3pez S\u00e1nchez.<br>En su mensaje, Mary Cruz Cort\u00e9s Ornelas, explic\u00f3 que la conciliaci\u00f3n constituye la instancia previa a la v\u00eda jurisdiccional, en la atenci\u00f3n y resoluci\u00f3n de los conflictos entre trabajadores y patrones, y as\u00ed, cumplir con lo mandatado por la constituci\u00f3n federal, en su Reforma de 2017, con la que se crearon los Centros de Conciliaci\u00f3n locales y federales.<br>Refiri\u00f3 que dichos Centros, adquirieron, con la Reforma, la figura de organismos p\u00fablicos descentralizados con personalidad jur\u00eddica y patrimonio propio, pues se les dot\u00f3 de autonom\u00eda en todos los sentidos.<br>Destac\u00f3 que los conciliadores de los centros locales y federales, tienen los conocimientos y las herramientas para el manejo de diferentes circunstancias en relaciones individuales y colectivas del trabajo, que son de gran utilidad para el manejo de expectativas de las partes y sobre todo cuando hay amenaza de huelga. \u00ab\u00c9ste hecho contribuye a un actuar eficiente y eficaz de los Centros, como el acceso pronto, efectivo y expedito de la justicia en la resoluci\u00f3n de los conflictos laborales\u00bb.<br>El foro fue moderado por la Jueza de lo Laboral, Mar\u00eda de Lourdes Parra Carreto, quien present\u00f3 a los ponentes, Ruth Ojeda Carreto, Directora del Centro Federal de Conciliaci\u00f3n y Registro Laboral en el estado de Tlaxcala; Jos\u00e9 Badillo Montiel, Director General del Centro Laboral en el estado de Tlaxcala; y Miguel S\u00e1nchez Ram\u00edrez, subdirector jur\u00eddico de la Secretar\u00eda del Gobierno del Estado de Tlaxcala.<br>A las ponencias, acudieron Magistradas, Magistrados, personal jurisdiccional y trabajadores de la Secretar\u00eda del Trabajo y Competitividad del Gobierno del Estado de Tlaxcala.<\/p>\n","protected":false},"excerpt":{"rendered":"<p>Como parte de las acciones para conmemorar el mes del D\u00eda del Trabajo, y resultado de la efectiva vinculaci\u00f3n entre los Poderes Ejecutivo y Judicial, se imparti\u00f3 el foro \u00abLa conciliaci\u00f3n: Pilar fundamental de la Reforma Laboral\u00bb, a personal jurisdiccional, de los Centros de Conciliaci\u00f3n Laboral Estatal y Federal, y p\u00fablico interesado en el tema.En [&hellip;]<\/p>\n","protected":false},"author":1,"featured_media":94941,"comment_status":"open","ping_status":"open","sticky":false,"template":"","format":"standard","meta":{"footnotes":""},"categories":[21],"tags":[],"class_list":["post-94940","post","type-post","status-publish","format-standard","has-post-thumbnail","hentry","category-estatal"],"blog_post_layout_featured_media_urls":{"thumbnail":["https:\/\/diariolanoticia.com.mx\/wp-content\/uploads\/2022\/06\/WhatsApp-Image-2022-05-31-at-8.18.44-PM-1-216x160.jpeg",216,160,true],"full":["https:\/\/diariolanoticia.com.mx\/wp-content\/uploads\/2022\/06\/WhatsApp-Image-2022-05-31-at-8.18.44-PM-1.jpeg",1280,853,false]},"categories_names":{"21":{"name":"Estatal","link":"https:\/\/diariolanoticia.com.mx\/?cat=21"}},"tags_names":[],"comments_number":"0","wpmagazine_modules_lite_featured_media_urls":{"thumbnail":["https:\/\/diariolanoticia.com.mx\/wp-content\/uploads\/2022\/06\/WhatsApp-Image-2022-05-31-at-8.18.44-PM-1-216x160.jpeg",216,160,true],"cvmm-medium":["https:\/\/diariolanoticia.com.mx\/wp-content\/uploads\/2022\/06\/WhatsApp-Image-2022-05-31-at-8.18.44-PM-1-300x300.jpeg",300,300,true],"cvmm-medium-plus":["https:\/\/diariolanoticia.com.mx\/wp-content\/uploads\/2022\/06\/WhatsApp-Image-2022-05-31-at-8.18.44-PM-1-305x207.jpeg",305,207,true],"cvmm-portrait":["https:\/\/diariolanoticia.com.mx\/wp-content\/uploads\/2022\/06\/WhatsApp-Image-2022-05-31-at-8.18.44-PM-1-400x600.jpeg",400,600,true],"cvmm-medium-square":["https:\/\/diariolanoticia.com.mx\/wp-content\/uploads\/2022\/06\/WhatsApp-Image-2022-05-31-at-8.18.44-PM-1-600x600.jpeg",600,600,true],"cvmm-large":["https:\/\/diariolanoticia.com.mx\/wp-content\/uploads\/2022\/06\/WhatsApp-Image-2022-05-31-at-8.18.44-PM-1-1024x853.jpeg",1024,853,true],"cvmm-small":["https:\/\/diariolanoticia.com.mx\/wp-content\/uploads\/2022\/06\/WhatsApp-Image-2022-05-31-at-8.18.44-PM-1-130x95.jpeg",130,95,true],"full":["https:\/\/diariolanoticia.com.mx\/wp-content\/uploads\/2022\/06\/WhatsApp-Image-2022-05-31-at-8.18.44-PM-1.jpeg",1280,853,false]},"_links":{"self":[{"href":"https:\/\/diariolanoticia.com.mx\/index.php?rest_route=\/wp\/v2\/posts\/94940","targetHints":{"allow":["GET"]}}],"collection":[{"href":"https:\/\/diariolanoticia.com.mx\/index.php?rest_route=\/wp\/v2\/posts"}],"about":[{"href":"https:\/\/diariolanoticia.com.mx\/index.php?rest_route=\/wp\/v2\/types\/post"}],"author":[{"embeddable":true,"href":"https:\/\/diariolanoticia.com.mx\/index.php?rest_route=\/wp\/v2\/users\/1"}],"replies":[{"embeddable":true,"href":"https:\/\/diariolanoticia.com.mx\/index.php?rest_route=%2Fwp%2Fv2%2Fcomments&post=94940"}],"version-history":[{"count":1,"href":"https:\/\/diariolanoticia.com.mx\/index.php?rest_route=\/wp\/v2\/posts\/94940\/revisions"}],"predecessor-version":[{"id":94942,"href":"https:\/\/diariolanoticia.com.mx\/index.php?rest_route=\/wp\/v2\/posts\/94940\/revisions\/94942"}],"wp:featuredmedia":[{"embeddable":true,"href":"https:\/\/diariolanoticia.com.mx\/index.php?rest_route=\/wp\/v2\/media\/94941"}],"wp:attachment":[{"href":"https:\/\/diariolanoticia.com.mx\/index.php?rest_route=%2Fwp%2Fv2%2Fmedia&parent=94940"}],"wp:term":[{"taxonomy":"category","embeddable":true,"href":"https:\/\/diariolanoticia.com.mx\/index.php?rest_route=%2Fwp%2Fv2%2Fcategories&post=94940"},{"taxonomy":"post_tag","embeddable":true,"href":"https:\/\/diariolanoticia.com.mx\/index.php?rest_route=%2Fwp%2Fv2%2Ftags&post=94940"}],"curies":[{"name":"wp","href":"https:\/\/api.w.org\/{rel}","templated":true}]}}