{"id":95053,"date":"2022-06-02T12:35:18","date_gmt":"2022-06-02T17:35:18","guid":{"rendered":"https:\/\/diariolanoticia.com.mx\/?p=95053"},"modified":"2022-06-02T12:35:19","modified_gmt":"2022-06-02T17:35:19","slug":"designa-mbh-a-america-rosas-tapia-como-secretaria-de-igualdad-sustantiva","status":"publish","type":"post","link":"https:\/\/diariolanoticia.com.mx\/?p=95053","title":{"rendered":"Designa MBH a Am\u00e9rica Rosas Tapia como Secretaria de Igualdad Sustantiva"},"content":{"rendered":"\n<p>\u25aa\ufe0f Desde 2019 fungi\u00f3 como subsecretaria de Educaci\u00f3n Superior del Gobierno del Estado<\/p>\n\n\n\n<p>CIUDAD DE PUEBLA, Pue. &#8211; El gobernador Miguel Barbosa Huerta design\u00f3 a Am\u00e9rica Rosas Tapia como titular de la Secretar\u00eda de Igualdad Sustantiva.<\/p>\n\n\n\n<p>Derivado de su amplia trayectoria en el sector educativo, Rosas Tapia fungi\u00f3 como subsecretaria de Educaci\u00f3n Superior del Gobierno del Estado.<\/p>\n\n\n\n<p>Como egresada de la Facultad de Administraci\u00f3n de la Benem\u00e9rita Universidad Aut\u00f3noma de Puebla (BUAP), la nueva titular de la Secretar\u00eda de Igualdad Sustantiva realiz\u00f3 una importante labor para el programa de Regionalizaci\u00f3n de dicha instituci\u00f3n, el cual tuvo como objetivo acercar la formaci\u00f3n universitaria a aquellos estudiantes de los municipios m\u00e1s alejados de la capital.<\/p>\n\n\n\n<p>Asimismo, fue coordinadora general de las unidades regionales de Chiautla de Tapia y Atlixco, as\u00ed como secretaria administrativa del Complejo Regional de la Mixteca, el cual incorpor\u00f3 las unidades acad\u00e9micas de los municipios mencionados y de Iz\u00facar de Matamoros.<\/p>\n\n\n\n<p>Am\u00e9rica Rosas Tapia cuenta con una maestr\u00eda en Administraci\u00f3n y Gesti\u00f3n de Instituciones Educativas, una carrera subprofesional en idioma ingl\u00e9s, adem\u00e1s de ser doctorante en Administraci\u00f3n P\u00fablica por el Instituto de Administraci\u00f3n P\u00fablica del Estado de Puebla A.C.<\/p>\n","protected":false},"excerpt":{"rendered":"<p>\u25aa\ufe0f Desde 2019 fungi\u00f3 como subsecretaria de Educaci\u00f3n Superior del Gobierno del Estado CIUDAD DE PUEBLA, Pue. &#8211; El gobernador Miguel Barbosa Huerta design\u00f3 a Am\u00e9rica Rosas Tapia como titular de la Secretar\u00eda de Igualdad Sustantiva. Derivado de su amplia trayectoria en el sector educativo, Rosas Tapia fungi\u00f3 como subsecretaria de Educaci\u00f3n Superior del Gobierno [&hellip;]<\/p>\n","protected":false},"author":1,"featured_media":95052,"comment_status":"open","ping_status":"open","sticky":false,"template":"","format":"standard","meta":{"footnotes":""},"categories":[20],"tags":[52],"class_list":["post-95053","post","type-post","status-publish","format-standard","has-post-thumbnail","hentry","category-norte-de-puebla","tag-puebla"],"blog_post_layout_featured_media_urls":{"thumbnail":["https:\/\/diariolanoticia.com.mx\/wp-content\/uploads\/2022\/06\/img_1878-216x160.jpg",216,160,true],"full":["https:\/\/diariolanoticia.com.mx\/wp-content\/uploads\/2022\/06\/img_1878.jpg",1500,1000,false]},"categories_names":{"20":{"name":"Norte de Puebla","link":"https:\/\/diariolanoticia.com.mx\/?cat=20"}},"tags_names":{"52":{"name":"Puebla","link":"https:\/\/diariolanoticia.com.mx\/?tag=puebla"}},"comments_number":"0","wpmagazine_modules_lite_featured_media_urls":{"thumbnail":["https:\/\/diariolanoticia.com.mx\/wp-content\/uploads\/2022\/06\/img_1878-216x160.jpg",216,160,true],"cvmm-medium":["https:\/\/diariolanoticia.com.mx\/wp-content\/uploads\/2022\/06\/img_1878-300x300.jpg",300,300,true],"cvmm-medium-plus":["https:\/\/diariolanoticia.com.mx\/wp-content\/uploads\/2022\/06\/img_1878-305x207.jpg",305,207,true],"cvmm-portrait":["https:\/\/diariolanoticia.com.mx\/wp-content\/uploads\/2022\/06\/img_1878-400x600.jpg",400,600,true],"cvmm-medium-square":["https:\/\/diariolanoticia.com.mx\/wp-content\/uploads\/2022\/06\/img_1878-600x600.jpg",600,600,true],"cvmm-large":["https:\/\/diariolanoticia.com.mx\/wp-content\/uploads\/2022\/06\/img_1878-1024x1000.jpg",1024,1000,true],"cvmm-small":["https:\/\/diariolanoticia.com.mx\/wp-content\/uploads\/2022\/06\/img_1878-130x95.jpg",130,95,true],"full":["https:\/\/diariolanoticia.com.mx\/wp-content\/uploads\/2022\/06\/img_1878.jpg",1500,1000,false]},"_links":{"self":[{"href":"https:\/\/diariolanoticia.com.mx\/index.php?rest_route=\/wp\/v2\/posts\/95053","targetHints":{"allow":["GET"]}}],"collection":[{"href":"https:\/\/diariolanoticia.com.mx\/index.php?rest_route=\/wp\/v2\/posts"}],"about":[{"href":"https:\/\/diariolanoticia.com.mx\/index.php?rest_route=\/wp\/v2\/types\/post"}],"author":[{"embeddable":true,"href":"https:\/\/diariolanoticia.com.mx\/index.php?rest_route=\/wp\/v2\/users\/1"}],"replies":[{"embeddable":true,"href":"https:\/\/diariolanoticia.com.mx\/index.php?rest_route=%2Fwp%2Fv2%2Fcomments&post=95053"}],"version-history":[{"count":1,"href":"https:\/\/diariolanoticia.com.mx\/index.php?rest_route=\/wp\/v2\/posts\/95053\/revisions"}],"predecessor-version":[{"id":95054,"href":"https:\/\/diariolanoticia.com.mx\/index.php?rest_route=\/wp\/v2\/posts\/95053\/revisions\/95054"}],"wp:featuredmedia":[{"embeddable":true,"href":"https:\/\/diariolanoticia.com.mx\/index.php?rest_route=\/wp\/v2\/media\/95052"}],"wp:attachment":[{"href":"https:\/\/diariolanoticia.com.mx\/index.php?rest_route=%2Fwp%2Fv2%2Fmedia&parent=95053"}],"wp:term":[{"taxonomy":"category","embeddable":true,"href":"https:\/\/diariolanoticia.com.mx\/index.php?rest_route=%2Fwp%2Fv2%2Fcategories&post=95053"},{"taxonomy":"post_tag","embeddable":true,"href":"https:\/\/diariolanoticia.com.mx\/index.php?rest_route=%2Fwp%2Fv2%2Ftags&post=95053"}],"curies":[{"name":"wp","href":"https:\/\/api.w.org\/{rel}","templated":true}]}}