{"id":95056,"date":"2022-06-02T14:47:42","date_gmt":"2022-06-02T19:47:42","guid":{"rendered":"https:\/\/diariolanoticia.com.mx\/?p=95056"},"modified":"2022-06-02T14:47:43","modified_gmt":"2022-06-02T19:47:43","slug":"alista-el-tsj-e-instituciones-16-dias-de-activismo-para-erradicar-la-violencia-vs-la-mujer","status":"publish","type":"post","link":"https:\/\/diariolanoticia.com.mx\/?p=95056","title":{"rendered":"Alista el TSJ e instituciones \u00ab16 d\u00edas de Activismo para Erradicar la Violencia vs la Mujer\u00bb\u00a0"},"content":{"rendered":"\n<p>Con el objetivo de generar acciones de concientizaci\u00f3n social para erradicar todo tipo de violencia contra las mujeres, el Tribunal Superior de Justicia (TSJ), el Congreso del Estado, el Instituto Estatal de la Mujer (IEM), e instituciones gubernamentales, iniciaron los trabajos coordinados para la realizaci\u00f3n de los \u00ab16 d\u00edas de Activismo para Erradicar la Violencia contra la Mujer\u00bb.<br>La finalidad es generar conciencia en la sociedad en busca de erradicar la violencia contra las mujeres, a trav\u00e9s de cursos, talleres, mesas de di\u00e1logo, conferencias, obras de teatro, entre otras, que se llevar\u00e1n a cabo en diferentes escenarios y espacios p\u00fablicos del estado.<br>Durante la reuni\u00f3n de trabajo que se realiz\u00f3 en Palacio de Justicia, la Magistrada Mary Cruz Cort\u00e9s Ornelas, como parte organizadora de los eventos, agradeci\u00f3 a las diputadas locales, a la directora del Instituto Estatal de la Mujer (IEM), a la presidenta del Instituto Estatal Electoral (ITE) y a la presidenta de la Comisi\u00f3n Estatal de Derechos Humanos (CEDH), por sus valiosas aportaciones para la realizaci\u00f3n de estos 16 d\u00edas de activismo.&nbsp;<br>Las actividades iniciar\u00e1n el jueves 25 de noviembre, con un acto inaugural en el que estar\u00e1n presentes los titulares de los tres poderes del Estado, encabezados por la Gobernadora Lorena Cuellar Cisneros.<br>Ese d\u00eda realizar\u00e1n una mesa de di\u00e1logo en la que participar\u00e1 la exmagistrada Elsa Cordero Mart\u00ednez; el maestro Pablo Navarrete Guti\u00e9rrez, de Amnist\u00eda Internacional, y la Directora del Colectivo Mujer y Utop\u00eda, Edith M\u00e9ndez Ahuactzin.&nbsp;<br>Durante los 16 d\u00edas, se realizar\u00e1 una obra de teatro, conferencias, mesas de di\u00e1logo, la proyecci\u00f3n de una pel\u00edcula y el debate alusivo al tema, mismas que estar\u00e1n abiertas a la participaci\u00f3n de trabajadores de las mismas instituciones y todas aquellas personas interesadas.<br>Adem\u00e1s, por parte del Tribunal Superior de Justicia, colocar\u00e1n un mo\u00f1o anaranjado en los juzgados for\u00e1neos el 25 de noviembre, para conmemorar el D\u00eda Internacional de la Eliminaci\u00f3n de la Violencia contra las Mujeres.<br>Por \u00faltimo, la activista Er\u00e9ndira Jim\u00e9nez Montiel, anunci\u00f3 que realizar\u00e1n una cadena humana en el z\u00f3calo capitalino, en la que participar\u00e1n v\u00edctimas y familiares de ellas, a manera de recordar que no est\u00e1n solas.<\/p>\n","protected":false},"excerpt":{"rendered":"<p>Con el objetivo de generar acciones de concientizaci\u00f3n social para erradicar todo tipo de violencia contra las mujeres, el Tribunal Superior de Justicia (TSJ), el Congreso del Estado, el Instituto Estatal de la Mujer (IEM), e instituciones gubernamentales, iniciaron los trabajos coordinados para la realizaci\u00f3n de los \u00ab16 d\u00edas de Activismo para Erradicar la Violencia [&hellip;]<\/p>\n","protected":false},"author":1,"featured_media":95057,"comment_status":"open","ping_status":"open","sticky":false,"template":"","format":"standard","meta":{"footnotes":""},"categories":[21],"tags":[],"class_list":["post-95056","post","type-post","status-publish","format-standard","has-post-thumbnail","hentry","category-estatal"],"blog_post_layout_featured_media_urls":{"thumbnail":["https:\/\/diariolanoticia.com.mx\/wp-content\/uploads\/2022\/06\/WhatsApp-Image-2021-11-22-at-15.33.55-216x160.jpeg",216,160,true],"full":["https:\/\/diariolanoticia.com.mx\/wp-content\/uploads\/2022\/06\/WhatsApp-Image-2021-11-22-at-15.33.55.jpeg",1280,853,false]},"categories_names":{"21":{"name":"Estatal","link":"https:\/\/diariolanoticia.com.mx\/?cat=21"}},"tags_names":[],"comments_number":"0","wpmagazine_modules_lite_featured_media_urls":{"thumbnail":["https:\/\/diariolanoticia.com.mx\/wp-content\/uploads\/2022\/06\/WhatsApp-Image-2021-11-22-at-15.33.55-216x160.jpeg",216,160,true],"cvmm-medium":["https:\/\/diariolanoticia.com.mx\/wp-content\/uploads\/2022\/06\/WhatsApp-Image-2021-11-22-at-15.33.55-300x300.jpeg",300,300,true],"cvmm-medium-plus":["https:\/\/diariolanoticia.com.mx\/wp-content\/uploads\/2022\/06\/WhatsApp-Image-2021-11-22-at-15.33.55-305x207.jpeg",305,207,true],"cvmm-portrait":["https:\/\/diariolanoticia.com.mx\/wp-content\/uploads\/2022\/06\/WhatsApp-Image-2021-11-22-at-15.33.55-400x600.jpeg",400,600,true],"cvmm-medium-square":["https:\/\/diariolanoticia.com.mx\/wp-content\/uploads\/2022\/06\/WhatsApp-Image-2021-11-22-at-15.33.55-600x600.jpeg",600,600,true],"cvmm-large":["https:\/\/diariolanoticia.com.mx\/wp-content\/uploads\/2022\/06\/WhatsApp-Image-2021-11-22-at-15.33.55-1024x853.jpeg",1024,853,true],"cvmm-small":["https:\/\/diariolanoticia.com.mx\/wp-content\/uploads\/2022\/06\/WhatsApp-Image-2021-11-22-at-15.33.55-130x95.jpeg",130,95,true],"full":["https:\/\/diariolanoticia.com.mx\/wp-content\/uploads\/2022\/06\/WhatsApp-Image-2021-11-22-at-15.33.55.jpeg",1280,853,false]},"_links":{"self":[{"href":"https:\/\/diariolanoticia.com.mx\/index.php?rest_route=\/wp\/v2\/posts\/95056","targetHints":{"allow":["GET"]}}],"collection":[{"href":"https:\/\/diariolanoticia.com.mx\/index.php?rest_route=\/wp\/v2\/posts"}],"about":[{"href":"https:\/\/diariolanoticia.com.mx\/index.php?rest_route=\/wp\/v2\/types\/post"}],"author":[{"embeddable":true,"href":"https:\/\/diariolanoticia.com.mx\/index.php?rest_route=\/wp\/v2\/users\/1"}],"replies":[{"embeddable":true,"href":"https:\/\/diariolanoticia.com.mx\/index.php?rest_route=%2Fwp%2Fv2%2Fcomments&post=95056"}],"version-history":[{"count":1,"href":"https:\/\/diariolanoticia.com.mx\/index.php?rest_route=\/wp\/v2\/posts\/95056\/revisions"}],"predecessor-version":[{"id":95058,"href":"https:\/\/diariolanoticia.com.mx\/index.php?rest_route=\/wp\/v2\/posts\/95056\/revisions\/95058"}],"wp:featuredmedia":[{"embeddable":true,"href":"https:\/\/diariolanoticia.com.mx\/index.php?rest_route=\/wp\/v2\/media\/95057"}],"wp:attachment":[{"href":"https:\/\/diariolanoticia.com.mx\/index.php?rest_route=%2Fwp%2Fv2%2Fmedia&parent=95056"}],"wp:term":[{"taxonomy":"category","embeddable":true,"href":"https:\/\/diariolanoticia.com.mx\/index.php?rest_route=%2Fwp%2Fv2%2Fcategories&post=95056"},{"taxonomy":"post_tag","embeddable":true,"href":"https:\/\/diariolanoticia.com.mx\/index.php?rest_route=%2Fwp%2Fv2%2Ftags&post=95056"}],"curies":[{"name":"wp","href":"https:\/\/api.w.org\/{rel}","templated":true}]}}