{"id":95239,"date":"2022-06-08T16:06:31","date_gmt":"2022-06-08T21:06:31","guid":{"rendered":"https:\/\/diariolanoticia.com.mx\/?p=95239"},"modified":"2022-06-08T16:06:30","modified_gmt":"2022-06-08T21:06:30","slug":"en-zacatlan-exhiben-exposicion-el-hijo-del-ahuizote","status":"publish","type":"post","link":"https:\/\/diariolanoticia.com.mx\/?p=95239","title":{"rendered":"En Zacatl\u00e1n, exhiben exposici\u00f3n \u201cEl Hijo del Ahuizote\u201d"},"content":{"rendered":"\n<figure class=\"wp-block-gallery has-nested-images columns-default is-cropped wp-block-gallery-1 is-layout-flex wp-block-gallery-is-layout-flex\">\n<figure class=\"wp-block-image\"><img loading=\"lazy\" decoding=\"async\" width=\"1500\" height=\"1000\" data-id=\"95237\" src=\"https:\/\/diariolanoticia.com.mx\/wp-content\/uploads\/2022\/06\/img_2092.jpg\" alt=\"\" class=\"wp-image-95237\" srcset=\"https:\/\/diariolanoticia.com.mx\/wp-content\/uploads\/2022\/06\/img_2092.jpg 1500w, https:\/\/diariolanoticia.com.mx\/wp-content\/uploads\/2022\/06\/img_2092-300x200.jpg 300w, https:\/\/diariolanoticia.com.mx\/wp-content\/uploads\/2022\/06\/img_2092-1024x683.jpg 1024w, https:\/\/diariolanoticia.com.mx\/wp-content\/uploads\/2022\/06\/img_2092-768x512.jpg 768w\" sizes=\"auto, (max-width: 1500px) 100vw, 1500px\" \/><\/figure>\n\n\n\n<figure class=\"wp-block-image\"><img loading=\"lazy\" decoding=\"async\" width=\"1500\" height=\"1000\" data-id=\"95238\" src=\"https:\/\/diariolanoticia.com.mx\/wp-content\/uploads\/2022\/06\/img_2094.jpg\" alt=\"\" class=\"wp-image-95238\" srcset=\"https:\/\/diariolanoticia.com.mx\/wp-content\/uploads\/2022\/06\/img_2094.jpg 1500w, https:\/\/diariolanoticia.com.mx\/wp-content\/uploads\/2022\/06\/img_2094-300x200.jpg 300w, https:\/\/diariolanoticia.com.mx\/wp-content\/uploads\/2022\/06\/img_2094-1024x683.jpg 1024w, https:\/\/diariolanoticia.com.mx\/wp-content\/uploads\/2022\/06\/img_2094-768x512.jpg 768w\" sizes=\"auto, (max-width: 1500px) 100vw, 1500px\" \/><\/figure>\n<\/figure>\n\n\n\n<ul class=\"wp-block-list\"><li>Esta muestra estar\u00e1 abierta al p\u00fablico hasta el 30 de agosto, en las instalaciones del Museo Regional Comunitario \u201cLuciano M\u00e1rquez Becerra\u201d del municipio de Zacatl\u00e1n, de martes a s\u00e1bado de 10:00 a 18:00 horas<\/li><\/ul>\n\n\n\n<p>ZACATL\u00c1N, Pue.- Con el objetivo de conocer, disfrutar y revalorar la vasta cultura y riqueza que existe en el estado, la secretaria de Gobernaci\u00f3n, Ana Luc\u00eda Hill Mayoral inaugur\u00f3 en este municipio la exposici\u00f3n \u201cEl Hijo del Ahuizote\u201d, que refleja la lucha por la defensa de los ideales y la libertad de expresi\u00f3n, a trav\u00e9s de im\u00e1genes sat\u00edricas de temas y personajes pol\u00edticos y sociales del pa\u00eds, especialmente de oposici\u00f3n al r\u00e9gimen autoritario de Porfirio D\u00edaz.<\/p>\n\n\n\n<p>La funcionaria coment\u00f3 que \u201cEl Hijo del Ahuizote\u201d fue una novedosa publicaci\u00f3n semanal del siglo XIX con mucho \u00e9xito, fundado por el poblano oriundo de Zacatl\u00e1n, Daniel Cabrera Rivera, el 23 de agosto de 1885, y retomada por los hermanos Ricardo y Enrique Flores Mag\u00f3n, donde a trav\u00e9s de ilustraciones la poblaci\u00f3n pod\u00eda interpretar con facilidad lo que el impreso conten\u00eda, lo que logr\u00f3 una gran popularidad y alcance entre la sociedad, ya que en esa \u00e9poca la mayor\u00eda de las personas no sab\u00eda leer ni escribir; adem\u00e1s fue considerado como el medio de difusi\u00f3n ideol\u00f3gico sobre la Revoluci\u00f3n Mexicana.<\/p>\n\n\n\n<p>Hill Mayoral destac\u00f3 que gracias al acervo hist\u00f3rico con el que cuenta el Archivo General del Estado de Puebla, esta exposici\u00f3n muestra una reproducci\u00f3n del registro de bautismo de Daniel Cabrera Rivera; 23 reprograf\u00edas de caricaturas aparecidas en la revista entre los a\u00f1os de 1885 a 1900; dos reprograf\u00edas del C\u00f3dice Mendocino; tres esculturas basadas en caricaturas de la revista; tres esculturas, correspondientes a Ahu\u00edzot; dos reproducciones en tela, una del hijo del Ahuizote y otra de los Tlatoanis Aztecas; as\u00ed como el registro original de fallecimiento de Daniel Cabrera Rivera, este \u00faltimo en resguardo del Archivo Municipal de Zacatl\u00e1n.<\/p>\n\n\n\n<p>En ese sentido, la titular de la dependencia reconoci\u00f3 el inter\u00e9s del presidente municipal para llevar a cabo esta exposici\u00f3n, que estar\u00e1 abierta al p\u00fablico hasta el 30 de agosto, en las instalaciones del Museo Regional Comunitario \u201cLuciano M\u00e1rquez Becerra\u201d, en la calle Josefa Ortiz de Dom\u00ednguez, n\u00famero 4 Centro, de martes a s\u00e1bado de 10:00 a 18:00 horas.<\/p>\n\n\n\n<p>Al evento asistieron el alcalde de Zacatl\u00e1n, Jos\u00e9 Luis M\u00e1rquez Mart\u00ednez; la presidenta del Sistema Municipal DIF, Beatriz S\u00e1nchez Galindo; la directora del Archivo General del Estado de Puebla, Anah\u00ed Juan Dur\u00e1n; la directora general de Cultura, Turismo, Educaci\u00f3n e Inclusi\u00f3n, Stephany Aguirre; la directora general de Patrimonio Cultural de la Secretar\u00eda de Cultura, Daniela Calder\u00f3n Porter; el director de Acervo Cultural de la Secretar\u00eda de Cultura, Javier G\u00f3mez Mar\u00edn; el jefe de Archivos Municipales del Archivo General del Estado, V\u00edctor Efr\u00e9n Monta\u00f1o Silveti, as\u00ed como el curador de Exposici\u00f3n y Museograf\u00eda, Ignacio Vidal S\u00e1nchez.<\/p>\n","protected":false},"excerpt":{"rendered":"<p>Esta muestra estar\u00e1 abierta al p\u00fablico hasta el 30 de agosto, en las instalaciones del Museo Regional Comunitario \u201cLuciano M\u00e1rquez Becerra\u201d del municipio de Zacatl\u00e1n, de martes a s\u00e1bado de 10:00 a 18:00 horas ZACATL\u00c1N, Pue.- Con el objetivo de conocer, disfrutar y revalorar la vasta cultura y riqueza que existe en el estado, la [&hellip;]<\/p>\n","protected":false},"author":1,"featured_media":95236,"comment_status":"open","ping_status":"open","sticky":false,"template":"","format":"standard","meta":{"footnotes":""},"categories":[20],"tags":[52,49],"class_list":["post-95239","post","type-post","status-publish","format-standard","has-post-thumbnail","hentry","category-norte-de-puebla","tag-puebla","tag-zacatlan"],"blog_post_layout_featured_media_urls":{"thumbnail":["https:\/\/diariolanoticia.com.mx\/wp-content\/uploads\/2022\/06\/img_2093-216x160.jpg",216,160,true],"full":["https:\/\/diariolanoticia.com.mx\/wp-content\/uploads\/2022\/06\/img_2093.jpg",1500,1000,false]},"categories_names":{"20":{"name":"Norte de Puebla","link":"https:\/\/diariolanoticia.com.mx\/?cat=20"}},"tags_names":{"52":{"name":"Puebla","link":"https:\/\/diariolanoticia.com.mx\/?tag=puebla"},"49":{"name":"Zacatl\u00e1n","link":"https:\/\/diariolanoticia.com.mx\/?tag=zacatlan"}},"comments_number":"0","wpmagazine_modules_lite_featured_media_urls":{"thumbnail":["https:\/\/diariolanoticia.com.mx\/wp-content\/uploads\/2022\/06\/img_2093-216x160.jpg",216,160,true],"cvmm-medium":["https:\/\/diariolanoticia.com.mx\/wp-content\/uploads\/2022\/06\/img_2093-300x300.jpg",300,300,true],"cvmm-medium-plus":["https:\/\/diariolanoticia.com.mx\/wp-content\/uploads\/2022\/06\/img_2093-305x207.jpg",305,207,true],"cvmm-portrait":["https:\/\/diariolanoticia.com.mx\/wp-content\/uploads\/2022\/06\/img_2093-400x600.jpg",400,600,true],"cvmm-medium-square":["https:\/\/diariolanoticia.com.mx\/wp-content\/uploads\/2022\/06\/img_2093-600x600.jpg",600,600,true],"cvmm-large":["https:\/\/diariolanoticia.com.mx\/wp-content\/uploads\/2022\/06\/img_2093-1024x1000.jpg",1024,1000,true],"cvmm-small":["https:\/\/diariolanoticia.com.mx\/wp-content\/uploads\/2022\/06\/img_2093-130x95.jpg",130,95,true],"full":["https:\/\/diariolanoticia.com.mx\/wp-content\/uploads\/2022\/06\/img_2093.jpg",1500,1000,false]},"_links":{"self":[{"href":"https:\/\/diariolanoticia.com.mx\/index.php?rest_route=\/wp\/v2\/posts\/95239","targetHints":{"allow":["GET"]}}],"collection":[{"href":"https:\/\/diariolanoticia.com.mx\/index.php?rest_route=\/wp\/v2\/posts"}],"about":[{"href":"https:\/\/diariolanoticia.com.mx\/index.php?rest_route=\/wp\/v2\/types\/post"}],"author":[{"embeddable":true,"href":"https:\/\/diariolanoticia.com.mx\/index.php?rest_route=\/wp\/v2\/users\/1"}],"replies":[{"embeddable":true,"href":"https:\/\/diariolanoticia.com.mx\/index.php?rest_route=%2Fwp%2Fv2%2Fcomments&post=95239"}],"version-history":[{"count":1,"href":"https:\/\/diariolanoticia.com.mx\/index.php?rest_route=\/wp\/v2\/posts\/95239\/revisions"}],"predecessor-version":[{"id":95240,"href":"https:\/\/diariolanoticia.com.mx\/index.php?rest_route=\/wp\/v2\/posts\/95239\/revisions\/95240"}],"wp:featuredmedia":[{"embeddable":true,"href":"https:\/\/diariolanoticia.com.mx\/index.php?rest_route=\/wp\/v2\/media\/95236"}],"wp:attachment":[{"href":"https:\/\/diariolanoticia.com.mx\/index.php?rest_route=%2Fwp%2Fv2%2Fmedia&parent=95239"}],"wp:term":[{"taxonomy":"category","embeddable":true,"href":"https:\/\/diariolanoticia.com.mx\/index.php?rest_route=%2Fwp%2Fv2%2Fcategories&post=95239"},{"taxonomy":"post_tag","embeddable":true,"href":"https:\/\/diariolanoticia.com.mx\/index.php?rest_route=%2Fwp%2Fv2%2Ftags&post=95239"}],"curies":[{"name":"wp","href":"https:\/\/api.w.org\/{rel}","templated":true}]}}