{"id":95274,"date":"2022-06-09T14:47:07","date_gmt":"2022-06-09T19:47:07","guid":{"rendered":"https:\/\/diariolanoticia.com.mx\/?p=95274"},"modified":"2022-06-09T14:47:08","modified_gmt":"2022-06-09T19:47:08","slug":"certamen-de-senorita-san-pablo-2022","status":"publish","type":"post","link":"https:\/\/diariolanoticia.com.mx\/?p=95274","title":{"rendered":"Certamen de se\u00f1orita San Pablo  2022"},"content":{"rendered":"\n<p>El ayuntamiento de Apetatitl\u00e1n de Antonio Carvajal, que encabeza el edil panista \u00c1ngelo Guti\u00e9rrez Hern\u00e1ndez, emiti\u00f3 la convocatoria para elegir a la se\u00f1orita Apetatitl\u00e1n 2022, quien engalanar\u00e1 la feria de este a\u00f1o.<\/p>\n\n\n\n<p>De acuerdo con las bases dadas a conocer por las autoridades municipales, podr\u00e1n participar las j\u00f3venes con edades entre 18 y 25 a\u00f1os, originarias de esta municipalidad de Apetatitl\u00e1n, solteras y sin hijos.<\/p>\n\n\n\n<p>&nbsp;Adem\u00e1s, deber\u00e1n de contar con facilidad de palabra, dicci\u00f3n, presentaci\u00f3n, as\u00ed como contar, al menos, con preparatoria concluida y disponibilidad de horario para engalanar los festejos y actos oficiales a realizarse en la edici\u00f3n de esta feria 2022.<\/p>\n\n\n\n<p>&nbsp;Las interesadas deber\u00e1n presentar copia de credencial de elector, comprobante de domicilio, tres fotograf\u00edas a color \u2013en medio digital e impreso-, tanto de rostro y cuerpo completo, as\u00ed como certificado de preparatoria.<\/p>\n\n\n\n<p>&nbsp;Las interesadas podr\u00e1n acudir, a m\u00e1s tardar el pr\u00f3ximo 10 de junio, a las oficinas de la direcci\u00f3n de Cultura y Turismo, ubicada en Los Portales, Calle Francisco I. Madero sin n\u00famero, en Apetatitl\u00e1n, en un horario de 9:00 a 16:00 horas, o bien, solicitar informaci\u00f3n al n\u00famero telef\u00f3nico 2464577868.&nbsp;&nbsp;<\/p>\n\n\n\n<p>De acuerdo con la convocatoria, la elecci\u00f3n de la se\u00f1orita, ser\u00e1 por medio de likes emitidos en la p\u00e1gina oficial de Facebook del Gobierno Municipal, con la salvedad de que el jurado no tomar\u00e1 en cuenta los likes que sean emitidos en cuentas por medio de bots, perfiles falsos o reci\u00e9n creados.&nbsp;<\/p>\n\n\n\n<p>&nbsp;El concurso comenzara a partir de las 00:00 horas del d\u00eda 11 de junio y cierra el d\u00eda 23 de junio a las 23:59 horas y los resultados de la ganadora se dar\u00e1n a conocer el d\u00eda 24 de junio a las 16:00 horas.<\/p>\n","protected":false},"excerpt":{"rendered":"<p>El ayuntamiento de Apetatitl\u00e1n de Antonio Carvajal, que encabeza el edil panista \u00c1ngelo Guti\u00e9rrez Hern\u00e1ndez, emiti\u00f3 la convocatoria para elegir a la se\u00f1orita Apetatitl\u00e1n 2022, quien engalanar\u00e1 la feria de este a\u00f1o. De acuerdo con las bases dadas a conocer por las autoridades municipales, podr\u00e1n participar las j\u00f3venes con edades entre 18 y 25 a\u00f1os, [&hellip;]<\/p>\n","protected":false},"author":1,"featured_media":95275,"comment_status":"open","ping_status":"open","sticky":false,"template":"","format":"standard","meta":{"footnotes":""},"categories":[262],"tags":[],"class_list":["post-95274","post","type-post","status-publish","format-standard","has-post-thumbnail","hentry","category-san-pablo-apetatitlan"],"blog_post_layout_featured_media_urls":{"thumbnail":["https:\/\/diariolanoticia.com.mx\/wp-content\/uploads\/2022\/06\/Senorita_Apetatitlan_2022_vertical-1-216x160.png",216,160,true],"full":["https:\/\/diariolanoticia.com.mx\/wp-content\/uploads\/2022\/06\/Senorita_Apetatitlan_2022_vertical-1.png",1200,1396,false]},"categories_names":{"262":{"name":"San Pablo Apetatitl\u00e1n","link":"https:\/\/diariolanoticia.com.mx\/?cat=262"}},"tags_names":[],"comments_number":"0","wpmagazine_modules_lite_featured_media_urls":{"thumbnail":["https:\/\/diariolanoticia.com.mx\/wp-content\/uploads\/2022\/06\/Senorita_Apetatitlan_2022_vertical-1-216x160.png",216,160,true],"cvmm-medium":["https:\/\/diariolanoticia.com.mx\/wp-content\/uploads\/2022\/06\/Senorita_Apetatitlan_2022_vertical-1-300x300.png",300,300,true],"cvmm-medium-plus":["https:\/\/diariolanoticia.com.mx\/wp-content\/uploads\/2022\/06\/Senorita_Apetatitlan_2022_vertical-1-305x207.png",305,207,true],"cvmm-portrait":["https:\/\/diariolanoticia.com.mx\/wp-content\/uploads\/2022\/06\/Senorita_Apetatitlan_2022_vertical-1-400x600.png",400,600,true],"cvmm-medium-square":["https:\/\/diariolanoticia.com.mx\/wp-content\/uploads\/2022\/06\/Senorita_Apetatitlan_2022_vertical-1-600x600.png",600,600,true],"cvmm-large":["https:\/\/diariolanoticia.com.mx\/wp-content\/uploads\/2022\/06\/Senorita_Apetatitlan_2022_vertical-1-1024x1024.png",1024,1024,true],"cvmm-small":["https:\/\/diariolanoticia.com.mx\/wp-content\/uploads\/2022\/06\/Senorita_Apetatitlan_2022_vertical-1-130x95.png",130,95,true],"full":["https:\/\/diariolanoticia.com.mx\/wp-content\/uploads\/2022\/06\/Senorita_Apetatitlan_2022_vertical-1.png",1200,1396,false]},"_links":{"self":[{"href":"https:\/\/diariolanoticia.com.mx\/index.php?rest_route=\/wp\/v2\/posts\/95274","targetHints":{"allow":["GET"]}}],"collection":[{"href":"https:\/\/diariolanoticia.com.mx\/index.php?rest_route=\/wp\/v2\/posts"}],"about":[{"href":"https:\/\/diariolanoticia.com.mx\/index.php?rest_route=\/wp\/v2\/types\/post"}],"author":[{"embeddable":true,"href":"https:\/\/diariolanoticia.com.mx\/index.php?rest_route=\/wp\/v2\/users\/1"}],"replies":[{"embeddable":true,"href":"https:\/\/diariolanoticia.com.mx\/index.php?rest_route=%2Fwp%2Fv2%2Fcomments&post=95274"}],"version-history":[{"count":1,"href":"https:\/\/diariolanoticia.com.mx\/index.php?rest_route=\/wp\/v2\/posts\/95274\/revisions"}],"predecessor-version":[{"id":95276,"href":"https:\/\/diariolanoticia.com.mx\/index.php?rest_route=\/wp\/v2\/posts\/95274\/revisions\/95276"}],"wp:featuredmedia":[{"embeddable":true,"href":"https:\/\/diariolanoticia.com.mx\/index.php?rest_route=\/wp\/v2\/media\/95275"}],"wp:attachment":[{"href":"https:\/\/diariolanoticia.com.mx\/index.php?rest_route=%2Fwp%2Fv2%2Fmedia&parent=95274"}],"wp:term":[{"taxonomy":"category","embeddable":true,"href":"https:\/\/diariolanoticia.com.mx\/index.php?rest_route=%2Fwp%2Fv2%2Fcategories&post=95274"},{"taxonomy":"post_tag","embeddable":true,"href":"https:\/\/diariolanoticia.com.mx\/index.php?rest_route=%2Fwp%2Fv2%2Ftags&post=95274"}],"curies":[{"name":"wp","href":"https:\/\/api.w.org\/{rel}","templated":true}]}}