{"id":95391,"date":"2022-06-13T20:10:29","date_gmt":"2022-06-14T01:10:29","guid":{"rendered":"https:\/\/diariolanoticia.com.mx\/?p=95391"},"modified":"2022-06-13T20:10:31","modified_gmt":"2022-06-14T01:10:31","slug":"inaugura-gobernadora-de-tlaxcala-la-clinica-bienestar-para-tu-salud-en-tetla","status":"publish","type":"post","link":"https:\/\/diariolanoticia.com.mx\/?p=95391","title":{"rendered":"Inaugura gobernadora de Tlaxcala la cl\u00ednica \u201cBienestar para tu Salud\u201d en Tetla"},"content":{"rendered":"\n<p>A trav\u00e9s de esta unidad, se busca dar cubertura a 15 mil ciudadanos de la municipalidad<\/p>\n\n\n\n<p>La Gobernadora del Estado, Lorena Cu\u00e9llar Cisneros; el presidente municipal de Tetla de la Solidaridad, Andr\u00e9s Ram\u00edrez Galicia; la presidenta honorifica del Sistema Municipal para el Desarrollo Integral de la Familia (SMDIF), Catalina Vargas P\u00e9rez; el Secretario de Salud, Rigoberto Zamudio Meneses; la Secretaria de Bienestar Tlaxcala, Mar\u00eda Estela \u00c1lvarez Corona; la legisladora Diana Torrej\u00f3n y el Diputado, Jorge Caballero Rom\u00e1n, cortaron el list\u00f3n inaugural de la cl\u00ednica \u201cBienestar para tu Salud\u201d.<\/p>\n\n\n\n<p>Dicho inmueble, que se ubica en la cabecera municipal, tiene la encomienda de brindar servicios de salud, totalmente gratuitos, estos van desde m\u00e9dico general, optometr\u00eda, laboratorios, odontolog\u00eda y farmacia, y su objetivo es dar cobertura a 15 mil ciudadanos de esta municipalidad y es que hoy se busca apoyar, sobre todo a personas que padecen diabetes o hipertensi\u00f3n.<\/p>\n\n\n\n<p>Al respecto el edil, Andr\u00e9s Ram\u00edrez Galicia sostuvo que con estas acciones se da certidumbre, tranquilidad y bienestar, pero sobre todo un futuro digno para todos, \u201cpor eso bien dec\u00eda aquella frase, con salud todo, sin salud nada, ante tal importancia hoy vemos que nuestro gobierno federal y estatal pone especial \u00e9nfasis en la gente\u201d, dijo.<\/p>\n\n\n\n<p>Resalt\u00f3 que los tetlenses, cuentan ya con un m\u00e9dico cerca de su hogar, pero sobre todo que ahora las personas que menos tienen, pueden acceder a servicios dignos, ya que est\u00e1 suficientemente equipada con lo necesario.<\/p>\n\n\n\n<p>\u201cEstos servicios, son gracias a nuestra gobernadora y a nuestro presidente de la Rep\u00fablica, Andr\u00e9s Manuel L\u00f3pez Obrador, gracias a ustedes los tetlenses, ya no tendr\u00e1n que ir a otros municipios para recibir atenci\u00f3n m\u00e9dica, adem\u00e1s de que aminoramos los costos para tratar una enfermedad\u201d, asever\u00f3.<\/p>\n\n\n\n<p>A\u00f1adi\u00f3 que estos servicios que se brindan no distinguen si son afiliados alguna instancia m\u00e9dica, raza o g\u00e9nero, sino por el contrario la cobertura se brinda a quien lo necesite y eso hace que \u201csi se est\u00e9 haciendo en Tlaxcala una Nueva Historia\u201d, dijo.<\/p>\n\n\n\n<p>Para concluir, las autoridades presentes, hicieron un recorrido por las instalaciones de este inmueble, donde constataron los servicios de calidad que se brindan en un horario de 7 de la ma\u00f1ana a 5 de la tarde y se tiene previsto ampliar el servicio a las 7 de la noche.<\/p>\n","protected":false},"excerpt":{"rendered":"<p>A trav\u00e9s de esta unidad, se busca dar cubertura a 15 mil ciudadanos de la municipalidad La Gobernadora del Estado, Lorena Cu\u00e9llar Cisneros; el presidente municipal de Tetla de la Solidaridad, Andr\u00e9s Ram\u00edrez Galicia; la presidenta honorifica del Sistema Municipal para el Desarrollo Integral de la Familia (SMDIF), Catalina Vargas P\u00e9rez; el Secretario de Salud, [&hellip;]<\/p>\n","protected":false},"author":1,"featured_media":95392,"comment_status":"open","ping_status":"open","sticky":false,"template":"","format":"standard","meta":{"footnotes":""},"categories":[37],"tags":[],"class_list":["post-95391","post","type-post","status-publish","format-standard","has-post-thumbnail","hentry","category-tetla"],"blog_post_layout_featured_media_urls":{"thumbnail":["https:\/\/diariolanoticia.com.mx\/wp-content\/uploads\/2022\/06\/B9A875B7-B6C9-47C2-9761-0163584F4761-216x160.jpeg",216,160,true],"full":["https:\/\/diariolanoticia.com.mx\/wp-content\/uploads\/2022\/06\/B9A875B7-B6C9-47C2-9761-0163584F4761.jpeg",1280,853,false]},"categories_names":{"37":{"name":"Tetla","link":"https:\/\/diariolanoticia.com.mx\/?cat=37"}},"tags_names":[],"comments_number":"0","wpmagazine_modules_lite_featured_media_urls":{"thumbnail":["https:\/\/diariolanoticia.com.mx\/wp-content\/uploads\/2022\/06\/B9A875B7-B6C9-47C2-9761-0163584F4761-216x160.jpeg",216,160,true],"cvmm-medium":["https:\/\/diariolanoticia.com.mx\/wp-content\/uploads\/2022\/06\/B9A875B7-B6C9-47C2-9761-0163584F4761-300x300.jpeg",300,300,true],"cvmm-medium-plus":["https:\/\/diariolanoticia.com.mx\/wp-content\/uploads\/2022\/06\/B9A875B7-B6C9-47C2-9761-0163584F4761-305x207.jpeg",305,207,true],"cvmm-portrait":["https:\/\/diariolanoticia.com.mx\/wp-content\/uploads\/2022\/06\/B9A875B7-B6C9-47C2-9761-0163584F4761-400x600.jpeg",400,600,true],"cvmm-medium-square":["https:\/\/diariolanoticia.com.mx\/wp-content\/uploads\/2022\/06\/B9A875B7-B6C9-47C2-9761-0163584F4761-600x600.jpeg",600,600,true],"cvmm-large":["https:\/\/diariolanoticia.com.mx\/wp-content\/uploads\/2022\/06\/B9A875B7-B6C9-47C2-9761-0163584F4761-1024x853.jpeg",1024,853,true],"cvmm-small":["https:\/\/diariolanoticia.com.mx\/wp-content\/uploads\/2022\/06\/B9A875B7-B6C9-47C2-9761-0163584F4761-130x95.jpeg",130,95,true],"full":["https:\/\/diariolanoticia.com.mx\/wp-content\/uploads\/2022\/06\/B9A875B7-B6C9-47C2-9761-0163584F4761.jpeg",1280,853,false]},"_links":{"self":[{"href":"https:\/\/diariolanoticia.com.mx\/index.php?rest_route=\/wp\/v2\/posts\/95391","targetHints":{"allow":["GET"]}}],"collection":[{"href":"https:\/\/diariolanoticia.com.mx\/index.php?rest_route=\/wp\/v2\/posts"}],"about":[{"href":"https:\/\/diariolanoticia.com.mx\/index.php?rest_route=\/wp\/v2\/types\/post"}],"author":[{"embeddable":true,"href":"https:\/\/diariolanoticia.com.mx\/index.php?rest_route=\/wp\/v2\/users\/1"}],"replies":[{"embeddable":true,"href":"https:\/\/diariolanoticia.com.mx\/index.php?rest_route=%2Fwp%2Fv2%2Fcomments&post=95391"}],"version-history":[{"count":1,"href":"https:\/\/diariolanoticia.com.mx\/index.php?rest_route=\/wp\/v2\/posts\/95391\/revisions"}],"predecessor-version":[{"id":95393,"href":"https:\/\/diariolanoticia.com.mx\/index.php?rest_route=\/wp\/v2\/posts\/95391\/revisions\/95393"}],"wp:featuredmedia":[{"embeddable":true,"href":"https:\/\/diariolanoticia.com.mx\/index.php?rest_route=\/wp\/v2\/media\/95392"}],"wp:attachment":[{"href":"https:\/\/diariolanoticia.com.mx\/index.php?rest_route=%2Fwp%2Fv2%2Fmedia&parent=95391"}],"wp:term":[{"taxonomy":"category","embeddable":true,"href":"https:\/\/diariolanoticia.com.mx\/index.php?rest_route=%2Fwp%2Fv2%2Fcategories&post=95391"},{"taxonomy":"post_tag","embeddable":true,"href":"https:\/\/diariolanoticia.com.mx\/index.php?rest_route=%2Fwp%2Fv2%2Ftags&post=95391"}],"curies":[{"name":"wp","href":"https:\/\/api.w.org\/{rel}","templated":true}]}}