{"id":95514,"date":"2022-06-15T10:15:40","date_gmt":"2022-06-15T15:15:40","guid":{"rendered":"https:\/\/diariolanoticia.com.mx\/?p=95514"},"modified":"2022-06-15T10:15:41","modified_gmt":"2022-06-15T15:15:41","slug":"presenta-ayuntamiento-programa-de-reforestacion-aire-joven","status":"publish","type":"post","link":"https:\/\/diariolanoticia.com.mx\/?p=95514","title":{"rendered":"Presenta ayuntamiento programa de reforestaci\u00f3n \u00abAire Joven\u00bb"},"content":{"rendered":"\n<ul class=\"wp-block-list\"><li>Esta administraci\u00f3n asumi\u00f3 el compromiso de sembrar m\u00e1s de 280 mil ejemplares durante el trienio.<\/li><\/ul>\n\n\n\n<p>En Puebla capital se respirar\u00e1 un \u00abAire Joven\u00bb, pues arrancar\u00e1, en una primera etapa, la siembra masiva de cinco mil \u00e1rboles en el espacio urbano del Municipio, como parques, camellones, espacios residuales, nodos y estacionamientos.<\/p>\n\n\n\n<p>Con este nuevo aliento que traer\u00e1n ejemplares como encinos, fresnos y truenos crear\u00e1 un eco entorno en el que al menos habr\u00e1 un \u00e1rbol por cada ni\u00f1a, ni\u00f1o o adolescente poblano, destac\u00f3 en la presentaci\u00f3n de la estrategia Gabriela Ruiz Ben\u00edtez, Regidora Presidenta de la Comisi\u00f3n de Salubridad, Asistencia P\u00fablica, Grupos Vulnerables y Personas con Discapacidad.<\/p>\n\n\n\n<p>Ser\u00e1 a partir del mes de julio que iniciar\u00e1 la siembra simult\u00e1nea de especies, con base en un mapeo de \u00abzonas de calor\u00bb que ha realizado la Secretar\u00eda de Medio Ambiente, detall\u00f3 su titular Miryam Arabian Couttolenc, donde principalmente se atender\u00e1 el sur de la Angel\u00f3polis.<\/p>\n\n\n\n<p>Esta estrategia de reforestaci\u00f3n no s\u00f3lo busca mejorar el n\u00famero de espacios verdes que hay en la ciudad, sino tambi\u00e9n el hacer part\u00edcipe a la ciudadan\u00eda en el cuidado de los \u00e1rboles mediante su adopci\u00f3n, es por ello que a trav\u00e9s del 072 podr\u00e1n solicitar su inscripci\u00f3n al programa, capacitarse para ser guardianes y sumarse para hacer de Puebla una ecociudad.<\/p>\n\n\n\n<p>Es precisamente este sentido de responsabilidad ambiental que llev\u00f3 a la Administraci\u00f3n de Eduardo Rivera P\u00e9rez a asumir el compromiso de sembrar m\u00e1s de 280 mil ejemplares durante el trienio.<\/p>\n\n\n\n<p>Cabe destacar que el programa cuenta con planeaci\u00f3n y metodolog\u00eda que engloba la actualizaci\u00f3n de la paleta vegetal, la selecci\u00f3n de especies de acuerdo a la infraestructura gris, as\u00ed como el sitio de siembra ligado a la frecuencia de riego, pues se busca garantizar la supervivencia de estos \u00e1rboles y plantas.<\/p>\n\n\n\n<p>La presentaci\u00f3n del programa \u00abAire Joven\u00bb tambi\u00e9n estuvo encabezada por Benjam\u00edn Campos, Director de Infraestructura Verde; Paola P\u00e9rez Yee Palacios, Jefa del Departamento de Forestaci\u00f3n y Reforestaci\u00f3n Urbano; Emmanuel Bola\u00f1os Bautista, Jefe del Departamento de \u00c1reas Protegidas y Valor Ambiental; y Gilberto Gonz\u00e1lez Labastida, Director de Protecci\u00f3n Civil.<\/p>\n","protected":false},"excerpt":{"rendered":"<p>Esta administraci\u00f3n asumi\u00f3 el compromiso de sembrar m\u00e1s de 280 mil ejemplares durante el trienio. En Puebla capital se respirar\u00e1 un \u00abAire Joven\u00bb, pues arrancar\u00e1, en una primera etapa, la siembra masiva de cinco mil \u00e1rboles en el espacio urbano del Municipio, como parques, camellones, espacios residuales, nodos y estacionamientos. Con este nuevo aliento que [&hellip;]<\/p>\n","protected":false},"author":1,"featured_media":95515,"comment_status":"open","ping_status":"open","sticky":false,"template":"","format":"standard","meta":{"footnotes":""},"categories":[103],"tags":[],"class_list":["post-95514","post","type-post","status-publish","format-standard","has-post-thumbnail","hentry","category-pueblacapital"],"blog_post_layout_featured_media_urls":{"thumbnail":["https:\/\/diariolanoticia.com.mx\/wp-content\/uploads\/2022\/06\/WhatsApp-Image-2022-06-15-at-10.14.29-AM-216x160.jpeg",216,160,true],"full":["https:\/\/diariolanoticia.com.mx\/wp-content\/uploads\/2022\/06\/WhatsApp-Image-2022-06-15-at-10.14.29-AM.jpeg",1280,853,false]},"categories_names":{"103":{"name":"Puebla Capital","link":"https:\/\/diariolanoticia.com.mx\/?cat=103"}},"tags_names":[],"comments_number":"0","wpmagazine_modules_lite_featured_media_urls":{"thumbnail":["https:\/\/diariolanoticia.com.mx\/wp-content\/uploads\/2022\/06\/WhatsApp-Image-2022-06-15-at-10.14.29-AM-216x160.jpeg",216,160,true],"cvmm-medium":["https:\/\/diariolanoticia.com.mx\/wp-content\/uploads\/2022\/06\/WhatsApp-Image-2022-06-15-at-10.14.29-AM-300x300.jpeg",300,300,true],"cvmm-medium-plus":["https:\/\/diariolanoticia.com.mx\/wp-content\/uploads\/2022\/06\/WhatsApp-Image-2022-06-15-at-10.14.29-AM-305x207.jpeg",305,207,true],"cvmm-portrait":["https:\/\/diariolanoticia.com.mx\/wp-content\/uploads\/2022\/06\/WhatsApp-Image-2022-06-15-at-10.14.29-AM-400x600.jpeg",400,600,true],"cvmm-medium-square":["https:\/\/diariolanoticia.com.mx\/wp-content\/uploads\/2022\/06\/WhatsApp-Image-2022-06-15-at-10.14.29-AM-600x600.jpeg",600,600,true],"cvmm-large":["https:\/\/diariolanoticia.com.mx\/wp-content\/uploads\/2022\/06\/WhatsApp-Image-2022-06-15-at-10.14.29-AM-1024x853.jpeg",1024,853,true],"cvmm-small":["https:\/\/diariolanoticia.com.mx\/wp-content\/uploads\/2022\/06\/WhatsApp-Image-2022-06-15-at-10.14.29-AM-130x95.jpeg",130,95,true],"full":["https:\/\/diariolanoticia.com.mx\/wp-content\/uploads\/2022\/06\/WhatsApp-Image-2022-06-15-at-10.14.29-AM.jpeg",1280,853,false]},"_links":{"self":[{"href":"https:\/\/diariolanoticia.com.mx\/index.php?rest_route=\/wp\/v2\/posts\/95514","targetHints":{"allow":["GET"]}}],"collection":[{"href":"https:\/\/diariolanoticia.com.mx\/index.php?rest_route=\/wp\/v2\/posts"}],"about":[{"href":"https:\/\/diariolanoticia.com.mx\/index.php?rest_route=\/wp\/v2\/types\/post"}],"author":[{"embeddable":true,"href":"https:\/\/diariolanoticia.com.mx\/index.php?rest_route=\/wp\/v2\/users\/1"}],"replies":[{"embeddable":true,"href":"https:\/\/diariolanoticia.com.mx\/index.php?rest_route=%2Fwp%2Fv2%2Fcomments&post=95514"}],"version-history":[{"count":1,"href":"https:\/\/diariolanoticia.com.mx\/index.php?rest_route=\/wp\/v2\/posts\/95514\/revisions"}],"predecessor-version":[{"id":95516,"href":"https:\/\/diariolanoticia.com.mx\/index.php?rest_route=\/wp\/v2\/posts\/95514\/revisions\/95516"}],"wp:featuredmedia":[{"embeddable":true,"href":"https:\/\/diariolanoticia.com.mx\/index.php?rest_route=\/wp\/v2\/media\/95515"}],"wp:attachment":[{"href":"https:\/\/diariolanoticia.com.mx\/index.php?rest_route=%2Fwp%2Fv2%2Fmedia&parent=95514"}],"wp:term":[{"taxonomy":"category","embeddable":true,"href":"https:\/\/diariolanoticia.com.mx\/index.php?rest_route=%2Fwp%2Fv2%2Fcategories&post=95514"},{"taxonomy":"post_tag","embeddable":true,"href":"https:\/\/diariolanoticia.com.mx\/index.php?rest_route=%2Fwp%2Fv2%2Ftags&post=95514"}],"curies":[{"name":"wp","href":"https:\/\/api.w.org\/{rel}","templated":true}]}}