{"id":95989,"date":"2022-06-25T15:10:17","date_gmt":"2022-06-25T20:10:17","guid":{"rendered":"https:\/\/diariolanoticia.com.mx\/?p=95989"},"modified":"2022-06-25T15:10:18","modified_gmt":"2022-06-25T20:10:18","slug":"convoca-gonierno-de-xaltocan-al-programa-bienestar-para-tu-salud","status":"publish","type":"post","link":"https:\/\/diariolanoticia.com.mx\/?p=95989","title":{"rendered":"Convoca gonierno de Xaltocan al programa \u00abBienestar para tu salud\u00bb"},"content":{"rendered":"\n<p><a href=\"https:\/\/www.facebook.com\/hashtag\/atenci%C3%B3n?__eep__=6&amp;__tn__=*NK*F\">#Atenci\u00f3n<\/a>\u00a0|\u00a0<img loading=\"lazy\" decoding=\"async\" height=\"16\" width=\"16\" alt=\"\u2695\ufe0f\" src=\"https:\/\/static.xx.fbcdn.net\/images\/emoji.php\/v9\/t89\/1\/16\/2695.png\">Si no cuentas con ning\u00fan servicio de salud, puedes inscribirte al programa \u00abBienestar para tu salud\u00bb.<br>Es por eso que el gobierno que encabeza Jos\u00e9 Luis Hern\u00e1ndez y preocupado por la salud de los habitantes exhorta a qu\u00e9 cheques los datos para poderte inscribir aqu\u00ed<br><img loading=\"lazy\" decoding=\"async\" height=\"16\" width=\"16\" alt=\"\ud83c\udfe5\" src=\"https:\/\/static.xx.fbcdn.net\/images\/emoji.php\/v9\/t7b\/1\/16\/1f3e5.png\">Aqu\u00ed hay m\u00e1s informaci\u00f3n.<img loading=\"lazy\" decoding=\"async\" height=\"16\" width=\"16\" alt=\"\ud83d\udc47\" src=\"https:\/\/static.xx.fbcdn.net\/images\/emoji.php\/v9\/t4f\/1\/16\/1f447.png\"><br><img loading=\"lazy\" decoding=\"async\" height=\"16\" width=\"16\" alt=\"\ud83e\ude79\" src=\"https:\/\/static.xx.fbcdn.net\/images\/emoji.php\/v9\/t9b\/1\/16\/1fa79.png\"><a href=\"https:\/\/www.facebook.com\/hashtag\/asanarxaltocan?__eep__=6&amp;__tn__=*NK*F\">#ASanarXaltocan<\/a><br><img loading=\"lazy\" decoding=\"async\" height=\"16\" width=\"16\" alt=\"\ud83e\ude7a\" src=\"https:\/\/static.xx.fbcdn.net\/images\/emoji.php\/v9\/tc3\/1\/16\/1fa7a.png\"><a href=\"https:\/\/www.facebook.com\/hashtag\/decisi%C3%B3nyfirmeza?__eep__=6&amp;__tn__=*NK*F\">#Decisi\u00f3nYFirmeza<\/a><\/p>\n","protected":false},"excerpt":{"rendered":"<p>#Atenci\u00f3n\u00a0|\u00a0Si no cuentas con ning\u00fan servicio de salud, puedes inscribirte al programa \u00abBienestar para tu salud\u00bb.Es por eso que el gobierno que encabeza Jos\u00e9 Luis Hern\u00e1ndez y preocupado por la salud de los habitantes exhorta a qu\u00e9 cheques los datos para poderte inscribir aqu\u00edAqu\u00ed hay m\u00e1s informaci\u00f3n.#ASanarXaltocan#Decisi\u00f3nYFirmeza<\/p>\n","protected":false},"author":1,"featured_media":95990,"comment_status":"open","ping_status":"open","sticky":false,"template":"","format":"standard","meta":{"footnotes":""},"categories":[258],"tags":[],"class_list":["post-95989","post","type-post","status-publish","format-standard","has-post-thumbnail","hentry","category-xaltocan-municipios"],"blog_post_layout_featured_media_urls":{"thumbnail":["https:\/\/diariolanoticia.com.mx\/wp-content\/uploads\/2022\/06\/290513604_436749438458428_1644553540642292041_n-216x160.jpg",216,160,true],"full":["https:\/\/diariolanoticia.com.mx\/wp-content\/uploads\/2022\/06\/290513604_436749438458428_1644553540642292041_n.jpg",1080,1528,false]},"categories_names":{"258":{"name":"Xaltocan","link":"https:\/\/diariolanoticia.com.mx\/?cat=258"}},"tags_names":[],"comments_number":"0","wpmagazine_modules_lite_featured_media_urls":{"thumbnail":["https:\/\/diariolanoticia.com.mx\/wp-content\/uploads\/2022\/06\/290513604_436749438458428_1644553540642292041_n-216x160.jpg",216,160,true],"cvmm-medium":["https:\/\/diariolanoticia.com.mx\/wp-content\/uploads\/2022\/06\/290513604_436749438458428_1644553540642292041_n-300x300.jpg",300,300,true],"cvmm-medium-plus":["https:\/\/diariolanoticia.com.mx\/wp-content\/uploads\/2022\/06\/290513604_436749438458428_1644553540642292041_n-305x207.jpg",305,207,true],"cvmm-portrait":["https:\/\/diariolanoticia.com.mx\/wp-content\/uploads\/2022\/06\/290513604_436749438458428_1644553540642292041_n-400x600.jpg",400,600,true],"cvmm-medium-square":["https:\/\/diariolanoticia.com.mx\/wp-content\/uploads\/2022\/06\/290513604_436749438458428_1644553540642292041_n-600x600.jpg",600,600,true],"cvmm-large":["https:\/\/diariolanoticia.com.mx\/wp-content\/uploads\/2022\/06\/290513604_436749438458428_1644553540642292041_n-1024x1024.jpg",1024,1024,true],"cvmm-small":["https:\/\/diariolanoticia.com.mx\/wp-content\/uploads\/2022\/06\/290513604_436749438458428_1644553540642292041_n-130x95.jpg",130,95,true],"full":["https:\/\/diariolanoticia.com.mx\/wp-content\/uploads\/2022\/06\/290513604_436749438458428_1644553540642292041_n.jpg",1080,1528,false]},"_links":{"self":[{"href":"https:\/\/diariolanoticia.com.mx\/index.php?rest_route=\/wp\/v2\/posts\/95989","targetHints":{"allow":["GET"]}}],"collection":[{"href":"https:\/\/diariolanoticia.com.mx\/index.php?rest_route=\/wp\/v2\/posts"}],"about":[{"href":"https:\/\/diariolanoticia.com.mx\/index.php?rest_route=\/wp\/v2\/types\/post"}],"author":[{"embeddable":true,"href":"https:\/\/diariolanoticia.com.mx\/index.php?rest_route=\/wp\/v2\/users\/1"}],"replies":[{"embeddable":true,"href":"https:\/\/diariolanoticia.com.mx\/index.php?rest_route=%2Fwp%2Fv2%2Fcomments&post=95989"}],"version-history":[{"count":1,"href":"https:\/\/diariolanoticia.com.mx\/index.php?rest_route=\/wp\/v2\/posts\/95989\/revisions"}],"predecessor-version":[{"id":95991,"href":"https:\/\/diariolanoticia.com.mx\/index.php?rest_route=\/wp\/v2\/posts\/95989\/revisions\/95991"}],"wp:featuredmedia":[{"embeddable":true,"href":"https:\/\/diariolanoticia.com.mx\/index.php?rest_route=\/wp\/v2\/media\/95990"}],"wp:attachment":[{"href":"https:\/\/diariolanoticia.com.mx\/index.php?rest_route=%2Fwp%2Fv2%2Fmedia&parent=95989"}],"wp:term":[{"taxonomy":"category","embeddable":true,"href":"https:\/\/diariolanoticia.com.mx\/index.php?rest_route=%2Fwp%2Fv2%2Fcategories&post=95989"},{"taxonomy":"post_tag","embeddable":true,"href":"https:\/\/diariolanoticia.com.mx\/index.php?rest_route=%2Fwp%2Fv2%2Ftags&post=95989"}],"curies":[{"name":"wp","href":"https:\/\/api.w.org\/{rel}","templated":true}]}}