{"id":96361,"date":"2022-07-05T11:28:45","date_gmt":"2022-07-05T16:28:45","guid":{"rendered":"https:\/\/diariolanoticia.com.mx\/?p=96361"},"modified":"2022-07-05T11:28:45","modified_gmt":"2022-07-05T16:28:45","slug":"sera-chignahuapan-sede-regional-de-juicio-oral-familiar","status":"publish","type":"post","link":"https:\/\/diariolanoticia.com.mx\/?p=96361","title":{"rendered":"Ser\u00e1 Chignahuapan sede regional de juicio oral familiar"},"content":{"rendered":"\n<p>Zacatl\u00e1n.- H\u00e9ctor S\u00e1nchez S\u00e1nchez presidente del Tribunal Superior de Justicia del Estado, anunci\u00f3 que el municipios de Chignahuapan, ser\u00e1 la sede para realizar juicios orales en materia familiar, sala en la que ser\u00e1n atendidos asuntos legales de la regi\u00f3n, incluidos Zacatl\u00e1n.<\/p>\n\n\n\n<p>Las audiencias en materia familiar, explic\u00f3 el Magistrado Presidente, contar\u00e1n con Jueces capacitados para resolver de forma pronta, expedita y transparente las demandas existentes como un medio directo de atenci\u00f3n.<\/p>\n\n\n\n<p>S\u00e1nchez S\u00e1nchez, agreg\u00f3 que el Ayuntamiento de Zacatl\u00e1n ofreci\u00f3 un predio para la construcci\u00f3n de un Centro de Convivencia Familiar, lo que a corto plazo generar\u00e1 que la demarcaci\u00f3n de las manzanas sea la primera sede regional en contar con un espacio completo en juzgados, centro familiar y justicia alternativa, lo que agradeci\u00f3 al alcalde zacateco Pepe M\u00e1rquez Mart\u00ednez.<\/p>\n\n\n\n<p>Finalmente anunci\u00f3 capacitaciones para litigantes, p\u00fablicos en general e interesados en temas de familiar a trav\u00e9s de juicio oral, cursos que se desarrollar\u00e1n en el pr\u00f3ximo mes de agosto en Chignahuapan y Zacatl\u00e1n, v\u00eda presencial y digital.<\/p>\n","protected":false},"excerpt":{"rendered":"<p>Zacatl\u00e1n.- H\u00e9ctor S\u00e1nchez S\u00e1nchez presidente del Tribunal Superior de Justicia del Estado, anunci\u00f3 que el municipios de Chignahuapan, ser\u00e1 la sede para realizar juicios orales en materia familiar, sala en la que ser\u00e1n atendidos asuntos legales de la regi\u00f3n, incluidos Zacatl\u00e1n. Las audiencias en materia familiar, explic\u00f3 el Magistrado Presidente, contar\u00e1n con Jueces capacitados para [&hellip;]<\/p>\n","protected":false},"author":1,"featured_media":96360,"comment_status":"open","ping_status":"open","sticky":false,"template":"","format":"standard","meta":{"footnotes":""},"categories":[20],"tags":[49],"class_list":["post-96361","post","type-post","status-publish","format-standard","has-post-thumbnail","hentry","category-norte-de-puebla","tag-zacatlan"],"blog_post_layout_featured_media_urls":{"thumbnail":["https:\/\/diariolanoticia.com.mx\/wp-content\/uploads\/2022\/07\/mg_6639-216x160.jpg",216,160,true],"full":["https:\/\/diariolanoticia.com.mx\/wp-content\/uploads\/2022\/07\/mg_6639.jpg",1500,844,false]},"categories_names":{"20":{"name":"Norte de Puebla","link":"https:\/\/diariolanoticia.com.mx\/?cat=20"}},"tags_names":{"49":{"name":"Zacatl\u00e1n","link":"https:\/\/diariolanoticia.com.mx\/?tag=zacatlan"}},"comments_number":"0","wpmagazine_modules_lite_featured_media_urls":{"thumbnail":["https:\/\/diariolanoticia.com.mx\/wp-content\/uploads\/2022\/07\/mg_6639-216x160.jpg",216,160,true],"cvmm-medium":["https:\/\/diariolanoticia.com.mx\/wp-content\/uploads\/2022\/07\/mg_6639-300x300.jpg",300,300,true],"cvmm-medium-plus":["https:\/\/diariolanoticia.com.mx\/wp-content\/uploads\/2022\/07\/mg_6639-305x207.jpg",305,207,true],"cvmm-portrait":["https:\/\/diariolanoticia.com.mx\/wp-content\/uploads\/2022\/07\/mg_6639-400x600.jpg",400,600,true],"cvmm-medium-square":["https:\/\/diariolanoticia.com.mx\/wp-content\/uploads\/2022\/07\/mg_6639-600x600.jpg",600,600,true],"cvmm-large":["https:\/\/diariolanoticia.com.mx\/wp-content\/uploads\/2022\/07\/mg_6639-1024x844.jpg",1024,844,true],"cvmm-small":["https:\/\/diariolanoticia.com.mx\/wp-content\/uploads\/2022\/07\/mg_6639-130x95.jpg",130,95,true],"full":["https:\/\/diariolanoticia.com.mx\/wp-content\/uploads\/2022\/07\/mg_6639.jpg",1500,844,false]},"_links":{"self":[{"href":"https:\/\/diariolanoticia.com.mx\/index.php?rest_route=\/wp\/v2\/posts\/96361","targetHints":{"allow":["GET"]}}],"collection":[{"href":"https:\/\/diariolanoticia.com.mx\/index.php?rest_route=\/wp\/v2\/posts"}],"about":[{"href":"https:\/\/diariolanoticia.com.mx\/index.php?rest_route=\/wp\/v2\/types\/post"}],"author":[{"embeddable":true,"href":"https:\/\/diariolanoticia.com.mx\/index.php?rest_route=\/wp\/v2\/users\/1"}],"replies":[{"embeddable":true,"href":"https:\/\/diariolanoticia.com.mx\/index.php?rest_route=%2Fwp%2Fv2%2Fcomments&post=96361"}],"version-history":[{"count":1,"href":"https:\/\/diariolanoticia.com.mx\/index.php?rest_route=\/wp\/v2\/posts\/96361\/revisions"}],"predecessor-version":[{"id":96362,"href":"https:\/\/diariolanoticia.com.mx\/index.php?rest_route=\/wp\/v2\/posts\/96361\/revisions\/96362"}],"wp:featuredmedia":[{"embeddable":true,"href":"https:\/\/diariolanoticia.com.mx\/index.php?rest_route=\/wp\/v2\/media\/96360"}],"wp:attachment":[{"href":"https:\/\/diariolanoticia.com.mx\/index.php?rest_route=%2Fwp%2Fv2%2Fmedia&parent=96361"}],"wp:term":[{"taxonomy":"category","embeddable":true,"href":"https:\/\/diariolanoticia.com.mx\/index.php?rest_route=%2Fwp%2Fv2%2Fcategories&post=96361"},{"taxonomy":"post_tag","embeddable":true,"href":"https:\/\/diariolanoticia.com.mx\/index.php?rest_route=%2Fwp%2Fv2%2Ftags&post=96361"}],"curies":[{"name":"wp","href":"https:\/\/api.w.org\/{rel}","templated":true}]}}