{"id":96774,"date":"2022-07-18T10:59:12","date_gmt":"2022-07-18T15:59:12","guid":{"rendered":"https:\/\/diariolanoticia.com.mx\/?p=96774"},"modified":"2022-07-18T10:59:13","modified_gmt":"2022-07-18T15:59:13","slug":"corona-presidente-de-tetla-a-jagtziri-geraldine-rodriguez-como-reina-de-la-feria-2022","status":"publish","type":"post","link":"https:\/\/diariolanoticia.com.mx\/?p=96774","title":{"rendered":"Corona presidente de Tetla a Jagtziri Geraldine Rodr\u00edguez como Reina de la Feria 2022"},"content":{"rendered":"\n<p>Diez chicas participaron en este certamen, poniendo en alto la belleza, inteligencia y orgullo de ser originarias del tambi\u00e9n \u201cLugar Pedregoso\u201dEl presidente municipal de Tetla de la Solidaridad, Andr\u00e9s Ram\u00edrez Galicia, acompa\u00f1ado de la presidenta honorifica del Sistema Municipal para el Desarrollo Integral de la Familia (SMDIF), Catalina Vargas P\u00e9rez, coron\u00f3 a Jagtziri Geraldine Rodr\u00edguez Morales como Reina de la Feria 2022, adem\u00e1s a las princesas Yeshika Carrillo Zamora y a Gema Patricia Rodr\u00edguez Romero, quienes dignamente representar\u00e1n al municipio en esta edici\u00f3n de la fiesta patronal. Entre porras, aplausos, se vivi\u00f3 este concurso, en el que participaron 10 chicas, representantes de las comunidades de Actipac, Teotlalpan, Chiautzingo, Agr\u00edcola de Dolores, San Bartolom\u00e9 Matlalohcan, Jos\u00e9 Mar\u00eda Morelos y Pav\u00f3n y San Francisco Atexcatzinco, quienes, con su belleza, actitud e inteligencia, pusieron en alto a la mujer tetlense.El jurado que calific\u00f3 a las participantes, estuvo integrado por Liliana S\u00e1nchez, Nuestra Belleza Prepa; Carolina Garc\u00eda, Miss H2O Tlaxcala; Denisse Escalante Ortega, Jefa de Oficina y Promoci\u00f3n Tur\u00edstica del Estado, Crescencio Tlilayatzi Xochitemol, Dise\u00f1ador Tlaxcalteca, quienes, evaluaron cada detalle de las concursantes, y as\u00ed determinar, qui\u00e9nes pod\u00edan pasar a la final y posteriormente eligieron a la ganadora de este Certamen. Se\u00f1alar que, a la Reina de Feria, se le otorg\u00f3 un a\u00f1o gimnasio gratis, un viaje todo pagado para tres personas a Acapulco, una sesi\u00f3n de u\u00f1as y un outfit, en tanto a las princesas, se les obsequio, seis meses de gimnasio, sin olvidar el reconocimiento a las dem\u00e1s concursantes, que pusieron su empe\u00f1o y esfuerzo en la pasarela. Finalmente, Ram\u00edrez Galicia, se congratul\u00f3 por el \u00e9xito obtenido en este primer evento previo, a la Feria Patronal Tetla 2022, al mismo tiempo invit\u00f3 a los ciudadanos a los eventos que se realizar\u00e1n del 23 al 31 de julio, \u201chabr\u00e1 actividades para todos los gustos y edades no se la pierdan, ser\u00e1n espect\u00e1culos de primer nivel\u201d, concluy\u00f3.<\/p>\n","protected":false},"excerpt":{"rendered":"<p>Diez chicas participaron en este certamen, poniendo en alto la belleza, inteligencia y orgullo de ser originarias del tambi\u00e9n \u201cLugar Pedregoso\u201dEl presidente municipal de Tetla de la Solidaridad, Andr\u00e9s Ram\u00edrez Galicia, acompa\u00f1ado de la presidenta honorifica del Sistema Municipal para el Desarrollo Integral de la Familia (SMDIF), Catalina Vargas P\u00e9rez, coron\u00f3 a Jagtziri Geraldine Rodr\u00edguez [&hellip;]<\/p>\n","protected":false},"author":1,"featured_media":96775,"comment_status":"open","ping_status":"open","sticky":false,"template":"","format":"standard","meta":{"footnotes":""},"categories":[37],"tags":[],"class_list":["post-96774","post","type-post","status-publish","format-standard","has-post-thumbnail","hentry","category-tetla"],"blog_post_layout_featured_media_urls":{"thumbnail":["https:\/\/diariolanoticia.com.mx\/wp-content\/uploads\/2022\/07\/294223472_453974696735902_2014888127253201639_n-216x160.jpg",216,160,true],"full":["https:\/\/diariolanoticia.com.mx\/wp-content\/uploads\/2022\/07\/294223472_453974696735902_2014888127253201639_n.jpg",1280,853,false]},"categories_names":{"37":{"name":"Tetla","link":"https:\/\/diariolanoticia.com.mx\/?cat=37"}},"tags_names":[],"comments_number":"0","wpmagazine_modules_lite_featured_media_urls":{"thumbnail":["https:\/\/diariolanoticia.com.mx\/wp-content\/uploads\/2022\/07\/294223472_453974696735902_2014888127253201639_n-216x160.jpg",216,160,true],"cvmm-medium":["https:\/\/diariolanoticia.com.mx\/wp-content\/uploads\/2022\/07\/294223472_453974696735902_2014888127253201639_n-300x300.jpg",300,300,true],"cvmm-medium-plus":["https:\/\/diariolanoticia.com.mx\/wp-content\/uploads\/2022\/07\/294223472_453974696735902_2014888127253201639_n-305x207.jpg",305,207,true],"cvmm-portrait":["https:\/\/diariolanoticia.com.mx\/wp-content\/uploads\/2022\/07\/294223472_453974696735902_2014888127253201639_n-400x600.jpg",400,600,true],"cvmm-medium-square":["https:\/\/diariolanoticia.com.mx\/wp-content\/uploads\/2022\/07\/294223472_453974696735902_2014888127253201639_n-600x600.jpg",600,600,true],"cvmm-large":["https:\/\/diariolanoticia.com.mx\/wp-content\/uploads\/2022\/07\/294223472_453974696735902_2014888127253201639_n-1024x853.jpg",1024,853,true],"cvmm-small":["https:\/\/diariolanoticia.com.mx\/wp-content\/uploads\/2022\/07\/294223472_453974696735902_2014888127253201639_n-130x95.jpg",130,95,true],"full":["https:\/\/diariolanoticia.com.mx\/wp-content\/uploads\/2022\/07\/294223472_453974696735902_2014888127253201639_n.jpg",1280,853,false]},"_links":{"self":[{"href":"https:\/\/diariolanoticia.com.mx\/index.php?rest_route=\/wp\/v2\/posts\/96774","targetHints":{"allow":["GET"]}}],"collection":[{"href":"https:\/\/diariolanoticia.com.mx\/index.php?rest_route=\/wp\/v2\/posts"}],"about":[{"href":"https:\/\/diariolanoticia.com.mx\/index.php?rest_route=\/wp\/v2\/types\/post"}],"author":[{"embeddable":true,"href":"https:\/\/diariolanoticia.com.mx\/index.php?rest_route=\/wp\/v2\/users\/1"}],"replies":[{"embeddable":true,"href":"https:\/\/diariolanoticia.com.mx\/index.php?rest_route=%2Fwp%2Fv2%2Fcomments&post=96774"}],"version-history":[{"count":1,"href":"https:\/\/diariolanoticia.com.mx\/index.php?rest_route=\/wp\/v2\/posts\/96774\/revisions"}],"predecessor-version":[{"id":96776,"href":"https:\/\/diariolanoticia.com.mx\/index.php?rest_route=\/wp\/v2\/posts\/96774\/revisions\/96776"}],"wp:featuredmedia":[{"embeddable":true,"href":"https:\/\/diariolanoticia.com.mx\/index.php?rest_route=\/wp\/v2\/media\/96775"}],"wp:attachment":[{"href":"https:\/\/diariolanoticia.com.mx\/index.php?rest_route=%2Fwp%2Fv2%2Fmedia&parent=96774"}],"wp:term":[{"taxonomy":"category","embeddable":true,"href":"https:\/\/diariolanoticia.com.mx\/index.php?rest_route=%2Fwp%2Fv2%2Fcategories&post=96774"},{"taxonomy":"post_tag","embeddable":true,"href":"https:\/\/diariolanoticia.com.mx\/index.php?rest_route=%2Fwp%2Fv2%2Ftags&post=96774"}],"curies":[{"name":"wp","href":"https:\/\/api.w.org\/{rel}","templated":true}]}}