{"id":96882,"date":"2022-07-19T14:44:43","date_gmt":"2022-07-19T19:44:43","guid":{"rendered":"https:\/\/diariolanoticia.com.mx\/?p=96882"},"modified":"2022-07-19T14:44:43","modified_gmt":"2022-07-19T19:44:43","slug":"sedif-impulsa-acciones-para-eliminar-toda-forma-de-exclusion-mbh","status":"publish","type":"post","link":"https:\/\/diariolanoticia.com.mx\/?p=96882","title":{"rendered":"SEDIF impulsa acciones para eliminar toda forma de exclusi\u00f3n: MBH"},"content":{"rendered":"\n<p>&#8211; El gobernador y la presidenta honoraria del Patronato del organismo inauguraron la Rehabilitaci\u00f3n del Centro de Atenci\u00f3n Integral para Ceguera y Debilidad Visual<\/p>\n\n\n\n<p>-Desde el Sistema Estatal DIF son realizadas labores \u201cmaravillosas\u201d para apoyar a los sectores m\u00e1s vulnerables, agreg\u00f3<\/p>\n\n\n\n<p>CIUDAD DE PUEBLA, Pue. \u2013 Sin negocios, con total transparencia y sin limitaciones, el Sistema para el Desarrollo Integral de la Familia del Estado (SEDIF) impulsa acciones para beneficio de las y los poblanos en situaci\u00f3n de vulnerabilidad, as\u00ed como para eliminar toda forma de exclusi\u00f3n, puntualiz\u00f3 el gobernador Miguel Barbosa Huerta.<\/p>\n\n\n\n<p>Durante la inauguraci\u00f3n de la Rehabilitaci\u00f3n del Centro de Atenci\u00f3n Integral para Ceguera y Debilidad Visual, y en compa\u00f1\u00eda de la presidenta honoraria del Patronato del organismo, Rosario Orozco Caballero, el titular del Ejecutivo recalc\u00f3 que desde el SEDIF son realizadas labores \u201cmaravillosas\u201d para apoyar a quien m\u00e1s lo necesita sin pedir nada a cambio o condicionantes.<\/p>\n\n\n\n<p>Inform\u00f3 que pr\u00f3ximamente ser\u00e1 inaugurada la nueva Casa de Asistencia para ni\u00f1as, ni\u00f1os y adolescentes migrantes acompa\u00f1ados. Lo anterior, dijo, es muestra de que el gobierno estatal construye iniciativas para brindar todo el apoyo necesario para quienes requieren cuidado.<\/p>\n\n\n\n<p>Barbosa Huerta reiter\u00f3 que, a diferencia del pasado en el que serv\u00eda como centro de operaci\u00f3n pol\u00edtica, hoy el SEDIF cumple con su labor humana y de ser cercano a quienes m\u00e1s lo necesitan.<\/p>\n\n\n\n<p><strong>CON VISI\u00d3N TRANSFORMADORA, GOBIERNO DE PUEBLA APOYA A PERSONAS VULNERABLES: LEONOR VARGAS<\/strong><\/p>\n\n\n\n<p>La directora general del SEDIF, Leonor Vargas Gallegos coment\u00f3 que, en este centro de atenci\u00f3n, el organismo brindar\u00e1 herramientas y estrategias para favorecer la autonom\u00eda, independencia y real inclusi\u00f3n social de las personas con discapacidad visual, tales como terapia f\u00edsica y ocupacional, sal\u00f3n de Braille, c\u00e1mara multisensorial, talleres de masoterapia, c\u00f3mputo adaptado, M\u00e1quinas Perkins, \u00c1baco Cranmer, pintura, m\u00fasica, orientaci\u00f3n y movilidad, actividades de la vida diaria, as\u00ed como servicios de biblioteca y psicolog\u00eda.<\/p>\n\n\n\n<p>Se\u00f1al\u00f3 que este inmueble fue abandonado por administraciones anteriores, ya que no era considerado de inter\u00e9s para fines electorales o para eventos privados, por lo que, con la visi\u00f3n transformadora del actual gobierno, fue rescatado para beneficiar con servicios dignos a quienes est\u00e1n en situaci\u00f3n de vulnerabilidad, tanto de la capital como del interior del estado.<\/p>\n\n\n\n<p><strong>REFUERZA INFRAESTRUCTURA CIMIENTOS DE CENTRO DE ATENCI\u00d3N PARA CEGUERA<\/strong><\/p>\n\n\n\n<p>El secretario de Infraestructura, Luis Roberto Tenorio Garc\u00eda explic\u00f3 que la rehabilitaci\u00f3n del Centro de Atenci\u00f3n para Ceguera y Debilidad Visual es una obra con alto sentido social.<\/p>\n\n\n\n<p>Detall\u00f3 que la dependencia intervino 980 metros cuadrados de rehabilitaci\u00f3n estructural, ya que el edificio presentaba hundimientos, por lo anterior realiz\u00f3 la recimentaci\u00f3n, reforz\u00f3 la estructura de la fachada, sustituy\u00f3 instalaciones hidrosanitarias como el\u00e9ctrica; hizo impermeabilizaci\u00f3n, acabados, herrer\u00eda, canceler\u00eda y aluminio faltante, as\u00ed como la instalaci\u00f3n de letreros y r\u00f3tulos.<\/p>\n\n\n\n<p>En el acto estuvieron presentes el secretario de Salud, Jos\u00e9 Antonio Mart\u00ednez Garc\u00eda; la titular de la Unidad de Asistencia Social y Salud del SEDIF, Denisse Ortiz P\u00e9rez, as\u00ed como el director de Inclusi\u00f3n y Rehabilitaci\u00f3n Social del SEDIF, Jorge Ben\u00edtez Samaniego.<\/p>\n\n\n\n<figure class=\"wp-block-gallery has-nested-images columns-default is-cropped wp-block-gallery-1 is-layout-flex wp-block-gallery-is-layout-flex\">\n<figure class=\"wp-block-image\"><img decoding=\"async\" data-id=\"-537765567\" src=\"file:\/\/\/private\/var\/mobile\/Containers\/Data\/Application\/0F093B62-1DA1-4734-8BEC-B4707155CD89\/tmp\/-537765567.jpg\" alt=\"\" class=\"wp-image--537765567\"\/><\/figure>\n\n\n\n<figure class=\"wp-block-image\"><img decoding=\"async\" data-id=\"535976258\" src=\"file:\/\/\/private\/var\/mobile\/Containers\/Data\/Application\/0F093B62-1DA1-4734-8BEC-B4707155CD89\/tmp\/535976258.jpg\" alt=\"\" class=\"wp-image-535976258\"\/><\/figure>\n\n\n\n<figure class=\"wp-block-image\"><img decoding=\"async\" data-id=\"535976506\" src=\"file:\/\/\/var\/mobile\/Containers\/Data\/Application\/0F093B62-1DA1-4734-8BEC-B4707155CD89\/Library\/Caches\/Media\/thumbnail-p15810-2436x2436.jpeg\" alt=\"\" class=\"wp-image-535976506\"\/><\/figure>\n\n\n\n<figure class=\"wp-block-image\"><img decoding=\"async\" data-id=\"1609718331\" src=\"file:\/\/\/var\/mobile\/Containers\/Data\/Application\/0F093B62-1DA1-4734-8BEC-B4707155CD89\/Library\/Caches\/Media\/thumbnail-p15811-2436x2436.jpeg\" alt=\"\" class=\"wp-image-1609718331\"\/><\/figure>\n<\/figure>\n","protected":false},"excerpt":{"rendered":"<p>&#8211; El gobernador y la presidenta honoraria del Patronato del organismo inauguraron la Rehabilitaci\u00f3n del Centro de Atenci\u00f3n Integral para Ceguera y Debilidad Visual -Desde el Sistema Estatal DIF son realizadas labores \u201cmaravillosas\u201d para apoyar a los sectores m\u00e1s vulnerables, agreg\u00f3 CIUDAD DE PUEBLA, Pue. \u2013 Sin negocios, con total transparencia y sin limitaciones, el [&hellip;]<\/p>\n","protected":false},"author":1,"featured_media":96877,"comment_status":"open","ping_status":"open","sticky":false,"template":"","format":"standard","meta":{"footnotes":""},"categories":[20],"tags":[],"class_list":["post-96882","post","type-post","status-publish","format-standard","has-post-thumbnail","hentry","category-norte-de-puebla"],"blog_post_layout_featured_media_urls":{"thumbnail":["https:\/\/diariolanoticia.com.mx\/wp-content\/uploads\/2022\/07\/img_3977-216x160.jpg",216,160,true],"full":["https:\/\/diariolanoticia.com.mx\/wp-content\/uploads\/2022\/07\/img_3977.jpg",1280,853,false]},"categories_names":{"20":{"name":"Norte de Puebla","link":"https:\/\/diariolanoticia.com.mx\/?cat=20"}},"tags_names":[],"comments_number":"0","wpmagazine_modules_lite_featured_media_urls":{"thumbnail":["https:\/\/diariolanoticia.com.mx\/wp-content\/uploads\/2022\/07\/img_3977-216x160.jpg",216,160,true],"cvmm-medium":["https:\/\/diariolanoticia.com.mx\/wp-content\/uploads\/2022\/07\/img_3977-300x300.jpg",300,300,true],"cvmm-medium-plus":["https:\/\/diariolanoticia.com.mx\/wp-content\/uploads\/2022\/07\/img_3977-305x207.jpg",305,207,true],"cvmm-portrait":["https:\/\/diariolanoticia.com.mx\/wp-content\/uploads\/2022\/07\/img_3977-400x600.jpg",400,600,true],"cvmm-medium-square":["https:\/\/diariolanoticia.com.mx\/wp-content\/uploads\/2022\/07\/img_3977-600x600.jpg",600,600,true],"cvmm-large":["https:\/\/diariolanoticia.com.mx\/wp-content\/uploads\/2022\/07\/img_3977-1024x853.jpg",1024,853,true],"cvmm-small":["https:\/\/diariolanoticia.com.mx\/wp-content\/uploads\/2022\/07\/img_3977-130x95.jpg",130,95,true],"full":["https:\/\/diariolanoticia.com.mx\/wp-content\/uploads\/2022\/07\/img_3977.jpg",1280,853,false]},"_links":{"self":[{"href":"https:\/\/diariolanoticia.com.mx\/index.php?rest_route=\/wp\/v2\/posts\/96882","targetHints":{"allow":["GET"]}}],"collection":[{"href":"https:\/\/diariolanoticia.com.mx\/index.php?rest_route=\/wp\/v2\/posts"}],"about":[{"href":"https:\/\/diariolanoticia.com.mx\/index.php?rest_route=\/wp\/v2\/types\/post"}],"author":[{"embeddable":true,"href":"https:\/\/diariolanoticia.com.mx\/index.php?rest_route=\/wp\/v2\/users\/1"}],"replies":[{"embeddable":true,"href":"https:\/\/diariolanoticia.com.mx\/index.php?rest_route=%2Fwp%2Fv2%2Fcomments&post=96882"}],"version-history":[{"count":1,"href":"https:\/\/diariolanoticia.com.mx\/index.php?rest_route=\/wp\/v2\/posts\/96882\/revisions"}],"predecessor-version":[{"id":96883,"href":"https:\/\/diariolanoticia.com.mx\/index.php?rest_route=\/wp\/v2\/posts\/96882\/revisions\/96883"}],"wp:featuredmedia":[{"embeddable":true,"href":"https:\/\/diariolanoticia.com.mx\/index.php?rest_route=\/wp\/v2\/media\/96877"}],"wp:attachment":[{"href":"https:\/\/diariolanoticia.com.mx\/index.php?rest_route=%2Fwp%2Fv2%2Fmedia&parent=96882"}],"wp:term":[{"taxonomy":"category","embeddable":true,"href":"https:\/\/diariolanoticia.com.mx\/index.php?rest_route=%2Fwp%2Fv2%2Fcategories&post=96882"},{"taxonomy":"post_tag","embeddable":true,"href":"https:\/\/diariolanoticia.com.mx\/index.php?rest_route=%2Fwp%2Fv2%2Ftags&post=96882"}],"curies":[{"name":"wp","href":"https:\/\/api.w.org\/{rel}","templated":true}]}}