{"id":96884,"date":"2022-07-19T16:46:33","date_gmt":"2022-07-19T21:46:33","guid":{"rendered":"https:\/\/diariolanoticia.com.mx\/?p=96884"},"modified":"2022-07-19T16:46:34","modified_gmt":"2022-07-19T21:46:34","slug":"entregan-pension-a-adultos-mayores-alcalde-de-tetla-y-delegado-del-bienestar","status":"publish","type":"post","link":"https:\/\/diariolanoticia.com.mx\/?p=96884","title":{"rendered":"Entregan pensi\u00f3n a adultos mayores alcalde de Tetla y Delegado del Bienestar"},"content":{"rendered":"\n<p>Se\u00f1alar que se hizo entrega de este apoyo a mil 115 adultos mayores y a 71 personas con discapacidad<\/p>\n\n\n\n<p>El presidente municipal de Tetla de la Solidaridad, Andr\u00e9s Ram\u00edrez Galicia en conjunto con el Delegado del Bienestar Tlaxcala, Carlos Luna V\u00e1zquez, hicieron entrega de la pensi\u00f3n a mil 115 adultos mayores y a 71 personas con discapacidad, esto el pasado lunes en la comunidad de Capulac, San Francisco Atexcatzinco y la cabecera municipal.<\/p>\n\n\n\n<p>Durante el evento protocolario, el edil se comprometi\u00f3 a seguir con la gesti\u00f3n ante dicha dependencia federal y beneficiar a los sectores vulnerables, quienes son los que m\u00e1s demandan de este tipo de apoyos, ya que no tienen otra fuente de ingresos.<\/p>\n\n\n\n<p>Sostuvo ante los presentes, que el hecho de mantener un trabajo en conjunto, da pauta a que el municipio contin\u00fae incrementando el padr\u00f3n de beneficiarios.<\/p>\n\n\n\n<p>\u00abMi administraci\u00f3n mantiene un compromiso firme de seguir trabajando con el Gobierno Federal y Estatal, ya que, en conjunto, lograremos que m\u00e1s personas puedan recibir esta pensi\u00f3n y aminorar un poco el gasto que hacen nuestros adultos mayores para adquirir la canasta b\u00e1sica\u00bb, dijo.<\/p>\n\n\n\n<p>Finalmente agradeci\u00f3, al delegado Carlos Luna, por mantenerse cercano a Tetla de la Solidaridad y estar pendiente que estos recursos lleguen en tiempo y forma.<\/p>\n","protected":false},"excerpt":{"rendered":"<p>Se\u00f1alar que se hizo entrega de este apoyo a mil 115 adultos mayores y a 71 personas con discapacidad El presidente municipal de Tetla de la Solidaridad, Andr\u00e9s Ram\u00edrez Galicia en conjunto con el Delegado del Bienestar Tlaxcala, Carlos Luna V\u00e1zquez, hicieron entrega de la pensi\u00f3n a mil 115 adultos mayores y a 71 personas [&hellip;]<\/p>\n","protected":false},"author":1,"featured_media":96885,"comment_status":"open","ping_status":"open","sticky":false,"template":"","format":"standard","meta":{"footnotes":""},"categories":[37],"tags":[],"class_list":["post-96884","post","type-post","status-publish","format-standard","has-post-thumbnail","hentry","category-tetla"],"blog_post_layout_featured_media_urls":{"thumbnail":["https:\/\/diariolanoticia.com.mx\/wp-content\/uploads\/2022\/07\/F8405C31-75D9-48FE-AF4A-FD9EA7414EC1-216x160.jpeg",216,160,true],"full":["https:\/\/diariolanoticia.com.mx\/wp-content\/uploads\/2022\/07\/F8405C31-75D9-48FE-AF4A-FD9EA7414EC1.jpeg",1600,720,false]},"categories_names":{"37":{"name":"Tetla","link":"https:\/\/diariolanoticia.com.mx\/?cat=37"}},"tags_names":[],"comments_number":"0","wpmagazine_modules_lite_featured_media_urls":{"thumbnail":["https:\/\/diariolanoticia.com.mx\/wp-content\/uploads\/2022\/07\/F8405C31-75D9-48FE-AF4A-FD9EA7414EC1-216x160.jpeg",216,160,true],"cvmm-medium":["https:\/\/diariolanoticia.com.mx\/wp-content\/uploads\/2022\/07\/F8405C31-75D9-48FE-AF4A-FD9EA7414EC1-300x300.jpeg",300,300,true],"cvmm-medium-plus":["https:\/\/diariolanoticia.com.mx\/wp-content\/uploads\/2022\/07\/F8405C31-75D9-48FE-AF4A-FD9EA7414EC1-305x207.jpeg",305,207,true],"cvmm-portrait":["https:\/\/diariolanoticia.com.mx\/wp-content\/uploads\/2022\/07\/F8405C31-75D9-48FE-AF4A-FD9EA7414EC1-400x600.jpeg",400,600,true],"cvmm-medium-square":["https:\/\/diariolanoticia.com.mx\/wp-content\/uploads\/2022\/07\/F8405C31-75D9-48FE-AF4A-FD9EA7414EC1-600x600.jpeg",600,600,true],"cvmm-large":["https:\/\/diariolanoticia.com.mx\/wp-content\/uploads\/2022\/07\/F8405C31-75D9-48FE-AF4A-FD9EA7414EC1-1024x720.jpeg",1024,720,true],"cvmm-small":["https:\/\/diariolanoticia.com.mx\/wp-content\/uploads\/2022\/07\/F8405C31-75D9-48FE-AF4A-FD9EA7414EC1-130x95.jpeg",130,95,true],"full":["https:\/\/diariolanoticia.com.mx\/wp-content\/uploads\/2022\/07\/F8405C31-75D9-48FE-AF4A-FD9EA7414EC1.jpeg",1600,720,false]},"_links":{"self":[{"href":"https:\/\/diariolanoticia.com.mx\/index.php?rest_route=\/wp\/v2\/posts\/96884","targetHints":{"allow":["GET"]}}],"collection":[{"href":"https:\/\/diariolanoticia.com.mx\/index.php?rest_route=\/wp\/v2\/posts"}],"about":[{"href":"https:\/\/diariolanoticia.com.mx\/index.php?rest_route=\/wp\/v2\/types\/post"}],"author":[{"embeddable":true,"href":"https:\/\/diariolanoticia.com.mx\/index.php?rest_route=\/wp\/v2\/users\/1"}],"replies":[{"embeddable":true,"href":"https:\/\/diariolanoticia.com.mx\/index.php?rest_route=%2Fwp%2Fv2%2Fcomments&post=96884"}],"version-history":[{"count":1,"href":"https:\/\/diariolanoticia.com.mx\/index.php?rest_route=\/wp\/v2\/posts\/96884\/revisions"}],"predecessor-version":[{"id":96886,"href":"https:\/\/diariolanoticia.com.mx\/index.php?rest_route=\/wp\/v2\/posts\/96884\/revisions\/96886"}],"wp:featuredmedia":[{"embeddable":true,"href":"https:\/\/diariolanoticia.com.mx\/index.php?rest_route=\/wp\/v2\/media\/96885"}],"wp:attachment":[{"href":"https:\/\/diariolanoticia.com.mx\/index.php?rest_route=%2Fwp%2Fv2%2Fmedia&parent=96884"}],"wp:term":[{"taxonomy":"category","embeddable":true,"href":"https:\/\/diariolanoticia.com.mx\/index.php?rest_route=%2Fwp%2Fv2%2Fcategories&post=96884"},{"taxonomy":"post_tag","embeddable":true,"href":"https:\/\/diariolanoticia.com.mx\/index.php?rest_route=%2Fwp%2Fv2%2Ftags&post=96884"}],"curies":[{"name":"wp","href":"https:\/\/api.w.org\/{rel}","templated":true}]}}