{"id":97017,"date":"2022-07-21T20:42:08","date_gmt":"2022-07-22T01:42:08","guid":{"rendered":"https:\/\/diariolanoticia.com.mx\/?p=97017"},"modified":"2022-07-21T20:42:09","modified_gmt":"2022-07-22T01:42:09","slug":"invita-ayuntamiento-de-huamantla-a-participar-en-el-premio-de-la-juventud-2022","status":"publish","type":"post","link":"https:\/\/diariolanoticia.com.mx\/?p=97017","title":{"rendered":"Invita ayuntamiento de Huamantla a participar en el premio de la juventud 2022"},"content":{"rendered":"\n<p>\u00b7&nbsp;&nbsp;&nbsp;&nbsp;&nbsp;&nbsp;<em>Se premiar\u00e1 a las y los j\u00f3venes m\u00e1s destacados del municipio.<\/em><\/p>\n\n\n\n<p>Con el prop\u00f3sito de estimular el desempe\u00f1o, logros y trayectoria de las y los j\u00f3venes huamantlecos, el gobierno municipal que encabeza Salvador Santos Cedillo, a trav\u00e9s de la Coordinaci\u00f3n de Juventud, invita a participar en la convocatoria del Premio de la Juventud 2022.&nbsp;<\/p>\n\n\n\n<p>El presidente municipal, Santos Cedillo, se\u00f1al\u00f3 que el objetivo de entregar este reconocimiento es que las y los galardonados se conviertan en figuras que causen entusiasmo y admiraci\u00f3n entre las juventudes de Huamantla, y esto sirva como un ejemplo para desarrollar motivos de superaci\u00f3n personal y compromiso social.&nbsp;&nbsp;<\/p>\n\n\n\n<p>Las y los interesados deber\u00e1n tener entre 12 y 29 a\u00f1os y destacar en alguna de estas categor\u00edas: logro acad\u00e9mico, trayectoria art\u00edstica y cultural, compromiso y labor social, logro deportivo e innovaci\u00f3n emprendedora; es importante que las propuestas al Premio incluyan nombre, domicilio, edad, g\u00e9nero, as\u00ed como logros obtenidos.<\/p>\n\n\n\n<p>La fecha l\u00edmite para participar ser\u00e1 el 1 de agosto de 2022 a las 16:00 horas, donde deber\u00e1n entregar en las instalaciones de la Coordinaci\u00f3n de Juventud, ubicadas en el bulevar Cuamanco esquina con Reforma, los siguientes documentos: copia de alguna identificaci\u00f3n del candidato, en caso de ser mayor de edad podr\u00e1 ser la credencial de alguna instituci\u00f3n educativa o de elector, cartilla del Servicio Militar, c\u00e9dula profesional, licencia de conducir o pasaporte vigente.&nbsp;<\/p>\n\n\n\n<p>De igual manera, entregar las copias o duplicados de las pruebas documentales, como constancias impresas o digitales de materiales bibliogr\u00e1ficos, audiovisuales, gr\u00e1ficos, testimoniales, entre otros, que se consideren pertinentes para acreditar el merecimiento al m\u00e9rito.<\/p>\n\n\n\n<p>Y anexar el formato de registro, mismo que podr\u00e1 ser adquirido a trav\u00e9s del correo&nbsp;<a href=\"mailto:juventudhuam2124@gmail.com\" target=\"_blank\" rel=\"noreferrer noopener\">juventudhuam2124@gmail.com<\/a>, o directamente en las instalaciones de la Coordinaci\u00f3n de Juventud, en un horario de atenci\u00f3n de 9:00 a 17:00 horas.&nbsp;<\/p>\n\n\n\n<p>El presidente municipal de Huamantla, tendr\u00e1 la responsabilidad de revisar y decidir qu\u00e9 j\u00f3venes ser\u00e1n los ganadores, y la premiaci\u00f3n se realizar\u00e1 el pr\u00f3ximo 12 de agosto. El galard\u00f3n en cada una de las categor\u00edas constar\u00e1 de un reconocimiento otorgado por el H. Ayuntamiento de Huamantla y la Coordinaci\u00f3n de Juventud, adem\u00e1s de una remuneraci\u00f3n econ\u00f3mica de $2,500 pesos en cada una de las categor\u00edas.&nbsp;<\/p>\n\n\n\n<p>Finalmente, el alcalde Salvador Santos Cedillo afirm\u00f3 que, con estas acciones, se incentiva el pleno desarrollo de los j\u00f3venes, por lo que seguir\u00e1 trabajando para favorecer a este importante sector de la sociedad.<\/p>\n","protected":false},"excerpt":{"rendered":"<p>\u00b7&nbsp;&nbsp;&nbsp;&nbsp;&nbsp;&nbsp;Se premiar\u00e1 a las y los j\u00f3venes m\u00e1s destacados del municipio. Con el prop\u00f3sito de estimular el desempe\u00f1o, logros y trayectoria de las y los j\u00f3venes huamantlecos, el gobierno municipal que encabeza Salvador Santos Cedillo, a trav\u00e9s de la Coordinaci\u00f3n de Juventud, invita a participar en la convocatoria del Premio de la Juventud 2022.&nbsp; El [&hellip;]<\/p>\n","protected":false},"author":1,"featured_media":97018,"comment_status":"open","ping_status":"open","sticky":false,"template":"","format":"standard","meta":{"footnotes":""},"categories":[219],"tags":[],"class_list":["post-97017","post","type-post","status-publish","format-standard","has-post-thumbnail","hentry","category-huamantla"],"blog_post_layout_featured_media_urls":{"thumbnail":["https:\/\/diariolanoticia.com.mx\/wp-content\/uploads\/2022\/07\/1B9761EF-F070-4A5E-982A-4027C7576575-216x160.jpeg",216,160,true],"full":["https:\/\/diariolanoticia.com.mx\/wp-content\/uploads\/2022\/07\/1B9761EF-F070-4A5E-982A-4027C7576575.jpeg",1280,854,false]},"categories_names":{"219":{"name":"Huamantla","link":"https:\/\/diariolanoticia.com.mx\/?cat=219"}},"tags_names":[],"comments_number":"0","wpmagazine_modules_lite_featured_media_urls":{"thumbnail":["https:\/\/diariolanoticia.com.mx\/wp-content\/uploads\/2022\/07\/1B9761EF-F070-4A5E-982A-4027C7576575-216x160.jpeg",216,160,true],"cvmm-medium":["https:\/\/diariolanoticia.com.mx\/wp-content\/uploads\/2022\/07\/1B9761EF-F070-4A5E-982A-4027C7576575-300x300.jpeg",300,300,true],"cvmm-medium-plus":["https:\/\/diariolanoticia.com.mx\/wp-content\/uploads\/2022\/07\/1B9761EF-F070-4A5E-982A-4027C7576575-305x207.jpeg",305,207,true],"cvmm-portrait":["https:\/\/diariolanoticia.com.mx\/wp-content\/uploads\/2022\/07\/1B9761EF-F070-4A5E-982A-4027C7576575-400x600.jpeg",400,600,true],"cvmm-medium-square":["https:\/\/diariolanoticia.com.mx\/wp-content\/uploads\/2022\/07\/1B9761EF-F070-4A5E-982A-4027C7576575-600x600.jpeg",600,600,true],"cvmm-large":["https:\/\/diariolanoticia.com.mx\/wp-content\/uploads\/2022\/07\/1B9761EF-F070-4A5E-982A-4027C7576575-1024x854.jpeg",1024,854,true],"cvmm-small":["https:\/\/diariolanoticia.com.mx\/wp-content\/uploads\/2022\/07\/1B9761EF-F070-4A5E-982A-4027C7576575-130x95.jpeg",130,95,true],"full":["https:\/\/diariolanoticia.com.mx\/wp-content\/uploads\/2022\/07\/1B9761EF-F070-4A5E-982A-4027C7576575.jpeg",1280,854,false]},"_links":{"self":[{"href":"https:\/\/diariolanoticia.com.mx\/index.php?rest_route=\/wp\/v2\/posts\/97017","targetHints":{"allow":["GET"]}}],"collection":[{"href":"https:\/\/diariolanoticia.com.mx\/index.php?rest_route=\/wp\/v2\/posts"}],"about":[{"href":"https:\/\/diariolanoticia.com.mx\/index.php?rest_route=\/wp\/v2\/types\/post"}],"author":[{"embeddable":true,"href":"https:\/\/diariolanoticia.com.mx\/index.php?rest_route=\/wp\/v2\/users\/1"}],"replies":[{"embeddable":true,"href":"https:\/\/diariolanoticia.com.mx\/index.php?rest_route=%2Fwp%2Fv2%2Fcomments&post=97017"}],"version-history":[{"count":1,"href":"https:\/\/diariolanoticia.com.mx\/index.php?rest_route=\/wp\/v2\/posts\/97017\/revisions"}],"predecessor-version":[{"id":97019,"href":"https:\/\/diariolanoticia.com.mx\/index.php?rest_route=\/wp\/v2\/posts\/97017\/revisions\/97019"}],"wp:featuredmedia":[{"embeddable":true,"href":"https:\/\/diariolanoticia.com.mx\/index.php?rest_route=\/wp\/v2\/media\/97018"}],"wp:attachment":[{"href":"https:\/\/diariolanoticia.com.mx\/index.php?rest_route=%2Fwp%2Fv2%2Fmedia&parent=97017"}],"wp:term":[{"taxonomy":"category","embeddable":true,"href":"https:\/\/diariolanoticia.com.mx\/index.php?rest_route=%2Fwp%2Fv2%2Fcategories&post=97017"},{"taxonomy":"post_tag","embeddable":true,"href":"https:\/\/diariolanoticia.com.mx\/index.php?rest_route=%2Fwp%2Fv2%2Ftags&post=97017"}],"curies":[{"name":"wp","href":"https:\/\/api.w.org\/{rel}","templated":true}]}}