{"id":97307,"date":"2022-07-25T19:09:01","date_gmt":"2022-07-26T00:09:01","guid":{"rendered":"https:\/\/diariolanoticia.com.mx\/?p=97307"},"modified":"2022-07-25T19:09:03","modified_gmt":"2022-07-26T00:09:03","slug":"invertir-en-la-educacion-es-invertir-en-un-mejor-futuro-santos-cedillo","status":"publish","type":"post","link":"https:\/\/diariolanoticia.com.mx\/?p=97307","title":{"rendered":"Invertir en la educaci\u00f3n es invertir en un mejor futuro: Santos Cedillo"},"content":{"rendered":"\n<p>\u00b7&nbsp;&nbsp;&nbsp;&nbsp;&nbsp;&nbsp;<em>Afirm\u00f3 el presidente municipal al asistir a la graduaci\u00f3n de 88 alumnos del Jard\u00edn de Ni\u00f1os \u201cMa. del Carmen Serd\u00e1n\u201d.<\/em><\/p>\n\n\n\n<p>Al asistir a la ceremonia de graduaci\u00f3n del Jard\u00edn de Ni\u00f1os \u201cMa. del Carmen Serd\u00e1n\u201d en la comunidad de Benito Ju\u00e1rez, el presidente municipal, Salvador Santos Cedillo, afirm\u00f3 que los peque\u00f1os que hoy concluyen este nivel escolar son el presente de Huamantla.<\/p>\n\n\n\n<p>Ante directivos de la instituci\u00f3n educativa y de orgullosos padres de familia, Santos Cedillo, reiter\u00f3 su compromiso de seguir impulsando el desarrollo acad\u00e9mico de las y los ni\u00f1os huamantlecos, con programas y acciones que permitan elevar su calidad de vida.<\/p>\n\n\n\n<p>\u201cInvertir en la educaci\u00f3n es invertir en un mejor futuro, para las familias, para nuestro Pueblo M\u00e1gico; por ello, vamos a seguir apoyando a los alumnos con mejores promedios, a las escuelas con infraestructura, para que puedan hacer realidad sus sue\u00f1os\u201d, se\u00f1al\u00f3.<\/p>\n\n\n\n<p>La directora de la instituci\u00f3n, Tania Flores Pimentel, agradeci\u00f3 el apoyo que el presidente municipal le ha dado al Jard\u00edn de Ni\u00f1os, no s\u00f3lo por aceptar ser padrino de generaci\u00f3n, pues gracias a su intervenci\u00f3n se consolid\u00f3 la construcci\u00f3n de la techumbre para que los menores pudiera realizar sus actividades en mejores condiciones.<\/p>\n\n\n\n<p>Finalmente, Santos Cedillo hizo un llamado a los padres de familia a seguir incentivando el estudio de los menores, pues ello les permitir\u00e1 mejorar su calidad de vida y encontrar mayores oportunidades de crecimiento en el futuro.<\/p>\n","protected":false},"excerpt":{"rendered":"<p>\u00b7&nbsp;&nbsp;&nbsp;&nbsp;&nbsp;&nbsp;Afirm\u00f3 el presidente municipal al asistir a la graduaci\u00f3n de 88 alumnos del Jard\u00edn de Ni\u00f1os \u201cMa. del Carmen Serd\u00e1n\u201d. Al asistir a la ceremonia de graduaci\u00f3n del Jard\u00edn de Ni\u00f1os \u201cMa. del Carmen Serd\u00e1n\u201d en la comunidad de Benito Ju\u00e1rez, el presidente municipal, Salvador Santos Cedillo, afirm\u00f3 que los peque\u00f1os que hoy concluyen este [&hellip;]<\/p>\n","protected":false},"author":1,"featured_media":97308,"comment_status":"open","ping_status":"open","sticky":false,"template":"","format":"standard","meta":{"footnotes":""},"categories":[219],"tags":[],"class_list":["post-97307","post","type-post","status-publish","format-standard","has-post-thumbnail","hentry","category-huamantla"],"blog_post_layout_featured_media_urls":{"thumbnail":["https:\/\/diariolanoticia.com.mx\/wp-content\/uploads\/2022\/07\/91509AFA-8E50-44EE-85B0-EE5BDF42439B-216x160.jpeg",216,160,true],"full":["https:\/\/diariolanoticia.com.mx\/wp-content\/uploads\/2022\/07\/91509AFA-8E50-44EE-85B0-EE5BDF42439B.jpeg",1024,768,false]},"categories_names":{"219":{"name":"Huamantla","link":"https:\/\/diariolanoticia.com.mx\/?cat=219"}},"tags_names":[],"comments_number":"0","wpmagazine_modules_lite_featured_media_urls":{"thumbnail":["https:\/\/diariolanoticia.com.mx\/wp-content\/uploads\/2022\/07\/91509AFA-8E50-44EE-85B0-EE5BDF42439B-216x160.jpeg",216,160,true],"cvmm-medium":["https:\/\/diariolanoticia.com.mx\/wp-content\/uploads\/2022\/07\/91509AFA-8E50-44EE-85B0-EE5BDF42439B-300x300.jpeg",300,300,true],"cvmm-medium-plus":["https:\/\/diariolanoticia.com.mx\/wp-content\/uploads\/2022\/07\/91509AFA-8E50-44EE-85B0-EE5BDF42439B-305x207.jpeg",305,207,true],"cvmm-portrait":["https:\/\/diariolanoticia.com.mx\/wp-content\/uploads\/2022\/07\/91509AFA-8E50-44EE-85B0-EE5BDF42439B-400x600.jpeg",400,600,true],"cvmm-medium-square":["https:\/\/diariolanoticia.com.mx\/wp-content\/uploads\/2022\/07\/91509AFA-8E50-44EE-85B0-EE5BDF42439B-600x600.jpeg",600,600,true],"cvmm-large":["https:\/\/diariolanoticia.com.mx\/wp-content\/uploads\/2022\/07\/91509AFA-8E50-44EE-85B0-EE5BDF42439B.jpeg",1024,768,false],"cvmm-small":["https:\/\/diariolanoticia.com.mx\/wp-content\/uploads\/2022\/07\/91509AFA-8E50-44EE-85B0-EE5BDF42439B-130x95.jpeg",130,95,true],"full":["https:\/\/diariolanoticia.com.mx\/wp-content\/uploads\/2022\/07\/91509AFA-8E50-44EE-85B0-EE5BDF42439B.jpeg",1024,768,false]},"_links":{"self":[{"href":"https:\/\/diariolanoticia.com.mx\/index.php?rest_route=\/wp\/v2\/posts\/97307","targetHints":{"allow":["GET"]}}],"collection":[{"href":"https:\/\/diariolanoticia.com.mx\/index.php?rest_route=\/wp\/v2\/posts"}],"about":[{"href":"https:\/\/diariolanoticia.com.mx\/index.php?rest_route=\/wp\/v2\/types\/post"}],"author":[{"embeddable":true,"href":"https:\/\/diariolanoticia.com.mx\/index.php?rest_route=\/wp\/v2\/users\/1"}],"replies":[{"embeddable":true,"href":"https:\/\/diariolanoticia.com.mx\/index.php?rest_route=%2Fwp%2Fv2%2Fcomments&post=97307"}],"version-history":[{"count":1,"href":"https:\/\/diariolanoticia.com.mx\/index.php?rest_route=\/wp\/v2\/posts\/97307\/revisions"}],"predecessor-version":[{"id":97309,"href":"https:\/\/diariolanoticia.com.mx\/index.php?rest_route=\/wp\/v2\/posts\/97307\/revisions\/97309"}],"wp:featuredmedia":[{"embeddable":true,"href":"https:\/\/diariolanoticia.com.mx\/index.php?rest_route=\/wp\/v2\/media\/97308"}],"wp:attachment":[{"href":"https:\/\/diariolanoticia.com.mx\/index.php?rest_route=%2Fwp%2Fv2%2Fmedia&parent=97307"}],"wp:term":[{"taxonomy":"category","embeddable":true,"href":"https:\/\/diariolanoticia.com.mx\/index.php?rest_route=%2Fwp%2Fv2%2Fcategories&post=97307"},{"taxonomy":"post_tag","embeddable":true,"href":"https:\/\/diariolanoticia.com.mx\/index.php?rest_route=%2Fwp%2Fv2%2Ftags&post=97307"}],"curies":[{"name":"wp","href":"https:\/\/api.w.org\/{rel}","templated":true}]}}