{"id":97485,"date":"2022-07-29T09:23:55","date_gmt":"2022-07-29T14:23:55","guid":{"rendered":"https:\/\/diariolanoticia.com.mx\/?p=97485"},"modified":"2022-07-29T09:23:56","modified_gmt":"2022-07-29T14:23:56","slug":"ultimos-dias-para-inscribirte-al-curso-mi-verano-me-late","status":"publish","type":"post","link":"https:\/\/diariolanoticia.com.mx\/?p=97485","title":{"rendered":"\u00a1\u00daltimos d\u00edas para inscribirte al curso \u00abMi verano me late\u00bb!"},"content":{"rendered":"\n<p>El ayuntamiento que preside Pablo Badillo S\u00e1nches, invita a todos los padres de familia a inscribir a los peque\u00f1os y que vivan una gran experiencia en Mi Verano Me Late 2022. Cabe mencionar que este fin de semana estar\u00e1 personal del DIF realizando inscripciones en el parque Cuauht\u00e9moc en un horario de 10:00 a 14:00 horas.<\/p>\n","protected":false},"excerpt":{"rendered":"<p>El ayuntamiento que preside Pablo Badillo S\u00e1nches, invita a todos los padres de familia a inscribir a los peque\u00f1os y que vivan una gran experiencia en Mi Verano Me Late 2022. Cabe mencionar que este fin de semana estar\u00e1 personal del DIF realizando inscripciones en el parque Cuauht\u00e9moc en un horario de 10:00 a 14:00 [&hellip;]<\/p>\n","protected":false},"author":1,"featured_media":97486,"comment_status":"open","ping_status":"open","sticky":false,"template":"","format":"standard","meta":{"footnotes":""},"categories":[3],"tags":[],"class_list":["post-97485","post","type-post","status-publish","format-standard","has-post-thumbnail","hentry","category-apizaco"],"blog_post_layout_featured_media_urls":{"thumbnail":["https:\/\/diariolanoticia.com.mx\/wp-content\/uploads\/2022\/07\/295845620_462368052563233_8043686668300271926_n-216x160.jpg",216,160,true],"full":["https:\/\/diariolanoticia.com.mx\/wp-content\/uploads\/2022\/07\/295845620_462368052563233_8043686668300271926_n.jpg",500,600,false]},"categories_names":{"3":{"name":"Apizaco","link":"https:\/\/diariolanoticia.com.mx\/?cat=3"}},"tags_names":[],"comments_number":"0","wpmagazine_modules_lite_featured_media_urls":{"thumbnail":["https:\/\/diariolanoticia.com.mx\/wp-content\/uploads\/2022\/07\/295845620_462368052563233_8043686668300271926_n-216x160.jpg",216,160,true],"cvmm-medium":["https:\/\/diariolanoticia.com.mx\/wp-content\/uploads\/2022\/07\/295845620_462368052563233_8043686668300271926_n-300x300.jpg",300,300,true],"cvmm-medium-plus":["https:\/\/diariolanoticia.com.mx\/wp-content\/uploads\/2022\/07\/295845620_462368052563233_8043686668300271926_n-305x207.jpg",305,207,true],"cvmm-portrait":["https:\/\/diariolanoticia.com.mx\/wp-content\/uploads\/2022\/07\/295845620_462368052563233_8043686668300271926_n-400x600.jpg",400,600,true],"cvmm-medium-square":["https:\/\/diariolanoticia.com.mx\/wp-content\/uploads\/2022\/07\/295845620_462368052563233_8043686668300271926_n.jpg",500,600,false],"cvmm-large":["https:\/\/diariolanoticia.com.mx\/wp-content\/uploads\/2022\/07\/295845620_462368052563233_8043686668300271926_n.jpg",500,600,false],"cvmm-small":["https:\/\/diariolanoticia.com.mx\/wp-content\/uploads\/2022\/07\/295845620_462368052563233_8043686668300271926_n-130x95.jpg",130,95,true],"full":["https:\/\/diariolanoticia.com.mx\/wp-content\/uploads\/2022\/07\/295845620_462368052563233_8043686668300271926_n.jpg",500,600,false]},"_links":{"self":[{"href":"https:\/\/diariolanoticia.com.mx\/index.php?rest_route=\/wp\/v2\/posts\/97485","targetHints":{"allow":["GET"]}}],"collection":[{"href":"https:\/\/diariolanoticia.com.mx\/index.php?rest_route=\/wp\/v2\/posts"}],"about":[{"href":"https:\/\/diariolanoticia.com.mx\/index.php?rest_route=\/wp\/v2\/types\/post"}],"author":[{"embeddable":true,"href":"https:\/\/diariolanoticia.com.mx\/index.php?rest_route=\/wp\/v2\/users\/1"}],"replies":[{"embeddable":true,"href":"https:\/\/diariolanoticia.com.mx\/index.php?rest_route=%2Fwp%2Fv2%2Fcomments&post=97485"}],"version-history":[{"count":1,"href":"https:\/\/diariolanoticia.com.mx\/index.php?rest_route=\/wp\/v2\/posts\/97485\/revisions"}],"predecessor-version":[{"id":97487,"href":"https:\/\/diariolanoticia.com.mx\/index.php?rest_route=\/wp\/v2\/posts\/97485\/revisions\/97487"}],"wp:featuredmedia":[{"embeddable":true,"href":"https:\/\/diariolanoticia.com.mx\/index.php?rest_route=\/wp\/v2\/media\/97486"}],"wp:attachment":[{"href":"https:\/\/diariolanoticia.com.mx\/index.php?rest_route=%2Fwp%2Fv2%2Fmedia&parent=97485"}],"wp:term":[{"taxonomy":"category","embeddable":true,"href":"https:\/\/diariolanoticia.com.mx\/index.php?rest_route=%2Fwp%2Fv2%2Fcategories&post=97485"},{"taxonomy":"post_tag","embeddable":true,"href":"https:\/\/diariolanoticia.com.mx\/index.php?rest_route=%2Fwp%2Fv2%2Ftags&post=97485"}],"curies":[{"name":"wp","href":"https:\/\/api.w.org\/{rel}","templated":true}]}}