{"id":97488,"date":"2022-07-29T10:03:56","date_gmt":"2022-07-29T15:03:56","guid":{"rendered":"https:\/\/diariolanoticia.com.mx\/?p=97488"},"modified":"2022-07-29T10:03:58","modified_gmt":"2022-07-29T15:03:58","slug":"ayuntamiento-de-puebla-hace-limpieza-integral-en-bulevar-valsequillo","status":"publish","type":"post","link":"https:\/\/diariolanoticia.com.mx\/?p=97488","title":{"rendered":"Ayuntamiento de Puebla hace limpieza integral en Bulevar Valsequillo"},"content":{"rendered":"\n<ul class=\"wp-block-list\"><li>Los trabajos durar\u00e1n tres d\u00edas y contemplan acciones de poda, chapeo, barrido, retiro de publicidad irregular, as\u00ed como de residuos voluminosos.<\/li><\/ul>\n\n\n\n<p>Puebla capital se sigue renovando desde sus espacios p\u00fablicos, y con la Jornada de Limpieza Integral No. 26 en bulevar Valsequillo, el Ayuntamiento de Puebla, que encabeza Eduardo Rivera P\u00e9rez, va por el rescate de poco m\u00e1s de kil\u00f3metro y medio de vialidad.<\/p>\n\n\n\n<p>Ser\u00e1 mediante trabajos de poda de pasto y \u00e1rboles, chapeo, barrido, retiro de publicidad irregular, as\u00ed como de residuos voluminosos, que se le dar\u00e1 una nueva imagen a este lado de la Ciudad, refiri\u00f3 Ad\u00e1n Dom\u00ednguez S\u00e1nchez, Gerente de Gobierno Municipal, ya que la meta es mejorar la imagen urbana, la accesibilidad y la seguridad de esta avenida, acot\u00f3.<\/p>\n\n\n\n<p>Para ello, Eduardo Vergara L\u00f3pez, Director de Calles, Parques y Jardines, explic\u00f3 se coordina el trabajo de nueve dependencias municipales durante tres d\u00edas, pues estas labores no s\u00f3lo requieren la participaci\u00f3n de Servicios P\u00fablicos o Limpia, sino de la colaboraci\u00f3n de Desarrollo Urbano, Medio Ambiente, Seguridad Ciudadana, entre otras, ya que el objetivo en com\u00fan es dejar puentes y accesos viales &#8216;de 10&#8217;.<\/p>\n\n\n\n<p>As\u00ed se busca transformar el resto del Municipio, por eso desde el 27 de enero de este a\u00f1o ya se han realizado 25 intervenciones integrales de este tipo, logrando la poda de una superficie equivalente a 284 canchas de b\u00e1squetbol &#8211;119 mil 134 metros cuadrados&#8211;, el barrido de m\u00e1s de 209 mil metros cuadrados, la pinta de cuatro mil 971 metros cuadrados de se\u00f1alamiento vial horizontal, el retiro de m\u00e1s de tres mil 200 pendones, lonas y anuncios, el borrado de mil 231 metros cuadrados de grafiti, as\u00ed como la recolecci\u00f3n de 335 elementos como sillones y llantas, entre otras acciones<\/p>\n\n\n\n<p>Tambi\u00e9n encabezaron esta Jornada de Limpieza Integral No. 26, Enrique Guevara Montiel, Director de Normatividad y Regulaci\u00f3n Comercial; Felipe Vel\u00e1zquez Guti\u00e9rrez, Secretario de Gesti\u00f3n y Desarrollo Urbano; Myriam Arabian Couttolenc, Secretaria de Medio Ambiente; Miguel Mart\u00edn Hern\u00e1ndez Mart\u00ednez, Coordinador General de Operatividad Policial; Fabi\u00e1n Valdivia P\u00e9rez, Director del Instituto Municipal de Arte y Cultura; y Armando Roque Lazcano, Jefe de Polic\u00eda Zona 7.<\/p>\n","protected":false},"excerpt":{"rendered":"<p>Los trabajos durar\u00e1n tres d\u00edas y contemplan acciones de poda, chapeo, barrido, retiro de publicidad irregular, as\u00ed como de residuos voluminosos. Puebla capital se sigue renovando desde sus espacios p\u00fablicos, y con la Jornada de Limpieza Integral No. 26 en bulevar Valsequillo, el Ayuntamiento de Puebla, que encabeza Eduardo Rivera P\u00e9rez, va por el rescate [&hellip;]<\/p>\n","protected":false},"author":1,"featured_media":97489,"comment_status":"open","ping_status":"open","sticky":false,"template":"","format":"standard","meta":{"footnotes":""},"categories":[103],"tags":[],"class_list":["post-97488","post","type-post","status-publish","format-standard","has-post-thumbnail","hentry","category-pueblacapital"],"blog_post_layout_featured_media_urls":{"thumbnail":["https:\/\/diariolanoticia.com.mx\/wp-content\/uploads\/2022\/07\/WhatsApp-Image-2022-07-29-at-10.00.59-AM-216x160.jpeg",216,160,true],"full":["https:\/\/diariolanoticia.com.mx\/wp-content\/uploads\/2022\/07\/WhatsApp-Image-2022-07-29-at-10.00.59-AM.jpeg",1280,853,false]},"categories_names":{"103":{"name":"Puebla Capital","link":"https:\/\/diariolanoticia.com.mx\/?cat=103"}},"tags_names":[],"comments_number":"0","wpmagazine_modules_lite_featured_media_urls":{"thumbnail":["https:\/\/diariolanoticia.com.mx\/wp-content\/uploads\/2022\/07\/WhatsApp-Image-2022-07-29-at-10.00.59-AM-216x160.jpeg",216,160,true],"cvmm-medium":["https:\/\/diariolanoticia.com.mx\/wp-content\/uploads\/2022\/07\/WhatsApp-Image-2022-07-29-at-10.00.59-AM-300x300.jpeg",300,300,true],"cvmm-medium-plus":["https:\/\/diariolanoticia.com.mx\/wp-content\/uploads\/2022\/07\/WhatsApp-Image-2022-07-29-at-10.00.59-AM-305x207.jpeg",305,207,true],"cvmm-portrait":["https:\/\/diariolanoticia.com.mx\/wp-content\/uploads\/2022\/07\/WhatsApp-Image-2022-07-29-at-10.00.59-AM-400x600.jpeg",400,600,true],"cvmm-medium-square":["https:\/\/diariolanoticia.com.mx\/wp-content\/uploads\/2022\/07\/WhatsApp-Image-2022-07-29-at-10.00.59-AM-600x600.jpeg",600,600,true],"cvmm-large":["https:\/\/diariolanoticia.com.mx\/wp-content\/uploads\/2022\/07\/WhatsApp-Image-2022-07-29-at-10.00.59-AM-1024x853.jpeg",1024,853,true],"cvmm-small":["https:\/\/diariolanoticia.com.mx\/wp-content\/uploads\/2022\/07\/WhatsApp-Image-2022-07-29-at-10.00.59-AM-130x95.jpeg",130,95,true],"full":["https:\/\/diariolanoticia.com.mx\/wp-content\/uploads\/2022\/07\/WhatsApp-Image-2022-07-29-at-10.00.59-AM.jpeg",1280,853,false]},"_links":{"self":[{"href":"https:\/\/diariolanoticia.com.mx\/index.php?rest_route=\/wp\/v2\/posts\/97488","targetHints":{"allow":["GET"]}}],"collection":[{"href":"https:\/\/diariolanoticia.com.mx\/index.php?rest_route=\/wp\/v2\/posts"}],"about":[{"href":"https:\/\/diariolanoticia.com.mx\/index.php?rest_route=\/wp\/v2\/types\/post"}],"author":[{"embeddable":true,"href":"https:\/\/diariolanoticia.com.mx\/index.php?rest_route=\/wp\/v2\/users\/1"}],"replies":[{"embeddable":true,"href":"https:\/\/diariolanoticia.com.mx\/index.php?rest_route=%2Fwp%2Fv2%2Fcomments&post=97488"}],"version-history":[{"count":1,"href":"https:\/\/diariolanoticia.com.mx\/index.php?rest_route=\/wp\/v2\/posts\/97488\/revisions"}],"predecessor-version":[{"id":97490,"href":"https:\/\/diariolanoticia.com.mx\/index.php?rest_route=\/wp\/v2\/posts\/97488\/revisions\/97490"}],"wp:featuredmedia":[{"embeddable":true,"href":"https:\/\/diariolanoticia.com.mx\/index.php?rest_route=\/wp\/v2\/media\/97489"}],"wp:attachment":[{"href":"https:\/\/diariolanoticia.com.mx\/index.php?rest_route=%2Fwp%2Fv2%2Fmedia&parent=97488"}],"wp:term":[{"taxonomy":"category","embeddable":true,"href":"https:\/\/diariolanoticia.com.mx\/index.php?rest_route=%2Fwp%2Fv2%2Fcategories&post=97488"},{"taxonomy":"post_tag","embeddable":true,"href":"https:\/\/diariolanoticia.com.mx\/index.php?rest_route=%2Fwp%2Fv2%2Ftags&post=97488"}],"curies":[{"name":"wp","href":"https:\/\/api.w.org\/{rel}","templated":true}]}}