{"id":97560,"date":"2022-08-01T15:54:20","date_gmt":"2022-08-01T20:54:20","guid":{"rendered":"https:\/\/diariolanoticia.com.mx\/?p=97560"},"modified":"2022-08-01T15:54:22","modified_gmt":"2022-08-01T20:54:22","slug":"destaca-vicente-morales-compromiso-de-lcc-a-favor-de-pacientes-con-cancer","status":"publish","type":"post","link":"https:\/\/diariolanoticia.com.mx\/?p=97560","title":{"rendered":"Destaca Vicente Morales compromiso de LCC a favor de pacientes con c\u00e1ncer"},"content":{"rendered":"\n<p>\u201cSin duda este es otro compromiso cumplido de la gobernadora de los tlaxcaltecas\u201d el convenio con el Hospital Ju\u00e1rez de M\u00e9xico, dijo el legislador morenista.<\/p>\n\n\n\n<p>El diputado de Morena, Vicente Morales P\u00e9rez, presenci\u00f3 la firma del Convenio de Colaboraci\u00f3n entre el Gobierno del Estado y el Hospital Ju\u00e1rez de M\u00e9xico, y destac\u00f3 que, con esta acci\u00f3n, ser\u00e1n beneficiadas mujeres tlaxcaltecas diagnosticadas con c\u00e1ncer de mama o c\u00e9rvico-uterino que requieran una referencia o contrarreferencia para recibir atenci\u00f3n m\u00e9dica de alta especialidad.<br>\u201cSin duda este es otro compromiso cumplido de la gobernadora de los tlaxcaltecas, Lorena Cu\u00e9llar, quien con su compromiso genuino a favor de las personas m\u00e1s desprotegidas deja muy claro que se est\u00e1 escribiendo una nueva historia en salud en Tlaxcala\u201d, dijo.<br>Con base en este convenio para la referencia y contrarreferencia de los servicios de salud, la poblaci\u00f3n tlaxcalteca que padece c\u00e1ncer podr\u00e1 acceder a los servicios m\u00e9dicos de alta especialidad que brinda el Hospital Ju\u00e1rez de M\u00e9xico, que tiene 53 especialidades m\u00e9dico quir\u00fargicas, 10 quir\u00f3fanos centrales, dos quir\u00f3fanos para atenci\u00f3n de emergencia obst\u00e9trica, adem\u00e1s aloja 520 m\u00e9dicos residentes de posgrado.<br>Ahora los tlaxcaltecas podr\u00e1n acceder a la atenci\u00f3n de alta especialidad para tratar padecimientos de c\u00e1ncer que sean detectados en el Instituto Tlaxcalteca de Asistencia Especializada a la Salud (ITAES).<br>Esto significa que no solamente se quedar\u00e1 en confirmaci\u00f3n del tipo de c\u00e1ncer que se diagnostique entre la poblaci\u00f3n, sino que con la intervenci\u00f3n de la administraci\u00f3n que encabeza la gobernadora Lorena Cu\u00e9llar ahora podr\u00e1 ofrecerse una alternativa de atenci\u00f3n de alta especialidad a la gente que lo necesite.<\/p>\n","protected":false},"excerpt":{"rendered":"<p>\u201cSin duda este es otro compromiso cumplido de la gobernadora de los tlaxcaltecas\u201d el convenio con el Hospital Ju\u00e1rez de M\u00e9xico, dijo el legislador morenista. El diputado de Morena, Vicente Morales P\u00e9rez, presenci\u00f3 la firma del Convenio de Colaboraci\u00f3n entre el Gobierno del Estado y el Hospital Ju\u00e1rez de M\u00e9xico, y destac\u00f3 que, con esta [&hellip;]<\/p>\n","protected":false},"author":1,"featured_media":97561,"comment_status":"open","ping_status":"open","sticky":false,"template":"","format":"standard","meta":{"footnotes":""},"categories":[22],"tags":[],"class_list":["post-97560","post","type-post","status-publish","format-standard","has-post-thumbnail","hentry","category-congreso"],"blog_post_layout_featured_media_urls":{"thumbnail":["https:\/\/diariolanoticia.com.mx\/wp-content\/uploads\/2022\/08\/WhatsApp-Image-2022-08-01-at-2.20.59-PM-216x160.jpeg",216,160,true],"full":["https:\/\/diariolanoticia.com.mx\/wp-content\/uploads\/2022\/08\/WhatsApp-Image-2022-08-01-at-2.20.59-PM.jpeg",1600,1600,false]},"categories_names":{"22":{"name":"Congreso","link":"https:\/\/diariolanoticia.com.mx\/?cat=22"}},"tags_names":[],"comments_number":"0","wpmagazine_modules_lite_featured_media_urls":{"thumbnail":["https:\/\/diariolanoticia.com.mx\/wp-content\/uploads\/2022\/08\/WhatsApp-Image-2022-08-01-at-2.20.59-PM-216x160.jpeg",216,160,true],"cvmm-medium":["https:\/\/diariolanoticia.com.mx\/wp-content\/uploads\/2022\/08\/WhatsApp-Image-2022-08-01-at-2.20.59-PM-300x300.jpeg",300,300,true],"cvmm-medium-plus":["https:\/\/diariolanoticia.com.mx\/wp-content\/uploads\/2022\/08\/WhatsApp-Image-2022-08-01-at-2.20.59-PM-305x207.jpeg",305,207,true],"cvmm-portrait":["https:\/\/diariolanoticia.com.mx\/wp-content\/uploads\/2022\/08\/WhatsApp-Image-2022-08-01-at-2.20.59-PM-400x600.jpeg",400,600,true],"cvmm-medium-square":["https:\/\/diariolanoticia.com.mx\/wp-content\/uploads\/2022\/08\/WhatsApp-Image-2022-08-01-at-2.20.59-PM-600x600.jpeg",600,600,true],"cvmm-large":["https:\/\/diariolanoticia.com.mx\/wp-content\/uploads\/2022\/08\/WhatsApp-Image-2022-08-01-at-2.20.59-PM-1024x1024.jpeg",1024,1024,true],"cvmm-small":["https:\/\/diariolanoticia.com.mx\/wp-content\/uploads\/2022\/08\/WhatsApp-Image-2022-08-01-at-2.20.59-PM-130x95.jpeg",130,95,true],"full":["https:\/\/diariolanoticia.com.mx\/wp-content\/uploads\/2022\/08\/WhatsApp-Image-2022-08-01-at-2.20.59-PM.jpeg",1600,1600,false]},"_links":{"self":[{"href":"https:\/\/diariolanoticia.com.mx\/index.php?rest_route=\/wp\/v2\/posts\/97560","targetHints":{"allow":["GET"]}}],"collection":[{"href":"https:\/\/diariolanoticia.com.mx\/index.php?rest_route=\/wp\/v2\/posts"}],"about":[{"href":"https:\/\/diariolanoticia.com.mx\/index.php?rest_route=\/wp\/v2\/types\/post"}],"author":[{"embeddable":true,"href":"https:\/\/diariolanoticia.com.mx\/index.php?rest_route=\/wp\/v2\/users\/1"}],"replies":[{"embeddable":true,"href":"https:\/\/diariolanoticia.com.mx\/index.php?rest_route=%2Fwp%2Fv2%2Fcomments&post=97560"}],"version-history":[{"count":1,"href":"https:\/\/diariolanoticia.com.mx\/index.php?rest_route=\/wp\/v2\/posts\/97560\/revisions"}],"predecessor-version":[{"id":97562,"href":"https:\/\/diariolanoticia.com.mx\/index.php?rest_route=\/wp\/v2\/posts\/97560\/revisions\/97562"}],"wp:featuredmedia":[{"embeddable":true,"href":"https:\/\/diariolanoticia.com.mx\/index.php?rest_route=\/wp\/v2\/media\/97561"}],"wp:attachment":[{"href":"https:\/\/diariolanoticia.com.mx\/index.php?rest_route=%2Fwp%2Fv2%2Fmedia&parent=97560"}],"wp:term":[{"taxonomy":"category","embeddable":true,"href":"https:\/\/diariolanoticia.com.mx\/index.php?rest_route=%2Fwp%2Fv2%2Fcategories&post=97560"},{"taxonomy":"post_tag","embeddable":true,"href":"https:\/\/diariolanoticia.com.mx\/index.php?rest_route=%2Fwp%2Fv2%2Ftags&post=97560"}],"curies":[{"name":"wp","href":"https:\/\/api.w.org\/{rel}","templated":true}]}}