{"id":97666,"date":"2022-08-04T11:13:46","date_gmt":"2022-08-04T16:13:46","guid":{"rendered":"https:\/\/diariolanoticia.com.mx\/?p=97666"},"modified":"2022-08-04T11:13:47","modified_gmt":"2022-08-04T16:13:47","slug":"mbh-la-empresa-mundial-volkswagen-ve-a-puebla-con-confianza","status":"publish","type":"post","link":"https:\/\/diariolanoticia.com.mx\/?p=97666","title":{"rendered":"MBH: La empresa mundial Volkswagen ve a Puebla con confianza"},"content":{"rendered":"\n<p>-El gobernador destac\u00f3 que la armadora prefiri\u00f3 al estado sobre otras opciones de inversi\u00f3n<\/p>\n\n\n\n<p>-Afirm\u00f3 que la planta de Puebla ser\u00e1 una de las m\u00e1s importantes del mundo<\/p>\n\n\n\n<p>CIUDAD DE PUEBLA, Pue.- Los nuevos proyectos de inversi\u00f3n que la empresa de veh\u00edculos Volkswagen aterrizar\u00e1 en su planta de la entidad, es el resultado del di\u00e1logo, de una evaluaci\u00f3n a su gobierno y principalmente porque la compa\u00f1\u00eda ve con confianza a Puebla, asever\u00f3 el titular del Ejecutivo local, Miguel Barbosa Huerta.<\/p>\n\n\n\n<p>En la habitual videoconferencia de prensa, destac\u00f3 que la armadora prefiri\u00f3 al estado sobre otras opciones de inversi\u00f3n, por lo que ahora la planta instalada en la entidad ser\u00e1 una de las m\u00e1s importantes del mundo.<\/p>\n\n\n\n<p>Barbosa Huerta precis\u00f3 que esta inversi\u00f3n, que habr\u00e1 de aterrizar la compa\u00f1\u00eda alemana, es mayor a la que represent\u00f3 Audi en su llegada a Puebla.<\/p>\n\n\n\n<p>Por \u00faltimo, el mandatario estatal agradeci\u00f3 a la Volkswagen por confiar y elegir a la entidad, luego de se\u00f1alar que este proyecto generar\u00e1 importantes beneficios directos a la sociedad poblana.<\/p>\n","protected":false},"excerpt":{"rendered":"<p>-El gobernador destac\u00f3 que la armadora prefiri\u00f3 al estado sobre otras opciones de inversi\u00f3n -Afirm\u00f3 que la planta de Puebla ser\u00e1 una de las m\u00e1s importantes del mundo CIUDAD DE PUEBLA, Pue.- Los nuevos proyectos de inversi\u00f3n que la empresa de veh\u00edculos Volkswagen aterrizar\u00e1 en su planta de la entidad, es el resultado del di\u00e1logo, [&hellip;]<\/p>\n","protected":false},"author":1,"featured_media":97665,"comment_status":"open","ping_status":"open","sticky":false,"template":"","format":"standard","meta":{"footnotes":""},"categories":[20],"tags":[52],"class_list":["post-97666","post","type-post","status-publish","format-standard","has-post-thumbnail","hentry","category-norte-de-puebla","tag-puebla"],"blog_post_layout_featured_media_urls":{"thumbnail":["https:\/\/diariolanoticia.com.mx\/wp-content\/uploads\/2022\/08\/img_4795-216x160.jpg",216,160,true],"full":["https:\/\/diariolanoticia.com.mx\/wp-content\/uploads\/2022\/08\/img_4795.jpg",1500,1000,false]},"categories_names":{"20":{"name":"Norte de Puebla","link":"https:\/\/diariolanoticia.com.mx\/?cat=20"}},"tags_names":{"52":{"name":"Puebla","link":"https:\/\/diariolanoticia.com.mx\/?tag=puebla"}},"comments_number":"0","wpmagazine_modules_lite_featured_media_urls":{"thumbnail":["https:\/\/diariolanoticia.com.mx\/wp-content\/uploads\/2022\/08\/img_4795-216x160.jpg",216,160,true],"cvmm-medium":["https:\/\/diariolanoticia.com.mx\/wp-content\/uploads\/2022\/08\/img_4795-300x300.jpg",300,300,true],"cvmm-medium-plus":["https:\/\/diariolanoticia.com.mx\/wp-content\/uploads\/2022\/08\/img_4795-305x207.jpg",305,207,true],"cvmm-portrait":["https:\/\/diariolanoticia.com.mx\/wp-content\/uploads\/2022\/08\/img_4795-400x600.jpg",400,600,true],"cvmm-medium-square":["https:\/\/diariolanoticia.com.mx\/wp-content\/uploads\/2022\/08\/img_4795-600x600.jpg",600,600,true],"cvmm-large":["https:\/\/diariolanoticia.com.mx\/wp-content\/uploads\/2022\/08\/img_4795-1024x1000.jpg",1024,1000,true],"cvmm-small":["https:\/\/diariolanoticia.com.mx\/wp-content\/uploads\/2022\/08\/img_4795-130x95.jpg",130,95,true],"full":["https:\/\/diariolanoticia.com.mx\/wp-content\/uploads\/2022\/08\/img_4795.jpg",1500,1000,false]},"_links":{"self":[{"href":"https:\/\/diariolanoticia.com.mx\/index.php?rest_route=\/wp\/v2\/posts\/97666","targetHints":{"allow":["GET"]}}],"collection":[{"href":"https:\/\/diariolanoticia.com.mx\/index.php?rest_route=\/wp\/v2\/posts"}],"about":[{"href":"https:\/\/diariolanoticia.com.mx\/index.php?rest_route=\/wp\/v2\/types\/post"}],"author":[{"embeddable":true,"href":"https:\/\/diariolanoticia.com.mx\/index.php?rest_route=\/wp\/v2\/users\/1"}],"replies":[{"embeddable":true,"href":"https:\/\/diariolanoticia.com.mx\/index.php?rest_route=%2Fwp%2Fv2%2Fcomments&post=97666"}],"version-history":[{"count":1,"href":"https:\/\/diariolanoticia.com.mx\/index.php?rest_route=\/wp\/v2\/posts\/97666\/revisions"}],"predecessor-version":[{"id":97667,"href":"https:\/\/diariolanoticia.com.mx\/index.php?rest_route=\/wp\/v2\/posts\/97666\/revisions\/97667"}],"wp:featuredmedia":[{"embeddable":true,"href":"https:\/\/diariolanoticia.com.mx\/index.php?rest_route=\/wp\/v2\/media\/97665"}],"wp:attachment":[{"href":"https:\/\/diariolanoticia.com.mx\/index.php?rest_route=%2Fwp%2Fv2%2Fmedia&parent=97666"}],"wp:term":[{"taxonomy":"category","embeddable":true,"href":"https:\/\/diariolanoticia.com.mx\/index.php?rest_route=%2Fwp%2Fv2%2Fcategories&post=97666"},{"taxonomy":"post_tag","embeddable":true,"href":"https:\/\/diariolanoticia.com.mx\/index.php?rest_route=%2Fwp%2Fv2%2Ftags&post=97666"}],"curies":[{"name":"wp","href":"https:\/\/api.w.org\/{rel}","templated":true}]}}