{"id":98219,"date":"2022-08-19T14:35:35","date_gmt":"2022-08-19T19:35:35","guid":{"rendered":"https:\/\/diariolanoticia.com.mx\/?p=98219"},"modified":"2022-08-19T14:37:32","modified_gmt":"2022-08-19T19:37:32","slug":"detienen-policias-estatales-de-puebla-y-veracruz-al-lider-narcomenudista-el-croquis","status":"publish","type":"post","link":"https:\/\/diariolanoticia.com.mx\/?p=98219","title":{"rendered":"Detienen polic\u00edas estatales de Puebla y Veracruz al l\u00edder narcomenudista \u201cEl Croquis\u201d"},"content":{"rendered":"\n<p>-Era un objetivo prioritario por su vinculaci\u00f3n con homicidios y extorsiones<\/p>\n\n\n\n<p>-El hombre fue asegurado gracias a labores de investigaci\u00f3n<\/p>\n\n\n\n<p>CIUDAD DE PUEBLA, Pue. &#8211; Derivado de un trabajo de inteligencia y seguimiento puntual coordinado, las secretar\u00edas de Seguridad P\u00fablica de Puebla y Veracruz detuvieron en el vecino estado a Abraham H., alias \u201cEl Croquis\u201d, quien es considerado uno de los principales generadores de violencia en la zona metropolitana de la entidad poblana y l\u00edder de la distribuci\u00f3n de droga.<\/p>\n\n\n\n<p>El hombre fue asegurado en posesi\u00f3n de enervantes y estupefacientes, por lo que fue puesto a disposici\u00f3n de las autoridades correspondientes del vecino estado, por parte de agentes de la Polic\u00eda Estatal de Veracruz.<\/p>\n\n\n\n<p>En Puebla, \u201cEl Croquis\u201d cuenta con una orden de aprehensi\u00f3n por su presunta responsabilidad en el delito de feminicidio cometido en contra de quien fuera su pareja sentimental. Adem\u00e1s, era un objetivo de alta relevancia para la Secretar\u00eda de Seguridad P\u00fablica toda vez que est\u00e1 identificado como un generador de violencia en la zona metropolitana de Puebla, l\u00edder criminal de algunos mercados en la capital poblana, distribuidor de droga y homicida.<\/p>\n\n\n\n<p>Personal de la Secretar\u00eda de Seguridad P\u00fablica de Puebla realiz\u00f3 las acciones correspondientes para ubicar al hombre, quien estaba en Veracruz. Por tal raz\u00f3n, en coordinaci\u00f3n con la Polic\u00eda Estatal de Veracruz, fue capturado.<\/p>\n\n\n\n<p>La detenci\u00f3n de Abraham H. impacta directamente en los grupos criminales que fueron forjados durante administraciones pasadas y que ahora son desarticulados mediante trabajos de inteligencia, investigaci\u00f3n y reacci\u00f3n.<\/p>\n\n\n\n<p>De esta forma, la Secretar\u00eda de Seguridad P\u00fablica acredita su trabajo coordinado con otras entidades y su firme compromiso de combatir a la delincuencia.<\/p>\n","protected":false},"excerpt":{"rendered":"<p>-Era un objetivo prioritario por su vinculaci\u00f3n con homicidios y extorsiones -El hombre fue asegurado gracias a labores de investigaci\u00f3n CIUDAD DE PUEBLA, Pue. &#8211; Derivado de un trabajo de inteligencia y seguimiento puntual coordinado, las secretar\u00edas de Seguridad P\u00fablica de Puebla y Veracruz detuvieron en el vecino estado a Abraham H., alias \u201cEl Croquis\u201d, [&hellip;]<\/p>\n","protected":false},"author":1,"featured_media":98218,"comment_status":"open","ping_status":"open","sticky":false,"template":"","format":"standard","meta":{"footnotes":""},"categories":[20],"tags":[52],"class_list":["post-98219","post","type-post","status-publish","format-standard","has-post-thumbnail","hentry","category-norte-de-puebla","tag-puebla"],"blog_post_layout_featured_media_urls":{"thumbnail":["https:\/\/diariolanoticia.com.mx\/wp-content\/uploads\/2022\/08\/img_5573-1-216x160.jpg",216,160,true],"full":["https:\/\/diariolanoticia.com.mx\/wp-content\/uploads\/2022\/08\/img_5573-1.jpg",692,667,false]},"categories_names":{"20":{"name":"Norte de Puebla","link":"https:\/\/diariolanoticia.com.mx\/?cat=20"}},"tags_names":{"52":{"name":"Puebla","link":"https:\/\/diariolanoticia.com.mx\/?tag=puebla"}},"comments_number":"0","wpmagazine_modules_lite_featured_media_urls":{"thumbnail":["https:\/\/diariolanoticia.com.mx\/wp-content\/uploads\/2022\/08\/img_5573-1-216x160.jpg",216,160,true],"cvmm-medium":["https:\/\/diariolanoticia.com.mx\/wp-content\/uploads\/2022\/08\/img_5573-1-300x300.jpg",300,300,true],"cvmm-medium-plus":["https:\/\/diariolanoticia.com.mx\/wp-content\/uploads\/2022\/08\/img_5573-1-305x207.jpg",305,207,true],"cvmm-portrait":["https:\/\/diariolanoticia.com.mx\/wp-content\/uploads\/2022\/08\/img_5573-1-400x600.jpg",400,600,true],"cvmm-medium-square":["https:\/\/diariolanoticia.com.mx\/wp-content\/uploads\/2022\/08\/img_5573-1-600x600.jpg",600,600,true],"cvmm-large":["https:\/\/diariolanoticia.com.mx\/wp-content\/uploads\/2022\/08\/img_5573-1.jpg",692,667,false],"cvmm-small":["https:\/\/diariolanoticia.com.mx\/wp-content\/uploads\/2022\/08\/img_5573-1-130x95.jpg",130,95,true],"full":["https:\/\/diariolanoticia.com.mx\/wp-content\/uploads\/2022\/08\/img_5573-1.jpg",692,667,false]},"_links":{"self":[{"href":"https:\/\/diariolanoticia.com.mx\/index.php?rest_route=\/wp\/v2\/posts\/98219","targetHints":{"allow":["GET"]}}],"collection":[{"href":"https:\/\/diariolanoticia.com.mx\/index.php?rest_route=\/wp\/v2\/posts"}],"about":[{"href":"https:\/\/diariolanoticia.com.mx\/index.php?rest_route=\/wp\/v2\/types\/post"}],"author":[{"embeddable":true,"href":"https:\/\/diariolanoticia.com.mx\/index.php?rest_route=\/wp\/v2\/users\/1"}],"replies":[{"embeddable":true,"href":"https:\/\/diariolanoticia.com.mx\/index.php?rest_route=%2Fwp%2Fv2%2Fcomments&post=98219"}],"version-history":[{"count":1,"href":"https:\/\/diariolanoticia.com.mx\/index.php?rest_route=\/wp\/v2\/posts\/98219\/revisions"}],"predecessor-version":[{"id":98220,"href":"https:\/\/diariolanoticia.com.mx\/index.php?rest_route=\/wp\/v2\/posts\/98219\/revisions\/98220"}],"wp:featuredmedia":[{"embeddable":true,"href":"https:\/\/diariolanoticia.com.mx\/index.php?rest_route=\/wp\/v2\/media\/98218"}],"wp:attachment":[{"href":"https:\/\/diariolanoticia.com.mx\/index.php?rest_route=%2Fwp%2Fv2%2Fmedia&parent=98219"}],"wp:term":[{"taxonomy":"category","embeddable":true,"href":"https:\/\/diariolanoticia.com.mx\/index.php?rest_route=%2Fwp%2Fv2%2Fcategories&post=98219"},{"taxonomy":"post_tag","embeddable":true,"href":"https:\/\/diariolanoticia.com.mx\/index.php?rest_route=%2Fwp%2Fv2%2Ftags&post=98219"}],"curies":[{"name":"wp","href":"https:\/\/api.w.org\/{rel}","templated":true}]}}