{"id":98391,"date":"2022-08-24T13:00:35","date_gmt":"2022-08-24T18:00:35","guid":{"rendered":"https:\/\/diariolanoticia.com.mx\/?p=98391"},"modified":"2022-08-24T13:00:36","modified_gmt":"2022-08-24T18:00:36","slug":"regresa-la-carrera-11k-del-instituto-politecnico-nacional-a-tlaxcala-capital","status":"publish","type":"post","link":"https:\/\/diariolanoticia.com.mx\/?p=98391","title":{"rendered":"Regresa la Carrera 11k del Instituto Polit\u00e9cnico Nacional a Tlaxcala Capital"},"content":{"rendered":"\n<p>\u2022\u00a0<em>El retorno de la carrera atl\u00e9tica polit\u00e9cnica a la capital ser\u00e1 una oportunidad invaluable para reactivar la econom\u00eda local e impulsar el deporte<\/em><\/p>\n\n\n\n<p>Las calles de la Ciudad de Tlaxcala se te\u00f1ir\u00e1n de guinda&nbsp;y blanco&nbsp;el pr\u00f3ximo&nbsp;25 de septiembre&nbsp;de&nbsp;2022, con el regreso de la Carrera 11K del Instituto Polit\u00e9cnico Nacional (IPN)&nbsp;y Canal 11,&nbsp;que despu\u00e9s de dos a\u00f1os de suspensi\u00f3n, regresa a Tlaxcala Capital.&nbsp;<a><\/a><\/p>\n\n\n\n<p>En una presentaci\u00f3n ante medios de comunicaci\u00f3n, representantes del IPN, autoridades estatales y municipales,&nbsp;anunciaron la realizaci\u00f3n de la cl\u00e1sica carrera atl\u00e9tica, que tendr\u00e1 como punto de partida el Z\u00f3calo de la Ciudad de Tlaxcala y se interconectar\u00e1 con municipios aleda\u00f1os para culminar en el Estadio&nbsp;Tlahuicole.&nbsp;<\/p>\n\n\n\n<p>Al respecto, Miguel \u00c1ngel Ch\u00e1vez Zavala, jefe de la Oficina de Presidencia, en representaci\u00f3n del alcalde Jorge&nbsp;Corichi, reconoci\u00f3 las bondades de retomar esta competencia teniendo al municipio capitalino como sede principal.<\/p>\n\n\n\n<p>\u201cRepresenta mucho para la Ciudad tener una actividad como esta, que se suma a todas las actividades deportivas que hemos realizado y que siguen colocando a Tlaxcala Capital como un referente con capacidad de organizaci\u00f3n para albergar eventos tan trascendentales\u201d, refiri\u00f3 el funcionario municipal.<\/p>\n\n\n\n<p>En este sentido, tambi\u00e9n remarc\u00f3 los beneficios econ\u00f3micos que atraer\u00e1 la realizaci\u00f3n de este evento deportivo, con la&nbsp;captaci\u00f3n&nbsp;de un importante n\u00famero de visitantes provenientes de la zona metropolitana&nbsp;que&nbsp;sin duda, abonar\u00e1n a la reactivaci\u00f3n del sector econ\u00f3mico y productivo de la capital tlaxcalteca.&nbsp;<\/p>\n\n\n\n<p>Por su parte,&nbsp;Javier Marroqu\u00edn Calder\u00f3n, Secretario de Desarrollo Econ\u00f3mico del Estado de Tlaxcala, reconoci\u00f3 en el gobierno municipal encabezado por Jorge&nbsp;Corichi, un valioso aliado del deporte y de las iniciativas para reanimar la econom\u00eda local.&nbsp;<\/p>\n\n\n\n<p>La carrera atl\u00e9tica que promueve el fomento de la cultura deportiva, la convivencia social y el desarrollo de la comunidad, se desarrolla en el marco del Aniversario del Instituto Polit\u00e9cnico Nacional y del Canal Once respectivamente, su primera edici\u00f3n fue en 2011 en la Ciudad de Tampico, Tamaulipas present\u00e1ndose de manera simult\u00e1nea en 18 ciudades incluyendo Tlaxcala.&nbsp;<\/p>\n\n\n\n<p>El evento contempla categor\u00eda Infantil y Categor\u00eda Libre&nbsp;y se estima una afluencia de dos mil asistentes entre atletas y p\u00fablico general. La premiaci\u00f3n se realiza a los tres primeros lugares&nbsp;de cada categor\u00eda y medalla de&nbsp;participaci\u00f3n a todos los corredores.<\/p>\n\n\n\n<figure class=\"wp-block-gallery columns-2 is-cropped wp-block-gallery-1 is-layout-flex wp-block-gallery-is-layout-flex\"><ul class=\"blocks-gallery-grid\"><li class=\"blocks-gallery-item\"><figure><img loading=\"lazy\" decoding=\"async\" width=\"786\" height=\"1024\" src=\"https:\/\/diariolanoticia.com.mx\/wp-content\/uploads\/2022\/08\/D1420684-10D1-4DAD-9864-B63D7341815E.jpeg\" alt=\"\" data-id=\"98393\" data-full-url=\"https:\/\/diariolanoticia.com.mx\/wp-content\/uploads\/2022\/08\/D1420684-10D1-4DAD-9864-B63D7341815E.jpeg\" data-link=\"https:\/\/diariolanoticia.com.mx\/?attachment_id=98393\" class=\"wp-image-98393\" srcset=\"https:\/\/diariolanoticia.com.mx\/wp-content\/uploads\/2022\/08\/D1420684-10D1-4DAD-9864-B63D7341815E.jpeg 786w, https:\/\/diariolanoticia.com.mx\/wp-content\/uploads\/2022\/08\/D1420684-10D1-4DAD-9864-B63D7341815E-230x300.jpeg 230w, https:\/\/diariolanoticia.com.mx\/wp-content\/uploads\/2022\/08\/D1420684-10D1-4DAD-9864-B63D7341815E-768x1001.jpeg 768w\" sizes=\"auto, (max-width: 786px) 100vw, 786px\" \/><\/figure><\/li><li class=\"blocks-gallery-item\"><figure><img loading=\"lazy\" decoding=\"async\" width=\"786\" height=\"1024\" src=\"https:\/\/diariolanoticia.com.mx\/wp-content\/uploads\/2022\/08\/795B429A-A540-4363-A5E7-FE38A3339749.jpeg\" alt=\"\" data-id=\"98394\" data-full-url=\"https:\/\/diariolanoticia.com.mx\/wp-content\/uploads\/2022\/08\/795B429A-A540-4363-A5E7-FE38A3339749.jpeg\" data-link=\"https:\/\/diariolanoticia.com.mx\/?attachment_id=98394\" class=\"wp-image-98394\" srcset=\"https:\/\/diariolanoticia.com.mx\/wp-content\/uploads\/2022\/08\/795B429A-A540-4363-A5E7-FE38A3339749.jpeg 786w, https:\/\/diariolanoticia.com.mx\/wp-content\/uploads\/2022\/08\/795B429A-A540-4363-A5E7-FE38A3339749-230x300.jpeg 230w, https:\/\/diariolanoticia.com.mx\/wp-content\/uploads\/2022\/08\/795B429A-A540-4363-A5E7-FE38A3339749-768x1001.jpeg 768w\" sizes=\"auto, (max-width: 786px) 100vw, 786px\" \/><\/figure><\/li><\/ul><\/figure>\n","protected":false},"excerpt":{"rendered":"<p>\u2022\u00a0El retorno de la carrera atl\u00e9tica polit\u00e9cnica a la capital ser\u00e1 una oportunidad invaluable para reactivar la econom\u00eda local e impulsar el deporte Las calles de la Ciudad de Tlaxcala se te\u00f1ir\u00e1n de guinda&nbsp;y blanco&nbsp;el pr\u00f3ximo&nbsp;25 de septiembre&nbsp;de&nbsp;2022, con el regreso de la Carrera 11K del Instituto Polit\u00e9cnico Nacional (IPN)&nbsp;y Canal 11,&nbsp;que despu\u00e9s de dos [&hellip;]<\/p>\n","protected":false},"author":1,"featured_media":98392,"comment_status":"open","ping_status":"open","sticky":false,"template":"","format":"standard","meta":{"footnotes":""},"categories":[17],"tags":[],"class_list":["post-98391","post","type-post","status-publish","format-standard","has-post-thumbnail","hentry","category-tlaxcala"],"blog_post_layout_featured_media_urls":{"thumbnail":["https:\/\/diariolanoticia.com.mx\/wp-content\/uploads\/2022\/08\/F5F9E45F-C7AA-47A9-BDDC-1EC550C7300C-216x160.jpeg",216,160,true],"full":["https:\/\/diariolanoticia.com.mx\/wp-content\/uploads\/2022\/08\/F5F9E45F-C7AA-47A9-BDDC-1EC550C7300C.jpeg",1600,1068,false]},"categories_names":{"17":{"name":"Tlaxcala","link":"https:\/\/diariolanoticia.com.mx\/?cat=17"}},"tags_names":[],"comments_number":"0","wpmagazine_modules_lite_featured_media_urls":{"thumbnail":["https:\/\/diariolanoticia.com.mx\/wp-content\/uploads\/2022\/08\/F5F9E45F-C7AA-47A9-BDDC-1EC550C7300C-216x160.jpeg",216,160,true],"cvmm-medium":["https:\/\/diariolanoticia.com.mx\/wp-content\/uploads\/2022\/08\/F5F9E45F-C7AA-47A9-BDDC-1EC550C7300C-300x300.jpeg",300,300,true],"cvmm-medium-plus":["https:\/\/diariolanoticia.com.mx\/wp-content\/uploads\/2022\/08\/F5F9E45F-C7AA-47A9-BDDC-1EC550C7300C-305x207.jpeg",305,207,true],"cvmm-portrait":["https:\/\/diariolanoticia.com.mx\/wp-content\/uploads\/2022\/08\/F5F9E45F-C7AA-47A9-BDDC-1EC550C7300C-400x600.jpeg",400,600,true],"cvmm-medium-square":["https:\/\/diariolanoticia.com.mx\/wp-content\/uploads\/2022\/08\/F5F9E45F-C7AA-47A9-BDDC-1EC550C7300C-600x600.jpeg",600,600,true],"cvmm-large":["https:\/\/diariolanoticia.com.mx\/wp-content\/uploads\/2022\/08\/F5F9E45F-C7AA-47A9-BDDC-1EC550C7300C-1024x1024.jpeg",1024,1024,true],"cvmm-small":["https:\/\/diariolanoticia.com.mx\/wp-content\/uploads\/2022\/08\/F5F9E45F-C7AA-47A9-BDDC-1EC550C7300C-130x95.jpeg",130,95,true],"full":["https:\/\/diariolanoticia.com.mx\/wp-content\/uploads\/2022\/08\/F5F9E45F-C7AA-47A9-BDDC-1EC550C7300C.jpeg",1600,1068,false]},"_links":{"self":[{"href":"https:\/\/diariolanoticia.com.mx\/index.php?rest_route=\/wp\/v2\/posts\/98391","targetHints":{"allow":["GET"]}}],"collection":[{"href":"https:\/\/diariolanoticia.com.mx\/index.php?rest_route=\/wp\/v2\/posts"}],"about":[{"href":"https:\/\/diariolanoticia.com.mx\/index.php?rest_route=\/wp\/v2\/types\/post"}],"author":[{"embeddable":true,"href":"https:\/\/diariolanoticia.com.mx\/index.php?rest_route=\/wp\/v2\/users\/1"}],"replies":[{"embeddable":true,"href":"https:\/\/diariolanoticia.com.mx\/index.php?rest_route=%2Fwp%2Fv2%2Fcomments&post=98391"}],"version-history":[{"count":1,"href":"https:\/\/diariolanoticia.com.mx\/index.php?rest_route=\/wp\/v2\/posts\/98391\/revisions"}],"predecessor-version":[{"id":98395,"href":"https:\/\/diariolanoticia.com.mx\/index.php?rest_route=\/wp\/v2\/posts\/98391\/revisions\/98395"}],"wp:featuredmedia":[{"embeddable":true,"href":"https:\/\/diariolanoticia.com.mx\/index.php?rest_route=\/wp\/v2\/media\/98392"}],"wp:attachment":[{"href":"https:\/\/diariolanoticia.com.mx\/index.php?rest_route=%2Fwp%2Fv2%2Fmedia&parent=98391"}],"wp:term":[{"taxonomy":"category","embeddable":true,"href":"https:\/\/diariolanoticia.com.mx\/index.php?rest_route=%2Fwp%2Fv2%2Fcategories&post=98391"},{"taxonomy":"post_tag","embeddable":true,"href":"https:\/\/diariolanoticia.com.mx\/index.php?rest_route=%2Fwp%2Fv2%2Ftags&post=98391"}],"curies":[{"name":"wp","href":"https:\/\/api.w.org\/{rel}","templated":true}]}}