{"id":98561,"date":"2022-08-27T19:00:43","date_gmt":"2022-08-28T00:00:43","guid":{"rendered":"https:\/\/diariolanoticia.com.mx\/?p=98561"},"modified":"2022-08-27T19:00:54","modified_gmt":"2022-08-28T00:00:54","slug":"tlaxcala-uno-de-los-congresos-con-mayor-representacion-de-mujeres-legisladoras-y-liderazgos","status":"publish","type":"post","link":"https:\/\/diariolanoticia.com.mx\/?p=98561","title":{"rendered":"Tlaxcala, uno de los congresos con mayor representaci\u00f3n de mujeres legisladoras y liderazgos"},"content":{"rendered":"\n<p><em>Se presentaron los resultados del \u00abEstudio Acad\u00e9mico sobre fuerza pol\u00edtica de las Legisladoras en los Congresos Locales en M\u00e9xico.<\/em><\/p>\n\n\n\n<p>El Instituto Nacional Electoral (INE), Bur\u00f3 Parlamentario y la LXIV Legislatura, presentaron los resultados del \u00abEstudio acad\u00e9mico sobre la fuerza pol\u00edtica de las Legisladoras en los Congresos Locales de M\u00e9xico\u00bb, y en Tlaxcala, el Poder Legislativo actual se ubica entre los que registran mayor representaci\u00f3n de mujeres y liderazgos, como parte de la lucha en la igualdad de g\u00e9nero y la participaci\u00f3n pol\u00edtica de las mujeres.<\/p>\n\n\n\n<p>La presidenta de la Comisi\u00f3n de Igualdad de G\u00e9nero y Contra la Trata de Personas, Lorena Ruiz Garc\u00eda, se\u00f1al\u00f3 la necesidad de un redise\u00f1o institucional en el que se fomente una cultura de igualdad y no discriminaci\u00f3n, que revalore y conecte los espacios p\u00fablicos y privados.&nbsp;<\/p>\n\n\n\n<p>\u00abMuchas mujeres seguimos siendo limitadas por los techos de cristal, que nos dificultan el acceso a los puestos de alta direcci\u00f3n, y sobre todo, a la toma real de decisiones\u00bb, expres\u00f3 la congresista, ya que de acuerdo a algunos estudios de la Organizaci\u00f3n de Naciones Unidas (ONU), a\u00fan la mayor parte de la poblaci\u00f3n piensa que los hombres son mejores l\u00edderes que las mujeres, lo que representa a\u00fan la desigualdad de oportunidades y de cargos de poder a los que se enfrentan.<\/p>\n\n\n\n<p>Para la presentaci\u00f3n de este estudio acad\u00e9mico que se desarroll\u00f3 en el Patio Vitral del Palacio Legislativo, se cont\u00f3 con la presencia de la titular del Instituto Estatal de la Mujer (IEM), Margarita Cisneros Tzoni; el Vocal Ejecutivo de la Junta Local del INE, Jes\u00fas Lule Ortega; la especialista en temas de g\u00e9nero y exconsejera electoral, Dora Rodr\u00edguez Soriano; el ponente de Bur\u00f3 Parlamentario, Sergio B\u00e1rcenas; y la ponente, Adriana B\u00e1ez.<\/p>\n\n\n\n<p>Los resultaron dan muestra del avance sobre la participaci\u00f3n y acceso a puestos de poder de las mujeres, desde la lucha por el reconocimiento al derecho de la mujer a participar en la vida pol\u00edtica y social, as\u00ed como de los logros obtenidos; y en este estudio acad\u00e9mico se expresan situaciones como la complejidad que se tiene para conocer la incidencia real que pueden tener las congresistas en la toma de decisiones parlamentarias.<\/p>\n\n\n\n<p>Cabe recalcar que este estudio surge en un contexto en que la democracia participativa, refleja que la mayor parte de los ciudadanos se encuentran insatisfechos con los resultados de la democracia, por lo cual, se analiz\u00f3 la forma en que los grupos hist\u00f3ricamente vulnerables se han adue\u00f1ado de los espacios y est\u00e1n formando parte de esta democracia participativa y su desempe\u00f1o.<\/p>\n\n\n\n<p>Asimismo, se presentaron los resultados de c\u00f3mo la mayor\u00eda de los congresos locales del pa\u00eds cumplieron con la paridad de g\u00e9nero, y se logr\u00f3 que muchas mujeres, no solo tuvieran presencia, sino, tambi\u00e9n representaci\u00f3n en puestos de poder; sin embargo, todav\u00eda existen muchas condiciones propiciadas por el techo de cristal, donde la mayor\u00eda de las mujeres no se encontraban en comisiones de mayor importancia y muy poca participaci\u00f3n como coordinadoras de bancada.<\/p>\n\n\n\n<p>Respecto a Tlaxcala, el Congreso Local se encuentra en la media nacional sobre la participaci\u00f3n de las mujeres, con una representatividad del 52 por ciento y que se ve reflejado en los cargos que ocupan las legisladoras en las mesas directivas y comisiones en el primer a\u00f1o legislativo, lo que representa una participaci\u00f3n activa de mujeres en estos puestos de poder.<\/p>\n\n\n\n<p>De esta manera se presentaron los resultados del estudio acad\u00e9mico sobre la fuerza de las Legisladoras en los Congresos Locales, como un ejercicio de reconocimiento de los derechos pol\u00edticos electorales de las mujeres, la lucha para eliminar el techo de cristal y la violencia pol\u00edtica en razones de g\u00e9nero, que muchas veces les imposibilita ocupar realmente puestos de poder y la toma de decisiones.<\/p>\n","protected":false},"excerpt":{"rendered":"<p>Se presentaron los resultados del \u00abEstudio Acad\u00e9mico sobre fuerza pol\u00edtica de las Legisladoras en los Congresos Locales en M\u00e9xico. El Instituto Nacional Electoral (INE), Bur\u00f3 Parlamentario y la LXIV Legislatura, presentaron los resultados del \u00abEstudio acad\u00e9mico sobre la fuerza pol\u00edtica de las Legisladoras en los Congresos Locales de M\u00e9xico\u00bb, y en Tlaxcala, el Poder Legislativo [&hellip;]<\/p>\n","protected":false},"author":1,"featured_media":98562,"comment_status":"open","ping_status":"open","sticky":false,"template":"","format":"standard","meta":{"footnotes":""},"categories":[22],"tags":[],"class_list":["post-98561","post","type-post","status-publish","format-standard","has-post-thumbnail","hentry","category-congreso"],"blog_post_layout_featured_media_urls":{"thumbnail":["https:\/\/diariolanoticia.com.mx\/wp-content\/uploads\/2022\/08\/RESULTADOS-216x160.jpg",216,160,true],"full":["https:\/\/diariolanoticia.com.mx\/wp-content\/uploads\/2022\/08\/RESULTADOS.jpg",1023,768,false]},"categories_names":{"22":{"name":"Congreso","link":"https:\/\/diariolanoticia.com.mx\/?cat=22"}},"tags_names":[],"comments_number":"0","wpmagazine_modules_lite_featured_media_urls":{"thumbnail":["https:\/\/diariolanoticia.com.mx\/wp-content\/uploads\/2022\/08\/RESULTADOS-216x160.jpg",216,160,true],"cvmm-medium":["https:\/\/diariolanoticia.com.mx\/wp-content\/uploads\/2022\/08\/RESULTADOS-300x300.jpg",300,300,true],"cvmm-medium-plus":["https:\/\/diariolanoticia.com.mx\/wp-content\/uploads\/2022\/08\/RESULTADOS-305x207.jpg",305,207,true],"cvmm-portrait":["https:\/\/diariolanoticia.com.mx\/wp-content\/uploads\/2022\/08\/RESULTADOS-400x600.jpg",400,600,true],"cvmm-medium-square":["https:\/\/diariolanoticia.com.mx\/wp-content\/uploads\/2022\/08\/RESULTADOS-600x600.jpg",600,600,true],"cvmm-large":["https:\/\/diariolanoticia.com.mx\/wp-content\/uploads\/2022\/08\/RESULTADOS.jpg",1023,768,false],"cvmm-small":["https:\/\/diariolanoticia.com.mx\/wp-content\/uploads\/2022\/08\/RESULTADOS-130x95.jpg",130,95,true],"full":["https:\/\/diariolanoticia.com.mx\/wp-content\/uploads\/2022\/08\/RESULTADOS.jpg",1023,768,false]},"_links":{"self":[{"href":"https:\/\/diariolanoticia.com.mx\/index.php?rest_route=\/wp\/v2\/posts\/98561","targetHints":{"allow":["GET"]}}],"collection":[{"href":"https:\/\/diariolanoticia.com.mx\/index.php?rest_route=\/wp\/v2\/posts"}],"about":[{"href":"https:\/\/diariolanoticia.com.mx\/index.php?rest_route=\/wp\/v2\/types\/post"}],"author":[{"embeddable":true,"href":"https:\/\/diariolanoticia.com.mx\/index.php?rest_route=\/wp\/v2\/users\/1"}],"replies":[{"embeddable":true,"href":"https:\/\/diariolanoticia.com.mx\/index.php?rest_route=%2Fwp%2Fv2%2Fcomments&post=98561"}],"version-history":[{"count":2,"href":"https:\/\/diariolanoticia.com.mx\/index.php?rest_route=\/wp\/v2\/posts\/98561\/revisions"}],"predecessor-version":[{"id":98564,"href":"https:\/\/diariolanoticia.com.mx\/index.php?rest_route=\/wp\/v2\/posts\/98561\/revisions\/98564"}],"wp:featuredmedia":[{"embeddable":true,"href":"https:\/\/diariolanoticia.com.mx\/index.php?rest_route=\/wp\/v2\/media\/98562"}],"wp:attachment":[{"href":"https:\/\/diariolanoticia.com.mx\/index.php?rest_route=%2Fwp%2Fv2%2Fmedia&parent=98561"}],"wp:term":[{"taxonomy":"category","embeddable":true,"href":"https:\/\/diariolanoticia.com.mx\/index.php?rest_route=%2Fwp%2Fv2%2Fcategories&post=98561"},{"taxonomy":"post_tag","embeddable":true,"href":"https:\/\/diariolanoticia.com.mx\/index.php?rest_route=%2Fwp%2Fv2%2Ftags&post=98561"}],"curies":[{"name":"wp","href":"https:\/\/api.w.org\/{rel}","templated":true}]}}