{"id":98565,"date":"2022-08-27T19:01:52","date_gmt":"2022-08-28T00:01:52","guid":{"rendered":"https:\/\/diariolanoticia.com.mx\/?p=98565"},"modified":"2022-08-27T19:01:53","modified_gmt":"2022-08-28T00:01:53","slug":"presentan-en-uatx-texto-sobre-anticomunismo-nacionalismo-catolico-y-geopolitica","status":"publish","type":"post","link":"https:\/\/diariolanoticia.com.mx\/?p=98565","title":{"rendered":"Presentan en UATx texto sobre anticomunismo, nacionalismo cat\u00f3lico y geopol\u00edtica"},"content":{"rendered":"\n<p>La Facultad de Derecho, Ciencias Pol\u00edticas y Criminolog\u00eda de la Universidad Aut\u00f3noma de Tlaxcala (UATx), a trav\u00e9s de la Licenciatura en Ciencias Pol\u00edticas y Administraci\u00f3n P\u00fablica, en colaboraci\u00f3n con la Asociaci\u00f3n Mexicana de Ciencias Pol\u00edticas Comit\u00e9 Estatal Tlaxcala, realizaron la presentaci\u00f3n del libro: \u00abAnticomunismo, nacionalismo cat\u00f3lico y geopol\u00edtica, el impacto sobre M\u00e9xico\u00bb, evento que estuvo presidido por los autores Samuel Schmidt, X\u00f3chitl Patricia Campos L\u00f3pez, Diego Mart\u00edn Vel\u00e1zquez Caballero, el Licenciado Dante Morales Cruz, Director de la Facultad, y el Maestro Sa\u00fal Molina Mata, quien fungi\u00f3 como presentador de la obra.<\/p>\n","protected":false},"excerpt":{"rendered":"<p>La Facultad de Derecho, Ciencias Pol\u00edticas y Criminolog\u00eda de la Universidad Aut\u00f3noma de Tlaxcala (UATx), a trav\u00e9s de la Licenciatura en Ciencias Pol\u00edticas y Administraci\u00f3n P\u00fablica, en colaboraci\u00f3n con la Asociaci\u00f3n Mexicana de Ciencias Pol\u00edticas Comit\u00e9 Estatal Tlaxcala, realizaron la presentaci\u00f3n del libro: \u00abAnticomunismo, nacionalismo cat\u00f3lico y geopol\u00edtica, el impacto sobre M\u00e9xico\u00bb, evento que estuvo [&hellip;]<\/p>\n","protected":false},"author":1,"featured_media":98566,"comment_status":"open","ping_status":"open","sticky":false,"template":"","format":"standard","meta":{"footnotes":""},"categories":[10],"tags":[],"class_list":["post-98565","post","type-post","status-publish","format-standard","has-post-thumbnail","hentry","category-educacion"],"blog_post_layout_featured_media_urls":{"thumbnail":["https:\/\/diariolanoticia.com.mx\/wp-content\/uploads\/2022\/08\/26-Presentan-en-UATx-texto-sobre-anticomunismo-nacionalismo-catolico-y-geopolitica-216x160.jpg",216,160,true],"full":["https:\/\/diariolanoticia.com.mx\/wp-content\/uploads\/2022\/08\/26-Presentan-en-UATx-texto-sobre-anticomunismo-nacionalismo-catolico-y-geopolitica.jpg",1418,946,false]},"categories_names":{"10":{"name":"Educaci\u00f3n","link":"https:\/\/diariolanoticia.com.mx\/?cat=10"}},"tags_names":[],"comments_number":"0","wpmagazine_modules_lite_featured_media_urls":{"thumbnail":["https:\/\/diariolanoticia.com.mx\/wp-content\/uploads\/2022\/08\/26-Presentan-en-UATx-texto-sobre-anticomunismo-nacionalismo-catolico-y-geopolitica-216x160.jpg",216,160,true],"cvmm-medium":["https:\/\/diariolanoticia.com.mx\/wp-content\/uploads\/2022\/08\/26-Presentan-en-UATx-texto-sobre-anticomunismo-nacionalismo-catolico-y-geopolitica-300x300.jpg",300,300,true],"cvmm-medium-plus":["https:\/\/diariolanoticia.com.mx\/wp-content\/uploads\/2022\/08\/26-Presentan-en-UATx-texto-sobre-anticomunismo-nacionalismo-catolico-y-geopolitica-305x207.jpg",305,207,true],"cvmm-portrait":["https:\/\/diariolanoticia.com.mx\/wp-content\/uploads\/2022\/08\/26-Presentan-en-UATx-texto-sobre-anticomunismo-nacionalismo-catolico-y-geopolitica-400x600.jpg",400,600,true],"cvmm-medium-square":["https:\/\/diariolanoticia.com.mx\/wp-content\/uploads\/2022\/08\/26-Presentan-en-UATx-texto-sobre-anticomunismo-nacionalismo-catolico-y-geopolitica-600x600.jpg",600,600,true],"cvmm-large":["https:\/\/diariolanoticia.com.mx\/wp-content\/uploads\/2022\/08\/26-Presentan-en-UATx-texto-sobre-anticomunismo-nacionalismo-catolico-y-geopolitica-1024x946.jpg",1024,946,true],"cvmm-small":["https:\/\/diariolanoticia.com.mx\/wp-content\/uploads\/2022\/08\/26-Presentan-en-UATx-texto-sobre-anticomunismo-nacionalismo-catolico-y-geopolitica-130x95.jpg",130,95,true],"full":["https:\/\/diariolanoticia.com.mx\/wp-content\/uploads\/2022\/08\/26-Presentan-en-UATx-texto-sobre-anticomunismo-nacionalismo-catolico-y-geopolitica.jpg",1418,946,false]},"_links":{"self":[{"href":"https:\/\/diariolanoticia.com.mx\/index.php?rest_route=\/wp\/v2\/posts\/98565","targetHints":{"allow":["GET"]}}],"collection":[{"href":"https:\/\/diariolanoticia.com.mx\/index.php?rest_route=\/wp\/v2\/posts"}],"about":[{"href":"https:\/\/diariolanoticia.com.mx\/index.php?rest_route=\/wp\/v2\/types\/post"}],"author":[{"embeddable":true,"href":"https:\/\/diariolanoticia.com.mx\/index.php?rest_route=\/wp\/v2\/users\/1"}],"replies":[{"embeddable":true,"href":"https:\/\/diariolanoticia.com.mx\/index.php?rest_route=%2Fwp%2Fv2%2Fcomments&post=98565"}],"version-history":[{"count":1,"href":"https:\/\/diariolanoticia.com.mx\/index.php?rest_route=\/wp\/v2\/posts\/98565\/revisions"}],"predecessor-version":[{"id":98567,"href":"https:\/\/diariolanoticia.com.mx\/index.php?rest_route=\/wp\/v2\/posts\/98565\/revisions\/98567"}],"wp:featuredmedia":[{"embeddable":true,"href":"https:\/\/diariolanoticia.com.mx\/index.php?rest_route=\/wp\/v2\/media\/98566"}],"wp:attachment":[{"href":"https:\/\/diariolanoticia.com.mx\/index.php?rest_route=%2Fwp%2Fv2%2Fmedia&parent=98565"}],"wp:term":[{"taxonomy":"category","embeddable":true,"href":"https:\/\/diariolanoticia.com.mx\/index.php?rest_route=%2Fwp%2Fv2%2Fcategories&post=98565"},{"taxonomy":"post_tag","embeddable":true,"href":"https:\/\/diariolanoticia.com.mx\/index.php?rest_route=%2Fwp%2Fv2%2Ftags&post=98565"}],"curies":[{"name":"wp","href":"https:\/\/api.w.org\/{rel}","templated":true}]}}