{"id":98579,"date":"2022-08-29T10:22:39","date_gmt":"2022-08-29T15:22:39","guid":{"rendered":"https:\/\/diariolanoticia.com.mx\/?p=98579"},"modified":"2022-08-29T10:22:41","modified_gmt":"2022-08-29T15:22:41","slug":"apizaco-unico-municipio-con-protocolo-de-actuacion-inmediata-en-caso-de-violencia-de-genero","status":"publish","type":"post","link":"https:\/\/diariolanoticia.com.mx\/?p=98579","title":{"rendered":"Apizaco, \u00fanico municipio con Protocolo de Actuaci\u00f3n inmediata en caso de violencia de g\u00e9nero"},"content":{"rendered":"\n<p>El pasado 25 de agosto, en el marco del D\u00eda Naranja, el Presidente de Apizaco, Pablo Badillo, encabez\u00f3 la presentaci\u00f3n de la Patrulla y Estrategia Naranja de seguridad p\u00fablica, la cual consta de un Protocolo de Actuaci\u00f3n inmediata, \u00fanico en el estado.<\/p>\n\n\n\n<p>Con dicho protocolo de actuaci\u00f3n se busca capacitar y brindar a los cuerpos policiales y en espec\u00edfico a la polic\u00eda naranja, los conocimientos, procedimientos para que garanticen una respuesta inmediata y efectiva ante este fen\u00f3meno que se pretende disminuir.<\/p>\n\n\n\n<p>Asimismo, otorgar\u00e1 los elementos conceptuales, as\u00ed como estrategias y pr\u00e1cticas que facilitar\u00e1n el arribo de los cuerpos policiales en el lugar de intervenci\u00f3n, ante situaciones que demanden atenci\u00f3n a v\u00edctimas de violencia de g\u00e9nero. Con el fin de brindar respuestas optimas ante este fen\u00f3meno social.<\/p>\n\n\n\n<p>Adem\u00e1s, este documento cuenta con objetivos espec\u00edficos como:<\/p>\n\n\n\n<ul class=\"wp-block-list\"><li>Identificar los casos de violencia intra familiar.<\/li><li>Mejorar la interacci\u00f3n con las v\u00edctimas.<\/li><li>Identificar las principales necesidades de la victimas para brindar el apoyo y la orientaci\u00f3n necesaria de manera inmediata.<\/li><li>Orientar a la v\u00edctima con alternativas institucionales o sociales que sirvan de apoyo ante una situaci\u00f3n de violencia.<\/li><li>Evitar re victimizaci\u00f3n.<\/li><li>Salvaguardar la integridad f\u00edsica, emocional y sexual de la v\u00edctima.<\/li><li>Implementar acciones a fines a la protecci\u00f3n y seguridad de las personas v\u00edctimas del delito.<\/li><li>Aportar los elementos necesarios al ministerio p\u00fablico para el<br>conocimiento de los hechos.<\/li><li>Desarrollar y mejorar las habilidades de proximidad social.<\/li><\/ul>\n\n\n\n<p>Cabe destacar que para la realizaci\u00f3n de este protocolo de actuaci\u00f3n intervinieron instancias municipales como: SMDIF, SIPINNA, IMM, Unidad de G\u00e9nero y Seguridad P\u00fablica.<\/p>\n","protected":false},"excerpt":{"rendered":"<p>El pasado 25 de agosto, en el marco del D\u00eda Naranja, el Presidente de Apizaco, Pablo Badillo, encabez\u00f3 la presentaci\u00f3n de la Patrulla y Estrategia Naranja de seguridad p\u00fablica, la cual consta de un Protocolo de Actuaci\u00f3n inmediata, \u00fanico en el estado. Con dicho protocolo de actuaci\u00f3n se busca capacitar y brindar a los cuerpos [&hellip;]<\/p>\n","protected":false},"author":1,"featured_media":98580,"comment_status":"open","ping_status":"open","sticky":false,"template":"","format":"standard","meta":{"footnotes":""},"categories":[3],"tags":[],"class_list":["post-98579","post","type-post","status-publish","format-standard","has-post-thumbnail","hentry","category-apizaco"],"blog_post_layout_featured_media_urls":{"thumbnail":["https:\/\/diariolanoticia.com.mx\/wp-content\/uploads\/2022\/08\/EF3234C4-3EED-4AE0-92BD-F28D576B86F5-216x160.jpeg",216,160,true],"full":["https:\/\/diariolanoticia.com.mx\/wp-content\/uploads\/2022\/08\/EF3234C4-3EED-4AE0-92BD-F28D576B86F5.jpeg",1024,682,false]},"categories_names":{"3":{"name":"Apizaco","link":"https:\/\/diariolanoticia.com.mx\/?cat=3"}},"tags_names":[],"comments_number":"0","wpmagazine_modules_lite_featured_media_urls":{"thumbnail":["https:\/\/diariolanoticia.com.mx\/wp-content\/uploads\/2022\/08\/EF3234C4-3EED-4AE0-92BD-F28D576B86F5-216x160.jpeg",216,160,true],"cvmm-medium":["https:\/\/diariolanoticia.com.mx\/wp-content\/uploads\/2022\/08\/EF3234C4-3EED-4AE0-92BD-F28D576B86F5-300x300.jpeg",300,300,true],"cvmm-medium-plus":["https:\/\/diariolanoticia.com.mx\/wp-content\/uploads\/2022\/08\/EF3234C4-3EED-4AE0-92BD-F28D576B86F5-305x207.jpeg",305,207,true],"cvmm-portrait":["https:\/\/diariolanoticia.com.mx\/wp-content\/uploads\/2022\/08\/EF3234C4-3EED-4AE0-92BD-F28D576B86F5-400x600.jpeg",400,600,true],"cvmm-medium-square":["https:\/\/diariolanoticia.com.mx\/wp-content\/uploads\/2022\/08\/EF3234C4-3EED-4AE0-92BD-F28D576B86F5-600x600.jpeg",600,600,true],"cvmm-large":["https:\/\/diariolanoticia.com.mx\/wp-content\/uploads\/2022\/08\/EF3234C4-3EED-4AE0-92BD-F28D576B86F5.jpeg",1024,682,false],"cvmm-small":["https:\/\/diariolanoticia.com.mx\/wp-content\/uploads\/2022\/08\/EF3234C4-3EED-4AE0-92BD-F28D576B86F5-130x95.jpeg",130,95,true],"full":["https:\/\/diariolanoticia.com.mx\/wp-content\/uploads\/2022\/08\/EF3234C4-3EED-4AE0-92BD-F28D576B86F5.jpeg",1024,682,false]},"_links":{"self":[{"href":"https:\/\/diariolanoticia.com.mx\/index.php?rest_route=\/wp\/v2\/posts\/98579","targetHints":{"allow":["GET"]}}],"collection":[{"href":"https:\/\/diariolanoticia.com.mx\/index.php?rest_route=\/wp\/v2\/posts"}],"about":[{"href":"https:\/\/diariolanoticia.com.mx\/index.php?rest_route=\/wp\/v2\/types\/post"}],"author":[{"embeddable":true,"href":"https:\/\/diariolanoticia.com.mx\/index.php?rest_route=\/wp\/v2\/users\/1"}],"replies":[{"embeddable":true,"href":"https:\/\/diariolanoticia.com.mx\/index.php?rest_route=%2Fwp%2Fv2%2Fcomments&post=98579"}],"version-history":[{"count":1,"href":"https:\/\/diariolanoticia.com.mx\/index.php?rest_route=\/wp\/v2\/posts\/98579\/revisions"}],"predecessor-version":[{"id":98581,"href":"https:\/\/diariolanoticia.com.mx\/index.php?rest_route=\/wp\/v2\/posts\/98579\/revisions\/98581"}],"wp:featuredmedia":[{"embeddable":true,"href":"https:\/\/diariolanoticia.com.mx\/index.php?rest_route=\/wp\/v2\/media\/98580"}],"wp:attachment":[{"href":"https:\/\/diariolanoticia.com.mx\/index.php?rest_route=%2Fwp%2Fv2%2Fmedia&parent=98579"}],"wp:term":[{"taxonomy":"category","embeddable":true,"href":"https:\/\/diariolanoticia.com.mx\/index.php?rest_route=%2Fwp%2Fv2%2Fcategories&post=98579"},{"taxonomy":"post_tag","embeddable":true,"href":"https:\/\/diariolanoticia.com.mx\/index.php?rest_route=%2Fwp%2Fv2%2Ftags&post=98579"}],"curies":[{"name":"wp","href":"https:\/\/api.w.org\/{rel}","templated":true}]}}