{"id":98661,"date":"2022-08-30T17:37:50","date_gmt":"2022-08-30T22:37:50","guid":{"rendered":"https:\/\/diariolanoticia.com.mx\/?p=98661"},"modified":"2022-08-30T17:37:51","modified_gmt":"2022-08-30T22:37:51","slug":"tlaxcala-capital-origen-de-mexico-abre-sus-puertas-al-mundo","status":"publish","type":"post","link":"https:\/\/diariolanoticia.com.mx\/?p=98661","title":{"rendered":"\u201cTlaxcala, capital origen de M\u00e9xico\u201d abre sus puertas al mundo \u00a0"},"content":{"rendered":"\n<p><strong>*<\/strong><em>Cultura, patrimonio, tradici\u00f3n y gastronom\u00eda son los cuatro ejes que impulsar\u00e1n el desarrollo tur\u00edstico de la Capital<\/em><\/p>\n\n\n\n<p>Para dar realce a&nbsp; la Capital de Tlaxcala como iniciadora de la naci\u00f3n mexicana, y con el prop\u00f3sito de impulsar los atractivos tur\u00edsticos del municipio, este martes fue presentada la marca tur\u00edstica \u201cTlaxcala, capital origen de M\u00e9xico\u201d, as\u00ed como su nueva imagen.<\/p>\n\n\n\n<p>El Alc\u00e1zar del Castillo de Chapultepec fue la sede del magno evento, en el que estuvieron presentes empresarios, representantes de las c\u00e1maras de comercio, hoteleros, restauranteros, sociedad en general, medios de comunicaci\u00f3n locales y nacionales, as\u00ed como&nbsp; integrantes de la administraci\u00f3n municipal y del Cabildo de Tlaxcala, encabezados por el alcalde Jorge Corichi.<\/p>\n\n\n\n<p>La cronista del municipio de Tlaxcala, Carolina Figueroa, inici\u00f3 con una sentida&nbsp; semblanza sobre la relevancia de Tlaxcala como ciudad pionera y fundadora de la mexicanidad y de diversos procesos culturales, que ahora juegan un papel relevante en la historia de M\u00e9xico.<\/p>\n\n\n\n<p>Por su parte, Jos\u00e9 Vicente de la Rosa, titular de INAH Tlaxcala reconoci\u00f3 el ah\u00ednco de la administraci\u00f3n encabezada por Jorge Corichi para posicionar a Tlaxcala como una capital tur\u00edstica, que ha refrendado su valor hist\u00f3rico gracias a la Declaratoria del Conjunto Conventual Franciscano y Catedralicio de Nuestra Se\u00f1ora de la Asunci\u00f3n como patrimonio mundial de la Unesco.<\/p>\n\n\n\n<p>El presidente municipal de Tlaxcala, Jorge Corichi, destac\u00f3 que Tlaxcala forma parte medular de la conformaci\u00f3n del M\u00e9xico que conocemos hoy en d\u00eda, siendo este el fundamento&nbsp; para la creaci\u00f3n de la marca destino \u201cTlaxcala, capital origen de M\u00e9xico\u201d.<\/p>\n\n\n\n<p>Asimismo, enfatiz\u00f3 que a trav\u00e9s de la cultura, el patrimonio, la gastronom\u00eda y las tradiciones, la capital de las y los tlaxcaltecas se colocar\u00e1 con \u00e9xito ante los ojos de M\u00e9xico y del mundo entero.<\/p>\n\n\n\n<p>\u201cTlaxcala capital es una Ciudad orgullosa de su patrimonio, &nbsp;de la cultura que ha forjado al paso de muchos siglos, de las tradiciones que son el invisible lazo que nos une &nbsp;generaci\u00f3n tras generaci\u00f3n, y por supuesto, a la gastronom\u00eda que no s\u00f3lo es cualidad distintiva de Tlaxcala, sino patrimonio de M\u00e9xico para el mundo\u201d, resalt\u00f3 el edil.<\/p>\n\n\n\n<p>Posterior a la intervenci\u00f3n de las autoridades, se devel\u00f3 el video promocional de la marca destino, en el que se enuncian los cuatro ejes que formar\u00e1n parte de la estrategia de promoci\u00f3n tur\u00edstica, consistentes en enaltecer el patrimonio hist\u00f3rico, a trav\u00e9s de sus monumentos y edificaciones hist\u00f3ricas; la cultura, con las manifestaciones que se reflejan a trav\u00e9s de las danzas, artesan\u00edas y festividades; tradiciones como la fiesta brava que naci\u00f3 en tierras tlaxcaltecas y finalmente gastronom\u00eda, con los sabores mestizos de la cocina tradicional y sus ingredientes originarios.<\/p>\n\n\n\n<p>El evento realizado en el Museo Nacional de Historia &#8211; dirigido por Salvador Rueda- fue amenizado por m\u00fasica de salterios de Altzayanca y un muestra de baile de huehues del Ballet Folklorico de Tlaxcala encabezado por el Maestro Fernando Palma.<\/p>\n\n\n\n<p>Las y los invitados degustaron al final tlatlapas, tlacoyos, esquites, agua de barranca y de jamaica.<\/p>\n","protected":false},"excerpt":{"rendered":"<p>*Cultura, patrimonio, tradici\u00f3n y gastronom\u00eda son los cuatro ejes que impulsar\u00e1n el desarrollo tur\u00edstico de la Capital Para dar realce a&nbsp; la Capital de Tlaxcala como iniciadora de la naci\u00f3n mexicana, y con el prop\u00f3sito de impulsar los atractivos tur\u00edsticos del municipio, este martes fue presentada la marca tur\u00edstica \u201cTlaxcala, capital origen de M\u00e9xico\u201d, as\u00ed [&hellip;]<\/p>\n","protected":false},"author":1,"featured_media":98662,"comment_status":"open","ping_status":"open","sticky":false,"template":"","format":"standard","meta":{"footnotes":""},"categories":[17],"tags":[],"class_list":["post-98661","post","type-post","status-publish","format-standard","has-post-thumbnail","hentry","category-tlaxcala"],"blog_post_layout_featured_media_urls":{"thumbnail":["https:\/\/diariolanoticia.com.mx\/wp-content\/uploads\/2022\/08\/WhatsApp-Image-2022-08-30-at-5.24.56-PM-216x160.jpeg",216,160,true],"full":["https:\/\/diariolanoticia.com.mx\/wp-content\/uploads\/2022\/08\/WhatsApp-Image-2022-08-30-at-5.24.56-PM.jpeg",1280,853,false]},"categories_names":{"17":{"name":"Tlaxcala","link":"https:\/\/diariolanoticia.com.mx\/?cat=17"}},"tags_names":[],"comments_number":"0","wpmagazine_modules_lite_featured_media_urls":{"thumbnail":["https:\/\/diariolanoticia.com.mx\/wp-content\/uploads\/2022\/08\/WhatsApp-Image-2022-08-30-at-5.24.56-PM-216x160.jpeg",216,160,true],"cvmm-medium":["https:\/\/diariolanoticia.com.mx\/wp-content\/uploads\/2022\/08\/WhatsApp-Image-2022-08-30-at-5.24.56-PM-300x300.jpeg",300,300,true],"cvmm-medium-plus":["https:\/\/diariolanoticia.com.mx\/wp-content\/uploads\/2022\/08\/WhatsApp-Image-2022-08-30-at-5.24.56-PM-305x207.jpeg",305,207,true],"cvmm-portrait":["https:\/\/diariolanoticia.com.mx\/wp-content\/uploads\/2022\/08\/WhatsApp-Image-2022-08-30-at-5.24.56-PM-400x600.jpeg",400,600,true],"cvmm-medium-square":["https:\/\/diariolanoticia.com.mx\/wp-content\/uploads\/2022\/08\/WhatsApp-Image-2022-08-30-at-5.24.56-PM-600x600.jpeg",600,600,true],"cvmm-large":["https:\/\/diariolanoticia.com.mx\/wp-content\/uploads\/2022\/08\/WhatsApp-Image-2022-08-30-at-5.24.56-PM-1024x853.jpeg",1024,853,true],"cvmm-small":["https:\/\/diariolanoticia.com.mx\/wp-content\/uploads\/2022\/08\/WhatsApp-Image-2022-08-30-at-5.24.56-PM-130x95.jpeg",130,95,true],"full":["https:\/\/diariolanoticia.com.mx\/wp-content\/uploads\/2022\/08\/WhatsApp-Image-2022-08-30-at-5.24.56-PM.jpeg",1280,853,false]},"_links":{"self":[{"href":"https:\/\/diariolanoticia.com.mx\/index.php?rest_route=\/wp\/v2\/posts\/98661","targetHints":{"allow":["GET"]}}],"collection":[{"href":"https:\/\/diariolanoticia.com.mx\/index.php?rest_route=\/wp\/v2\/posts"}],"about":[{"href":"https:\/\/diariolanoticia.com.mx\/index.php?rest_route=\/wp\/v2\/types\/post"}],"author":[{"embeddable":true,"href":"https:\/\/diariolanoticia.com.mx\/index.php?rest_route=\/wp\/v2\/users\/1"}],"replies":[{"embeddable":true,"href":"https:\/\/diariolanoticia.com.mx\/index.php?rest_route=%2Fwp%2Fv2%2Fcomments&post=98661"}],"version-history":[{"count":1,"href":"https:\/\/diariolanoticia.com.mx\/index.php?rest_route=\/wp\/v2\/posts\/98661\/revisions"}],"predecessor-version":[{"id":98663,"href":"https:\/\/diariolanoticia.com.mx\/index.php?rest_route=\/wp\/v2\/posts\/98661\/revisions\/98663"}],"wp:featuredmedia":[{"embeddable":true,"href":"https:\/\/diariolanoticia.com.mx\/index.php?rest_route=\/wp\/v2\/media\/98662"}],"wp:attachment":[{"href":"https:\/\/diariolanoticia.com.mx\/index.php?rest_route=%2Fwp%2Fv2%2Fmedia&parent=98661"}],"wp:term":[{"taxonomy":"category","embeddable":true,"href":"https:\/\/diariolanoticia.com.mx\/index.php?rest_route=%2Fwp%2Fv2%2Fcategories&post=98661"},{"taxonomy":"post_tag","embeddable":true,"href":"https:\/\/diariolanoticia.com.mx\/index.php?rest_route=%2Fwp%2Fv2%2Ftags&post=98661"}],"curies":[{"name":"wp","href":"https:\/\/api.w.org\/{rel}","templated":true}]}}