{"id":98671,"date":"2022-08-30T19:51:56","date_gmt":"2022-08-31T00:51:56","guid":{"rendered":"https:\/\/diariolanoticia.com.mx\/?p=98671"},"modified":"2022-08-30T19:51:57","modified_gmt":"2022-08-31T00:51:57","slug":"no-pasemos-a-la-historia-como-la-legislatura-de-la-sumision-juan-manuel-cambron","status":"publish","type":"post","link":"https:\/\/diariolanoticia.com.mx\/?p=98671","title":{"rendered":"No pasemos a la historia como la Legislatura de la sumisi\u00f3n: Juan Manuel Cambr\u00f3n"},"content":{"rendered":"\n<p>El coordinador de la bancada del PRD en el Congreso del Estado, Juan Manuel Cambr\u00f3n Soria, durante su posicionamiento sobre la designaci\u00f3n de la nueva presidenta de la JCCP, manifest\u00f3 que cuando la imposici\u00f3n, la exclusi\u00f3n y la falta de di\u00e1logo pol\u00edtico son el ejercicio principal en la actual Legislatura, entonces la democracia es convertida en una faramalla.<\/p>\n\n\n\n<p>&nbsp;\u00abY la manera en c\u00f3mo est\u00e1 actuando Morena el d\u00eda de hoy, es una falta de respeto a la democracia y a las instituciones\u00bb, expres\u00f3 en la primera sesi\u00f3n ordinaria del segundo a\u00f1o legal.<\/p>\n\n\n\n<p>El diputado del sol azteca se\u00f1al\u00f3 que vot\u00f3 en contra de la designaci\u00f3n de la diputada Marcela Gonz\u00e1lez a la presidencia de la Junta de Coordinaci\u00f3n y Concertaci\u00f3n Pol\u00edtica por dos razones principales, una cuesti\u00f3n jur\u00eddica y otra pol\u00edtica.<\/p>\n\n\n\n<p>Manifest\u00f3 que seg\u00fan el art\u00edculo 65 de la Ley Org\u00e1nica del Poder Legislativo le corresponde a la bancada del Partido del Trabajo la Junta de Coordinaci\u00f3n y Concertaci\u00f3n Pol\u00edtica, sin embargo, la Ley establece una tercera previsi\u00f3n que si acaso exista un alto nivel de conflictividad y polarizaci\u00f3n interna en el poder, podr\u00eda someterse a una votaci\u00f3n del Pleno la designaci\u00f3n, el cual no es el caso remat\u00f3.<\/p>\n\n\n\n<p>\u00abSimplemente se est\u00e1 cumpliendo un capricho. Si realmente se quisiera cumplir la Ley y no cederle la posici\u00f3n al diputado Covarrubias, porque entiendo que no es de los afectos ni de las filias de palacio de gobierno, pues se pudiera haber elegido de entre cualquiera de las otras compa\u00f1eras del partido de la estrella.\u00bb<\/p>\n\n\n\n<p>Dentro de la raz\u00f3n pol\u00edtica reiter\u00f3 la intromisi\u00f3n permanente del Poder Ejecutivo en las decisiones del Poder Legislativo.<\/p>\n\n\n\n<p>\u00abHoy se ha evidenciado de manera grotesca y flagrante la mano de la gobernadora en este Poder, adem\u00e1s estamos siendo testigos de manera abierta, ya no t\u00e1cita sino expl\u00edcita, del acuerdo y el contubernio entre dos familias de dos ex gobernadores\u00bb, enfatiz\u00f3.<\/p>\n\n\n\n<p>Asimismo, subray\u00f3 que su posici\u00f3n no es personal pues en pol\u00edtica nada es personal, pero refiri\u00f3 que si seguir\u00e1 evidenciando los excesos de poder y la burda intromisi\u00f3n del poder ejecutivo en la actual Legislatura, que solo buscan transitar el poder pol\u00edtico entre las mismas familias. Para planear y planchar la sucesi\u00f3n y las candidaturas del 2024.<\/p>\n\n\n\n<p>Lament\u00f3 que las decisiones de relevancia no se tomen en el poder Legislativo, que no haya acuerdos entre los diputados, sino que se tomen afuera y por encima de la decencia y trayectoria de cada uno de sus representantes.<\/p>\n\n\n\n<p>\u00abSi la Legislatura anterior fue estigmatizada, se\u00f1alada, como la Legislatura de la corrupci\u00f3n, \u00e9sta, tristemente, ser\u00e1 se\u00f1alada como la de la sumisi\u00f3n.\u00bb<\/p>\n\n\n\n<p>Finalmente, dentro de su posicionamiento como coordinador de la bancada del PRD, reiter\u00f3 que seguir\u00e1 siendo una oposici\u00f3n f\u00e9rrea pero honesta, pues consider\u00f3 que los pendientes, a un a\u00f1o de los trabajos del gobierno del estado, son much\u00edsimos.<\/p>\n\n\n\n<p>Hizo un recuento de ellos, entre los que destac\u00f3, la inseguridad como la m\u00e1s preocupante, sin dejar de lado el creciente desempleo y los grandes faltantes en medicamentos y equipamiento m\u00e9dico.<\/p>\n","protected":false},"excerpt":{"rendered":"<p>El coordinador de la bancada del PRD en el Congreso del Estado, Juan Manuel Cambr\u00f3n Soria, durante su posicionamiento sobre la designaci\u00f3n de la nueva presidenta de la JCCP, manifest\u00f3 que cuando la imposici\u00f3n, la exclusi\u00f3n y la falta de di\u00e1logo pol\u00edtico son el ejercicio principal en la actual Legislatura, entonces la democracia es convertida [&hellip;]<\/p>\n","protected":false},"author":1,"featured_media":98672,"comment_status":"open","ping_status":"open","sticky":false,"template":"","format":"standard","meta":{"footnotes":""},"categories":[22],"tags":[],"class_list":["post-98671","post","type-post","status-publish","format-standard","has-post-thumbnail","hentry","category-congreso"],"blog_post_layout_featured_media_urls":{"thumbnail":["https:\/\/diariolanoticia.com.mx\/wp-content\/uploads\/2022\/08\/DIP.-JUAN-MANUEL-CAMBRON-SORIA-216x160.jpg",216,160,true],"full":["https:\/\/diariolanoticia.com.mx\/wp-content\/uploads\/2022\/08\/DIP.-JUAN-MANUEL-CAMBRON-SORIA.jpg",1280,853,false]},"categories_names":{"22":{"name":"Congreso","link":"https:\/\/diariolanoticia.com.mx\/?cat=22"}},"tags_names":[],"comments_number":"0","wpmagazine_modules_lite_featured_media_urls":{"thumbnail":["https:\/\/diariolanoticia.com.mx\/wp-content\/uploads\/2022\/08\/DIP.-JUAN-MANUEL-CAMBRON-SORIA-216x160.jpg",216,160,true],"cvmm-medium":["https:\/\/diariolanoticia.com.mx\/wp-content\/uploads\/2022\/08\/DIP.-JUAN-MANUEL-CAMBRON-SORIA-300x300.jpg",300,300,true],"cvmm-medium-plus":["https:\/\/diariolanoticia.com.mx\/wp-content\/uploads\/2022\/08\/DIP.-JUAN-MANUEL-CAMBRON-SORIA-305x207.jpg",305,207,true],"cvmm-portrait":["https:\/\/diariolanoticia.com.mx\/wp-content\/uploads\/2022\/08\/DIP.-JUAN-MANUEL-CAMBRON-SORIA-400x600.jpg",400,600,true],"cvmm-medium-square":["https:\/\/diariolanoticia.com.mx\/wp-content\/uploads\/2022\/08\/DIP.-JUAN-MANUEL-CAMBRON-SORIA-600x600.jpg",600,600,true],"cvmm-large":["https:\/\/diariolanoticia.com.mx\/wp-content\/uploads\/2022\/08\/DIP.-JUAN-MANUEL-CAMBRON-SORIA-1024x853.jpg",1024,853,true],"cvmm-small":["https:\/\/diariolanoticia.com.mx\/wp-content\/uploads\/2022\/08\/DIP.-JUAN-MANUEL-CAMBRON-SORIA-130x95.jpg",130,95,true],"full":["https:\/\/diariolanoticia.com.mx\/wp-content\/uploads\/2022\/08\/DIP.-JUAN-MANUEL-CAMBRON-SORIA.jpg",1280,853,false]},"_links":{"self":[{"href":"https:\/\/diariolanoticia.com.mx\/index.php?rest_route=\/wp\/v2\/posts\/98671","targetHints":{"allow":["GET"]}}],"collection":[{"href":"https:\/\/diariolanoticia.com.mx\/index.php?rest_route=\/wp\/v2\/posts"}],"about":[{"href":"https:\/\/diariolanoticia.com.mx\/index.php?rest_route=\/wp\/v2\/types\/post"}],"author":[{"embeddable":true,"href":"https:\/\/diariolanoticia.com.mx\/index.php?rest_route=\/wp\/v2\/users\/1"}],"replies":[{"embeddable":true,"href":"https:\/\/diariolanoticia.com.mx\/index.php?rest_route=%2Fwp%2Fv2%2Fcomments&post=98671"}],"version-history":[{"count":1,"href":"https:\/\/diariolanoticia.com.mx\/index.php?rest_route=\/wp\/v2\/posts\/98671\/revisions"}],"predecessor-version":[{"id":98673,"href":"https:\/\/diariolanoticia.com.mx\/index.php?rest_route=\/wp\/v2\/posts\/98671\/revisions\/98673"}],"wp:featuredmedia":[{"embeddable":true,"href":"https:\/\/diariolanoticia.com.mx\/index.php?rest_route=\/wp\/v2\/media\/98672"}],"wp:attachment":[{"href":"https:\/\/diariolanoticia.com.mx\/index.php?rest_route=%2Fwp%2Fv2%2Fmedia&parent=98671"}],"wp:term":[{"taxonomy":"category","embeddable":true,"href":"https:\/\/diariolanoticia.com.mx\/index.php?rest_route=%2Fwp%2Fv2%2Fcategories&post=98671"},{"taxonomy":"post_tag","embeddable":true,"href":"https:\/\/diariolanoticia.com.mx\/index.php?rest_route=%2Fwp%2Fv2%2Ftags&post=98671"}],"curies":[{"name":"wp","href":"https:\/\/api.w.org\/{rel}","templated":true}]}}