{"id":98741,"date":"2022-09-01T10:45:16","date_gmt":"2022-09-01T15:45:16","guid":{"rendered":"https:\/\/diariolanoticia.com.mx\/?p=98741"},"modified":"2022-09-01T10:45:17","modified_gmt":"2022-09-01T15:45:17","slug":"anuncia-mbh-participacion-en-dialogo-entre-vw-y-base-trabajadora","status":"publish","type":"post","link":"https:\/\/diariolanoticia.com.mx\/?p=98741","title":{"rendered":"Anuncia MBH participaci\u00f3n en di\u00e1logo entre VW y base trabajadora"},"content":{"rendered":"\n<p>&#8211; Refiri\u00f3 que la armadora es la empresa m\u00e1s importante de Puebla, por lo que no puede mantenerse al margen de este asunto<\/p>\n\n\n\n<p>&#8211; Manifest\u00f3 su respeto absoluto hacia los derechos de los trabajadores y las determinaciones de la compa\u00f1\u00eda<\/p>\n\n\n\n<p>CIUDAD DE PUEBLA, Pue.- Al se\u00f1alar que la Volkswagen (VW) es la empresa m\u00e1s importante en Puebla, el gobernador Miguel Barbosa Huerta anunci\u00f3 que participar\u00e1 en el di\u00e1logo que mantienen la armadora y la base trabajadora, a fin de alcanzar un equilibrio en el proceso de incremento salarial y contractual.<\/p>\n\n\n\n<p>En la habitual videoconferencia de prensa, el gobernador manifest\u00f3 su respeto absoluto hacia los derechos laborales de los trabajadores, su negativa de aceptar la propuesta de incremento de la firma alemana y las determinaciones que tome la empresa.<\/p>\n\n\n\n<p>No obstante, expres\u00f3 que este resultado debe de reflexionarse y a\u00f1adi\u00f3 que como gobernador tiene la obligaci\u00f3n pol\u00edtica de interferir en estos asuntos, de tal suerte que no se quedar\u00e1 al margen de esta situaci\u00f3n entre la compa\u00f1\u00eda y los sindicalizados.<\/p>\n\n\n\n<p>Por \u00faltimo, Barbosa Huerta refiri\u00f3 que el objetivo de participar en este di\u00e1logo es contribuir a que haya un entendimiento entre ambas partes y de esta forma la sociedad poblana sea la beneficiada y no se afecte una importante fuente de empleos.<\/p>\n","protected":false},"excerpt":{"rendered":"<p>&#8211; Refiri\u00f3 que la armadora es la empresa m\u00e1s importante de Puebla, por lo que no puede mantenerse al margen de este asunto &#8211; Manifest\u00f3 su respeto absoluto hacia los derechos de los trabajadores y las determinaciones de la compa\u00f1\u00eda CIUDAD DE PUEBLA, Pue.- Al se\u00f1alar que la Volkswagen (VW) es la empresa m\u00e1s importante [&hellip;]<\/p>\n","protected":false},"author":1,"featured_media":98740,"comment_status":"open","ping_status":"open","sticky":false,"template":"","format":"standard","meta":{"footnotes":""},"categories":[20],"tags":[52],"class_list":["post-98741","post","type-post","status-publish","format-standard","has-post-thumbnail","hentry","category-norte-de-puebla","tag-puebla"],"blog_post_layout_featured_media_urls":{"thumbnail":["https:\/\/diariolanoticia.com.mx\/wp-content\/uploads\/2022\/09\/img_6172-216x160.jpg",216,160,true],"full":["https:\/\/diariolanoticia.com.mx\/wp-content\/uploads\/2022\/09\/img_6172.jpg",1500,1000,false]},"categories_names":{"20":{"name":"Norte de Puebla","link":"https:\/\/diariolanoticia.com.mx\/?cat=20"}},"tags_names":{"52":{"name":"Puebla","link":"https:\/\/diariolanoticia.com.mx\/?tag=puebla"}},"comments_number":"0","wpmagazine_modules_lite_featured_media_urls":{"thumbnail":["https:\/\/diariolanoticia.com.mx\/wp-content\/uploads\/2022\/09\/img_6172-216x160.jpg",216,160,true],"cvmm-medium":["https:\/\/diariolanoticia.com.mx\/wp-content\/uploads\/2022\/09\/img_6172-300x300.jpg",300,300,true],"cvmm-medium-plus":["https:\/\/diariolanoticia.com.mx\/wp-content\/uploads\/2022\/09\/img_6172-305x207.jpg",305,207,true],"cvmm-portrait":["https:\/\/diariolanoticia.com.mx\/wp-content\/uploads\/2022\/09\/img_6172-400x600.jpg",400,600,true],"cvmm-medium-square":["https:\/\/diariolanoticia.com.mx\/wp-content\/uploads\/2022\/09\/img_6172-600x600.jpg",600,600,true],"cvmm-large":["https:\/\/diariolanoticia.com.mx\/wp-content\/uploads\/2022\/09\/img_6172-1024x1000.jpg",1024,1000,true],"cvmm-small":["https:\/\/diariolanoticia.com.mx\/wp-content\/uploads\/2022\/09\/img_6172-130x95.jpg",130,95,true],"full":["https:\/\/diariolanoticia.com.mx\/wp-content\/uploads\/2022\/09\/img_6172.jpg",1500,1000,false]},"_links":{"self":[{"href":"https:\/\/diariolanoticia.com.mx\/index.php?rest_route=\/wp\/v2\/posts\/98741","targetHints":{"allow":["GET"]}}],"collection":[{"href":"https:\/\/diariolanoticia.com.mx\/index.php?rest_route=\/wp\/v2\/posts"}],"about":[{"href":"https:\/\/diariolanoticia.com.mx\/index.php?rest_route=\/wp\/v2\/types\/post"}],"author":[{"embeddable":true,"href":"https:\/\/diariolanoticia.com.mx\/index.php?rest_route=\/wp\/v2\/users\/1"}],"replies":[{"embeddable":true,"href":"https:\/\/diariolanoticia.com.mx\/index.php?rest_route=%2Fwp%2Fv2%2Fcomments&post=98741"}],"version-history":[{"count":1,"href":"https:\/\/diariolanoticia.com.mx\/index.php?rest_route=\/wp\/v2\/posts\/98741\/revisions"}],"predecessor-version":[{"id":98742,"href":"https:\/\/diariolanoticia.com.mx\/index.php?rest_route=\/wp\/v2\/posts\/98741\/revisions\/98742"}],"wp:featuredmedia":[{"embeddable":true,"href":"https:\/\/diariolanoticia.com.mx\/index.php?rest_route=\/wp\/v2\/media\/98740"}],"wp:attachment":[{"href":"https:\/\/diariolanoticia.com.mx\/index.php?rest_route=%2Fwp%2Fv2%2Fmedia&parent=98741"}],"wp:term":[{"taxonomy":"category","embeddable":true,"href":"https:\/\/diariolanoticia.com.mx\/index.php?rest_route=%2Fwp%2Fv2%2Fcategories&post=98741"},{"taxonomy":"post_tag","embeddable":true,"href":"https:\/\/diariolanoticia.com.mx\/index.php?rest_route=%2Fwp%2Fv2%2Ftags&post=98741"}],"curies":[{"name":"wp","href":"https:\/\/api.w.org\/{rel}","templated":true}]}}