{"id":98769,"date":"2022-09-01T20:49:06","date_gmt":"2022-09-02T01:49:06","guid":{"rendered":"https:\/\/diariolanoticia.com.mx\/?p=98769"},"modified":"2022-09-01T20:49:07","modified_gmt":"2022-09-02T01:49:07","slug":"construye-gobierno-de-puebla-condiciones-para-impulsar-emprendimiento-y-reducir-desigualdad-mbh","status":"publish","type":"post","link":"https:\/\/diariolanoticia.com.mx\/?p=98769","title":{"rendered":"Construye Gobierno de Puebla condiciones para impulsar emprendimiento y reducir desigualdad: MBH"},"content":{"rendered":"\n<p>&#8211; El gobernador inaugur\u00f3 el Foro \u201cCreadores M\u00e9xico\u201d en el Auditorio Metropolitano<\/p>\n\n\n\n<p>&#8211; Recalc\u00f3 que su administraci\u00f3n tambi\u00e9n tiene como pilar el combate a la inseguridad y la corrupci\u00f3n<\/p>\n\n\n\n<p>CIUDAD DE PUEBLA, Pue. &#8211; El gobierno de Puebla construye condiciones para impulsar el emprendimiento y reducir la desigualdad, manifest\u00f3 el gobernador Miguel Barbosa Huerta al inaugurar el Foro \u201cCreadores M\u00e9xico\u201d, evento que re\u00fane a mentes creativas del pa\u00eds para charlar con las y los asistentes en el Auditorio Metropolitano.<\/p>\n\n\n\n<p>En su mensaje, el titular del Ejecutivo recalc\u00f3 que el reto de los gobernantes es promover acciones para beneficiar a todos los segmentos de la sociedad. Por ello, su administraci\u00f3n tiene como pilar el combate a la corrupci\u00f3n e inseguridad, as\u00ed como garantizar el acceso a la educaci\u00f3n y salud para generar bienestar.<\/p>\n\n\n\n<p>Agreg\u00f3 que, a diferencia del pasado, Puebla cuenta con un gobierno estatal que no simula y que es promotor de los proyectos que generan las y los j\u00f3venes, muestra de ello, fue la edificaci\u00f3n del Centro de Innovaci\u00f3n, Emprendimiento y Negocios (CIEN), ubicado en San Andr\u00e9s Cholula.<\/p>\n\n\n\n<p>Cabe recordar que un porcentaje de lo obtenido por la venta de boletos ser\u00e1 destinado para beneficio de las personas que m\u00e1s necesitan y que apoya el Sistema Estatal DIF a trav\u00e9s de sus distintos programas.<\/p>\n\n\n\n<p>Las personalidades que participan son los youtubers, Luisito Comunica y Alex Montiel \/ Escorpi\u00f3n Dorado; el emprendedor, Marcus Dantus, as\u00ed como el visionario financiero, Moris Dieck. El Foro \u201cCreadores M\u00e9xico\u201d est\u00e1 enfocado en temas de educaci\u00f3n, arte, cultura, emprendimiento, negocios y tecnolog\u00eda.<\/p>\n\n\n\n<p>En el evento inaugural estuvieron presentes la presidenta honoraria del Patronato del SEDIF, Rosario Orozco Caballero; la directora general del SEDIF, Leonor Vargas Gallegos; el presidente del Consejo Creadores M\u00e9xico, Luis Enrique Mena Campos, as\u00ed como integrantes el Patronato del SEDIF.<\/p>\n\n\n\n<figure class=\"wp-block-gallery has-nested-images columns-default is-cropped wp-block-gallery-1 is-layout-flex wp-block-gallery-is-layout-flex\">\n<figure class=\"wp-block-image\"><img loading=\"lazy\" decoding=\"async\" width=\"1024\" height=\"683\" data-id=\"98768\" src=\"https:\/\/diariolanoticia.com.mx\/wp-content\/uploads\/2022\/09\/img_6268-1024x683.jpg\" alt=\"\" class=\"wp-image-98768\" srcset=\"https:\/\/diariolanoticia.com.mx\/wp-content\/uploads\/2022\/09\/img_6268-1024x683.jpg 1024w, https:\/\/diariolanoticia.com.mx\/wp-content\/uploads\/2022\/09\/img_6268-300x200.jpg 300w, https:\/\/diariolanoticia.com.mx\/wp-content\/uploads\/2022\/09\/img_6268-768x512.jpg 768w, https:\/\/diariolanoticia.com.mx\/wp-content\/uploads\/2022\/09\/img_6268.jpg 1500w\" sizes=\"auto, (max-width: 1024px) 100vw, 1024px\" \/><\/figure>\n\n\n\n<figure class=\"wp-block-image\"><img loading=\"lazy\" decoding=\"async\" width=\"1024\" height=\"683\" data-id=\"98767\" src=\"https:\/\/diariolanoticia.com.mx\/wp-content\/uploads\/2022\/09\/img_6269-1024x683.jpg\" alt=\"\" class=\"wp-image-98767\" srcset=\"https:\/\/diariolanoticia.com.mx\/wp-content\/uploads\/2022\/09\/img_6269-1024x683.jpg 1024w, https:\/\/diariolanoticia.com.mx\/wp-content\/uploads\/2022\/09\/img_6269-300x200.jpg 300w, https:\/\/diariolanoticia.com.mx\/wp-content\/uploads\/2022\/09\/img_6269-768x512.jpg 768w, https:\/\/diariolanoticia.com.mx\/wp-content\/uploads\/2022\/09\/img_6269.jpg 1500w\" sizes=\"auto, (max-width: 1024px) 100vw, 1024px\" \/><\/figure>\n<\/figure>\n","protected":false},"excerpt":{"rendered":"<p>&#8211; El gobernador inaugur\u00f3 el Foro \u201cCreadores M\u00e9xico\u201d en el Auditorio Metropolitano &#8211; Recalc\u00f3 que su administraci\u00f3n tambi\u00e9n tiene como pilar el combate a la inseguridad y la corrupci\u00f3n CIUDAD DE PUEBLA, Pue. &#8211; El gobierno de Puebla construye condiciones para impulsar el emprendimiento y reducir la desigualdad, manifest\u00f3 el gobernador Miguel Barbosa Huerta al [&hellip;]<\/p>\n","protected":false},"author":1,"featured_media":98766,"comment_status":"open","ping_status":"open","sticky":false,"template":"","format":"standard","meta":{"footnotes":""},"categories":[20],"tags":[52],"class_list":["post-98769","post","type-post","status-publish","format-standard","has-post-thumbnail","hentry","category-norte-de-puebla","tag-puebla"],"blog_post_layout_featured_media_urls":{"thumbnail":["https:\/\/diariolanoticia.com.mx\/wp-content\/uploads\/2022\/09\/img_6267-216x160.jpg",216,160,true],"full":["https:\/\/diariolanoticia.com.mx\/wp-content\/uploads\/2022\/09\/img_6267.jpg",1500,847,false]},"categories_names":{"20":{"name":"Norte de Puebla","link":"https:\/\/diariolanoticia.com.mx\/?cat=20"}},"tags_names":{"52":{"name":"Puebla","link":"https:\/\/diariolanoticia.com.mx\/?tag=puebla"}},"comments_number":"0","wpmagazine_modules_lite_featured_media_urls":{"thumbnail":["https:\/\/diariolanoticia.com.mx\/wp-content\/uploads\/2022\/09\/img_6267-216x160.jpg",216,160,true],"cvmm-medium":["https:\/\/diariolanoticia.com.mx\/wp-content\/uploads\/2022\/09\/img_6267-300x300.jpg",300,300,true],"cvmm-medium-plus":["https:\/\/diariolanoticia.com.mx\/wp-content\/uploads\/2022\/09\/img_6267-305x207.jpg",305,207,true],"cvmm-portrait":["https:\/\/diariolanoticia.com.mx\/wp-content\/uploads\/2022\/09\/img_6267-400x600.jpg",400,600,true],"cvmm-medium-square":["https:\/\/diariolanoticia.com.mx\/wp-content\/uploads\/2022\/09\/img_6267-600x600.jpg",600,600,true],"cvmm-large":["https:\/\/diariolanoticia.com.mx\/wp-content\/uploads\/2022\/09\/img_6267-1024x847.jpg",1024,847,true],"cvmm-small":["https:\/\/diariolanoticia.com.mx\/wp-content\/uploads\/2022\/09\/img_6267-130x95.jpg",130,95,true],"full":["https:\/\/diariolanoticia.com.mx\/wp-content\/uploads\/2022\/09\/img_6267.jpg",1500,847,false]},"_links":{"self":[{"href":"https:\/\/diariolanoticia.com.mx\/index.php?rest_route=\/wp\/v2\/posts\/98769","targetHints":{"allow":["GET"]}}],"collection":[{"href":"https:\/\/diariolanoticia.com.mx\/index.php?rest_route=\/wp\/v2\/posts"}],"about":[{"href":"https:\/\/diariolanoticia.com.mx\/index.php?rest_route=\/wp\/v2\/types\/post"}],"author":[{"embeddable":true,"href":"https:\/\/diariolanoticia.com.mx\/index.php?rest_route=\/wp\/v2\/users\/1"}],"replies":[{"embeddable":true,"href":"https:\/\/diariolanoticia.com.mx\/index.php?rest_route=%2Fwp%2Fv2%2Fcomments&post=98769"}],"version-history":[{"count":1,"href":"https:\/\/diariolanoticia.com.mx\/index.php?rest_route=\/wp\/v2\/posts\/98769\/revisions"}],"predecessor-version":[{"id":98770,"href":"https:\/\/diariolanoticia.com.mx\/index.php?rest_route=\/wp\/v2\/posts\/98769\/revisions\/98770"}],"wp:featuredmedia":[{"embeddable":true,"href":"https:\/\/diariolanoticia.com.mx\/index.php?rest_route=\/wp\/v2\/media\/98766"}],"wp:attachment":[{"href":"https:\/\/diariolanoticia.com.mx\/index.php?rest_route=%2Fwp%2Fv2%2Fmedia&parent=98769"}],"wp:term":[{"taxonomy":"category","embeddable":true,"href":"https:\/\/diariolanoticia.com.mx\/index.php?rest_route=%2Fwp%2Fv2%2Fcategories&post=98769"},{"taxonomy":"post_tag","embeddable":true,"href":"https:\/\/diariolanoticia.com.mx\/index.php?rest_route=%2Fwp%2Fv2%2Ftags&post=98769"}],"curies":[{"name":"wp","href":"https:\/\/api.w.org\/{rel}","templated":true}]}}