{"id":98774,"date":"2022-09-01T21:23:24","date_gmt":"2022-09-02T02:23:24","guid":{"rendered":"https:\/\/diariolanoticia.com.mx\/?p=98774"},"modified":"2022-09-01T21:23:26","modified_gmt":"2022-09-02T02:23:26","slug":"encabeza-lorenzo-rivera-colocacion-de-bandos-solemnes-y-anuncia-festejos-patrios","status":"publish","type":"post","link":"https:\/\/diariolanoticia.com.mx\/?p=98774","title":{"rendered":"Encabeza Lorenzo Rivera colocaci\u00f3n de Bandos Solemnes y anuncia festejos patrios"},"content":{"rendered":"\n<p>&#8211; Se coloc\u00f3 una nueva bandera e iluminaci\u00f3n alusiva al mes patrio.<\/p>\n\n\n\n<p>Chignahuapan, Puebla.- El Alcalde Lorenzo Rivera Nava, encabez\u00f3 la develaci\u00f3n del Bando Solemne lo que marc\u00f3 el inicio de las Fiestas Patrias, en conmemoraci\u00f3n del 201 Aniversario de la Consumaci\u00f3n de la Independencia de M\u00e9xico.<\/p>\n\n\n\n<p>Lorenzo Rivera, estuvo acompa\u00f1ado de Elizabeth Olmedo, S\u00edndico Municipal, el cuerpo de Regidores y funcionarios del Ayuntamiento y Amairany 1a., quienes realizaron honores a la bandera y entonaron el himno nacional.<\/p>\n\n\n\n<p>El Edil, realiz\u00f3 el encendido de la iluminaci\u00f3n tricolor que adornar\u00e1 el Centro Hist\u00f3rico de la Ciudad de Chignahuapan y anunci\u00f3 que entre las actividades del mes patrio se encuentran los atardeceres mexicanos, presentaci\u00f3n de mariachis, bailes flokl\u00f3ricos, verbena popular despu\u00e9s del Grito de Independencia y desfile conmemorativo.<\/p>\n\n\n\n<p>Tambi\u00e9n, se llevar\u00e1 a cabo el Primer Festival del Mezcal el pr\u00f3ximo 16 de septiembre as\u00ed como la Muestra Gastron\u00f3mica del Pozole.<\/p>\n\n\n\n<p>Rivera Nava, dijo que durante la celebraci\u00f3n, turistas y habitantes podr\u00e1n disfrutar de las distintas actividades en total calma, ya que la Secretar\u00eda de Seguridad P\u00fablica Municipal, desplegar\u00e1 un operativo, a fin de realizar patrullaje y tener elementos suficientes para salvaguardar a los chignahuapenses.<\/p>\n\n\n\n<figure class=\"wp-block-gallery has-nested-images columns-default is-cropped wp-block-gallery-1 is-layout-flex wp-block-gallery-is-layout-flex\">\n<figure class=\"wp-block-image\"><img loading=\"lazy\" decoding=\"async\" width=\"1024\" height=\"682\" data-id=\"98772\" src=\"https:\/\/diariolanoticia.com.mx\/wp-content\/uploads\/2022\/09\/a5220ecc-4aa7-44dc-a3a6-1a4f537cbda1-1024x682.jpg\" alt=\"\" class=\"wp-image-98772\" srcset=\"https:\/\/diariolanoticia.com.mx\/wp-content\/uploads\/2022\/09\/a5220ecc-4aa7-44dc-a3a6-1a4f537cbda1-1024x682.jpg 1024w, https:\/\/diariolanoticia.com.mx\/wp-content\/uploads\/2022\/09\/a5220ecc-4aa7-44dc-a3a6-1a4f537cbda1-300x200.jpg 300w, https:\/\/diariolanoticia.com.mx\/wp-content\/uploads\/2022\/09\/a5220ecc-4aa7-44dc-a3a6-1a4f537cbda1-768x511.jpg 768w, https:\/\/diariolanoticia.com.mx\/wp-content\/uploads\/2022\/09\/a5220ecc-4aa7-44dc-a3a6-1a4f537cbda1.jpg 1500w\" sizes=\"auto, (max-width: 1024px) 100vw, 1024px\" \/><\/figure>\n\n\n\n<figure class=\"wp-block-image\"><img loading=\"lazy\" decoding=\"async\" width=\"1024\" height=\"682\" data-id=\"98773\" src=\"https:\/\/diariolanoticia.com.mx\/wp-content\/uploads\/2022\/09\/95923b2d-3383-4c4a-989d-45e679450d86-1024x682.jpg\" alt=\"\" class=\"wp-image-98773\" srcset=\"https:\/\/diariolanoticia.com.mx\/wp-content\/uploads\/2022\/09\/95923b2d-3383-4c4a-989d-45e679450d86-1024x682.jpg 1024w, https:\/\/diariolanoticia.com.mx\/wp-content\/uploads\/2022\/09\/95923b2d-3383-4c4a-989d-45e679450d86-300x200.jpg 300w, https:\/\/diariolanoticia.com.mx\/wp-content\/uploads\/2022\/09\/95923b2d-3383-4c4a-989d-45e679450d86-768x511.jpg 768w, https:\/\/diariolanoticia.com.mx\/wp-content\/uploads\/2022\/09\/95923b2d-3383-4c4a-989d-45e679450d86.jpg 1500w\" sizes=\"auto, (max-width: 1024px) 100vw, 1024px\" \/><\/figure>\n<\/figure>\n","protected":false},"excerpt":{"rendered":"<p>&#8211; Se coloc\u00f3 una nueva bandera e iluminaci\u00f3n alusiva al mes patrio. Chignahuapan, Puebla.- El Alcalde Lorenzo Rivera Nava, encabez\u00f3 la develaci\u00f3n del Bando Solemne lo que marc\u00f3 el inicio de las Fiestas Patrias, en conmemoraci\u00f3n del 201 Aniversario de la Consumaci\u00f3n de la Independencia de M\u00e9xico. Lorenzo Rivera, estuvo acompa\u00f1ado de Elizabeth Olmedo, S\u00edndico [&hellip;]<\/p>\n","protected":false},"author":1,"featured_media":98771,"comment_status":"open","ping_status":"open","sticky":false,"template":"","format":"standard","meta":{"footnotes":""},"categories":[20],"tags":[44],"class_list":["post-98774","post","type-post","status-publish","format-standard","has-post-thumbnail","hentry","category-norte-de-puebla","tag-chignahuapan"],"blog_post_layout_featured_media_urls":{"thumbnail":["https:\/\/diariolanoticia.com.mx\/wp-content\/uploads\/2022\/09\/4556a738-e176-4173-8c16-f23ad85b0c9a-216x160.jpg",216,160,true],"full":["https:\/\/diariolanoticia.com.mx\/wp-content\/uploads\/2022\/09\/4556a738-e176-4173-8c16-f23ad85b0c9a.jpg",999,1500,false]},"categories_names":{"20":{"name":"Norte de Puebla","link":"https:\/\/diariolanoticia.com.mx\/?cat=20"}},"tags_names":{"44":{"name":"Chignahuapan","link":"https:\/\/diariolanoticia.com.mx\/?tag=chignahuapan"}},"comments_number":"0","wpmagazine_modules_lite_featured_media_urls":{"thumbnail":["https:\/\/diariolanoticia.com.mx\/wp-content\/uploads\/2022\/09\/4556a738-e176-4173-8c16-f23ad85b0c9a-216x160.jpg",216,160,true],"cvmm-medium":["https:\/\/diariolanoticia.com.mx\/wp-content\/uploads\/2022\/09\/4556a738-e176-4173-8c16-f23ad85b0c9a-300x300.jpg",300,300,true],"cvmm-medium-plus":["https:\/\/diariolanoticia.com.mx\/wp-content\/uploads\/2022\/09\/4556a738-e176-4173-8c16-f23ad85b0c9a-305x207.jpg",305,207,true],"cvmm-portrait":["https:\/\/diariolanoticia.com.mx\/wp-content\/uploads\/2022\/09\/4556a738-e176-4173-8c16-f23ad85b0c9a-400x600.jpg",400,600,true],"cvmm-medium-square":["https:\/\/diariolanoticia.com.mx\/wp-content\/uploads\/2022\/09\/4556a738-e176-4173-8c16-f23ad85b0c9a-600x600.jpg",600,600,true],"cvmm-large":["https:\/\/diariolanoticia.com.mx\/wp-content\/uploads\/2022\/09\/4556a738-e176-4173-8c16-f23ad85b0c9a-999x1024.jpg",999,1024,true],"cvmm-small":["https:\/\/diariolanoticia.com.mx\/wp-content\/uploads\/2022\/09\/4556a738-e176-4173-8c16-f23ad85b0c9a-130x95.jpg",130,95,true],"full":["https:\/\/diariolanoticia.com.mx\/wp-content\/uploads\/2022\/09\/4556a738-e176-4173-8c16-f23ad85b0c9a.jpg",999,1500,false]},"_links":{"self":[{"href":"https:\/\/diariolanoticia.com.mx\/index.php?rest_route=\/wp\/v2\/posts\/98774","targetHints":{"allow":["GET"]}}],"collection":[{"href":"https:\/\/diariolanoticia.com.mx\/index.php?rest_route=\/wp\/v2\/posts"}],"about":[{"href":"https:\/\/diariolanoticia.com.mx\/index.php?rest_route=\/wp\/v2\/types\/post"}],"author":[{"embeddable":true,"href":"https:\/\/diariolanoticia.com.mx\/index.php?rest_route=\/wp\/v2\/users\/1"}],"replies":[{"embeddable":true,"href":"https:\/\/diariolanoticia.com.mx\/index.php?rest_route=%2Fwp%2Fv2%2Fcomments&post=98774"}],"version-history":[{"count":1,"href":"https:\/\/diariolanoticia.com.mx\/index.php?rest_route=\/wp\/v2\/posts\/98774\/revisions"}],"predecessor-version":[{"id":98775,"href":"https:\/\/diariolanoticia.com.mx\/index.php?rest_route=\/wp\/v2\/posts\/98774\/revisions\/98775"}],"wp:featuredmedia":[{"embeddable":true,"href":"https:\/\/diariolanoticia.com.mx\/index.php?rest_route=\/wp\/v2\/media\/98771"}],"wp:attachment":[{"href":"https:\/\/diariolanoticia.com.mx\/index.php?rest_route=%2Fwp%2Fv2%2Fmedia&parent=98774"}],"wp:term":[{"taxonomy":"category","embeddable":true,"href":"https:\/\/diariolanoticia.com.mx\/index.php?rest_route=%2Fwp%2Fv2%2Fcategories&post=98774"},{"taxonomy":"post_tag","embeddable":true,"href":"https:\/\/diariolanoticia.com.mx\/index.php?rest_route=%2Fwp%2Fv2%2Ftags&post=98774"}],"curies":[{"name":"wp","href":"https:\/\/api.w.org\/{rel}","templated":true}]}}