{"id":98906,"date":"2022-09-05T21:50:07","date_gmt":"2022-09-06T02:50:07","guid":{"rendered":"https:\/\/diariolanoticia.com.mx\/?p=98906"},"modified":"2022-09-05T21:50:11","modified_gmt":"2022-09-06T02:50:11","slug":"ever-campech-inicia-trabajos-en-comision-de-puntos-constitucionales-gobernacion-y-justicia-y-asuntos-politicos","status":"publish","type":"post","link":"https:\/\/diariolanoticia.com.mx\/?p=98906","title":{"rendered":"Ever Campech inicia trabajos en Comisi\u00f3n de Puntos Constitucionales, Gobernaci\u00f3n y Justicia y Asuntos Pol\u00edticos"},"content":{"rendered":"\n<p>Tlaxcala, Tlax., a 05 de septiembre de 2022<\/p>\n\n\n\n<p>El Legislador Ever Alejandro Campech Avelar en su calidad de presidente de la Comisi\u00f3n de Puntos Constitucionales, Gobernaci\u00f3n y Justicia y Asuntos Pol\u00edticos, efectu\u00f3 la primera sesi\u00f3n ordinaria del primer periodo del segundo a\u00f1o legislativo.<\/p>\n\n\n\n<p>En el Sal\u00f3n Rojo del Palacio Legislativo, la Comisi\u00f3n dio formal cumplimiento al acuerdo por el que se reforma el art\u00edculo primero del acuerdo emitido con fecha 9 de septiembre de 2021, en el que se integran las Comisiones Ordinarias de este Poder.&nbsp;<\/p>\n\n\n\n<p>Dicha reforma aprobada ante el Pleno de esta Soberan\u00eda el d\u00eda 30 de agosto de esta anualidad, ratifica al congresista Ever Alejandro Campech Avelar como nuevo presidente de esta Comisi\u00f3n y se releva al diputado Lenin Calva P\u00e9rez, quien queda como vocal e integrante de la misma.<\/p>\n\n\n\n<p>En palabras del diputado local, \u00abMe incorporo con toda responsabilidad para continuar con los trabajos del presente organismo legislativo\u00bb, expres\u00f3 ante las y los diputados presentes, al tiempo que destac\u00f3 que su trabajo ser\u00e1 apegado a la Ley y buscar\u00e1 dar agilidad a los trabajos e iniciativas que sean turnadas a la Comisi\u00f3n, para evitar el rezago legislativo y as\u00ed darles prioridad a los temas que por su naturaleza lo requieran.<\/p>\n\n\n\n<p>En total apego a los art\u00edculos 78, 78 bis y 79 de la Ley Org\u00e1nica del Poder Legislativo, as\u00ed como 35 del reglamento interior del Congreso del Estado, en esta primera sesi\u00f3n se llev\u00f3 a cabo la toma de protesta al Licenciado en Derecho, Gustavo Aztatzi Tlachi, como Secretario T\u00e9cnico de tan importante Comisi\u00f3n.<\/p>\n\n\n\n<p>Es de mencionar, que con base en el reglamento interior del Congreso del Estado de Tlaxcala, corresponde a la Comisi\u00f3n de Puntos Constitucionales, Gobernaci\u00f3n y Justicia y Asuntos Pol\u00edticos, el conocimiento de los asuntos siguientes: De la minuta proyecto de decreto que remita el Congreso de la Uni\u00f3n, respecto de reformas, adiciones o modificaciones a la Constituci\u00f3n Pol\u00edtica de los Estados Unidos Mexicano.<\/p>\n\n\n\n<p>De las iniciativas de expedici\u00f3n, reformas, adiciones y derogaciones, a las leyes org\u00e1nicas y reglamentarias derivadas de la Constituci\u00f3n; de las iniciativas de expedici\u00f3n, reformas, adiciones y derogaciones, a las leyes org\u00e1nicas y reglamentarias derivadas de la Constituci\u00f3n; de las iniciativas de reformas, adiciones y derogaciones a la legislaci\u00f3n administrativa, civil y penal; opinar ante el Pleno sobre la defensa de los intereses del Congreso en el procedimiento en que sea parte.<\/p>\n\n\n\n<p>De las iniciativas de reformas, adiciones y derogaciones a la Ley Org\u00e1nica, a este reglamento y a las normas internas del Congreso; de la solicitud de autorizaci\u00f3n que formule el Ejecutivo del Estado o los ayuntamientos para ejercer actos de dominio respecto de los bienes muebles e inmuebles, propiedad del Estado o de los municipios; los relacionados con el cambio de denominaci\u00f3n de las poblaciones, el establecimiento de presidencias de comunidad y de la constituci\u00f3n de los municipios; los relativos a la desaparici\u00f3n o suspensi\u00f3n de un ayuntamiento, la suspensi\u00f3n o revocaci\u00f3n del mandato de algunos de sus integrantes y el dictamen sobre la designaci\u00f3n de concejos municipales; y lo relativo a la expedici\u00f3n del bando solemne del gobernador electo.<\/p>\n\n\n\n<p>La proposici\u00f3n para la designaci\u00f3n de Gobernador sustituto, interino o provisional y conocer las licencias quien solicite; de los que se refieran a licencias para la separaci\u00f3n del cargo de los diputados; los relativos al cambio de residencia de los poderes del Estado, o del recinto oficial del Poder Legislativo. Estos cambios se autorizar\u00e1n siempre en formas provisionales y condicionadas a la duraci\u00f3n de la causa que los motive; los que se refieren a investir al Ejecutivo de las facultades extraordinarias o especiales, cuando fuere necesario, y a la aprobaci\u00f3n de los actos que ese Poder realice en el ejercicio de ellas, con sujeci\u00f3n a la Constituci\u00f3n Pol\u00edtica del Estado y las leyes aplicables y los relativos a nombramientos, licencias y renuncias de los magistrados del Poder Judicial.<\/p>\n","protected":false},"excerpt":{"rendered":"<p>Tlaxcala, Tlax., a 05 de septiembre de 2022 El Legislador Ever Alejandro Campech Avelar en su calidad de presidente de la Comisi\u00f3n de Puntos Constitucionales, Gobernaci\u00f3n y Justicia y Asuntos Pol\u00edticos, efectu\u00f3 la primera sesi\u00f3n ordinaria del primer periodo del segundo a\u00f1o legislativo. En el Sal\u00f3n Rojo del Palacio Legislativo, la Comisi\u00f3n dio formal cumplimiento [&hellip;]<\/p>\n","protected":false},"author":1,"featured_media":98908,"comment_status":"open","ping_status":"open","sticky":false,"template":"","format":"standard","meta":{"footnotes":""},"categories":[22],"tags":[],"class_list":["post-98906","post","type-post","status-publish","format-standard","has-post-thumbnail","hentry","category-congreso"],"blog_post_layout_featured_media_urls":{"thumbnail":["https:\/\/diariolanoticia.com.mx\/wp-content\/uploads\/2022\/09\/DIP.-EVER-ALEJANDRO-CAMPECH-AVELAR-216x160.jpg",216,160,true],"full":["https:\/\/diariolanoticia.com.mx\/wp-content\/uploads\/2022\/09\/DIP.-EVER-ALEJANDRO-CAMPECH-AVELAR.jpg",1024,683,false]},"categories_names":{"22":{"name":"Congreso","link":"https:\/\/diariolanoticia.com.mx\/?cat=22"}},"tags_names":[],"comments_number":"0","wpmagazine_modules_lite_featured_media_urls":{"thumbnail":["https:\/\/diariolanoticia.com.mx\/wp-content\/uploads\/2022\/09\/DIP.-EVER-ALEJANDRO-CAMPECH-AVELAR-216x160.jpg",216,160,true],"cvmm-medium":["https:\/\/diariolanoticia.com.mx\/wp-content\/uploads\/2022\/09\/DIP.-EVER-ALEJANDRO-CAMPECH-AVELAR-300x300.jpg",300,300,true],"cvmm-medium-plus":["https:\/\/diariolanoticia.com.mx\/wp-content\/uploads\/2022\/09\/DIP.-EVER-ALEJANDRO-CAMPECH-AVELAR-305x207.jpg",305,207,true],"cvmm-portrait":["https:\/\/diariolanoticia.com.mx\/wp-content\/uploads\/2022\/09\/DIP.-EVER-ALEJANDRO-CAMPECH-AVELAR-400x600.jpg",400,600,true],"cvmm-medium-square":["https:\/\/diariolanoticia.com.mx\/wp-content\/uploads\/2022\/09\/DIP.-EVER-ALEJANDRO-CAMPECH-AVELAR-600x600.jpg",600,600,true],"cvmm-large":["https:\/\/diariolanoticia.com.mx\/wp-content\/uploads\/2022\/09\/DIP.-EVER-ALEJANDRO-CAMPECH-AVELAR.jpg",1024,683,false],"cvmm-small":["https:\/\/diariolanoticia.com.mx\/wp-content\/uploads\/2022\/09\/DIP.-EVER-ALEJANDRO-CAMPECH-AVELAR-130x95.jpg",130,95,true],"full":["https:\/\/diariolanoticia.com.mx\/wp-content\/uploads\/2022\/09\/DIP.-EVER-ALEJANDRO-CAMPECH-AVELAR.jpg",1024,683,false]},"_links":{"self":[{"href":"https:\/\/diariolanoticia.com.mx\/index.php?rest_route=\/wp\/v2\/posts\/98906","targetHints":{"allow":["GET"]}}],"collection":[{"href":"https:\/\/diariolanoticia.com.mx\/index.php?rest_route=\/wp\/v2\/posts"}],"about":[{"href":"https:\/\/diariolanoticia.com.mx\/index.php?rest_route=\/wp\/v2\/types\/post"}],"author":[{"embeddable":true,"href":"https:\/\/diariolanoticia.com.mx\/index.php?rest_route=\/wp\/v2\/users\/1"}],"replies":[{"embeddable":true,"href":"https:\/\/diariolanoticia.com.mx\/index.php?rest_route=%2Fwp%2Fv2%2Fcomments&post=98906"}],"version-history":[{"count":1,"href":"https:\/\/diariolanoticia.com.mx\/index.php?rest_route=\/wp\/v2\/posts\/98906\/revisions"}],"predecessor-version":[{"id":98909,"href":"https:\/\/diariolanoticia.com.mx\/index.php?rest_route=\/wp\/v2\/posts\/98906\/revisions\/98909"}],"wp:featuredmedia":[{"embeddable":true,"href":"https:\/\/diariolanoticia.com.mx\/index.php?rest_route=\/wp\/v2\/media\/98908"}],"wp:attachment":[{"href":"https:\/\/diariolanoticia.com.mx\/index.php?rest_route=%2Fwp%2Fv2%2Fmedia&parent=98906"}],"wp:term":[{"taxonomy":"category","embeddable":true,"href":"https:\/\/diariolanoticia.com.mx\/index.php?rest_route=%2Fwp%2Fv2%2Fcategories&post=98906"},{"taxonomy":"post_tag","embeddable":true,"href":"https:\/\/diariolanoticia.com.mx\/index.php?rest_route=%2Fwp%2Fv2%2Ftags&post=98906"}],"curies":[{"name":"wp","href":"https:\/\/api.w.org\/{rel}","templated":true}]}}