{"id":99130,"date":"2022-09-08T20:34:21","date_gmt":"2022-09-09T01:34:21","guid":{"rendered":"https:\/\/diariolanoticia.com.mx\/?p=99130"},"modified":"2022-09-08T20:34:22","modified_gmt":"2022-09-09T01:34:22","slug":"reflexionan-en-la-uatx-acerca-del-impacto-de-la-prensa-en-la-historia","status":"publish","type":"post","link":"https:\/\/diariolanoticia.com.mx\/?p=99130","title":{"rendered":"Reflexionan en la UATx acerca del impacto de la prensa en la historia"},"content":{"rendered":"\n<p>La Facultad de Filosof\u00eda y Letras de la Universidad Aut\u00f3noma de Tlaxcala (UATx), que dirige la Maestra Ver\u00f3nica Gonz\u00e1lez Quintos, a trav\u00e9s del Cuerpo Acad\u00e9mico (CA) de Historia perteneciente a la Licenciatura en Historia, en coordinaci\u00f3n con el CA Modernidad, Desarrollo y Regi\u00f3n de la Universidad Aut\u00f3noma de Quer\u00e9taro (UAQ), realizan las \u00abJornadas interinstitucionales: la prensa en M\u00e9xico y Am\u00e9rica Latina, siglos XIX y XX\u00bb, las cuales dieron inicio con la conferencia intitulada: \u00abPrensa y caricatura en el per\u00edodo de la guerra de facciones revolucionarias 1914-1915. Retos metodol\u00f3gicos para el historiador\u00bb, a cargo del Doctor Luciano Ram\u00edrez Hurtado, profesor e investigador de la Universidad Aut\u00f3noma de Aguascalientes (UAA).<\/p>\n","protected":false},"excerpt":{"rendered":"<p>La Facultad de Filosof\u00eda y Letras de la Universidad Aut\u00f3noma de Tlaxcala (UATx), que dirige la Maestra Ver\u00f3nica Gonz\u00e1lez Quintos, a trav\u00e9s del Cuerpo Acad\u00e9mico (CA) de Historia perteneciente a la Licenciatura en Historia, en coordinaci\u00f3n con el CA Modernidad, Desarrollo y Regi\u00f3n de la Universidad Aut\u00f3noma de Quer\u00e9taro (UAQ), realizan las \u00abJornadas interinstitucionales: la [&hellip;]<\/p>\n","protected":false},"author":1,"featured_media":99131,"comment_status":"open","ping_status":"open","sticky":false,"template":"","format":"standard","meta":{"footnotes":""},"categories":[10],"tags":[61,87],"class_list":["post-99130","post","type-post","status-publish","format-standard","has-post-thumbnail","hentry","category-educacion","tag-tlaxcala","tag-uatx"],"blog_post_layout_featured_media_urls":{"thumbnail":["https:\/\/diariolanoticia.com.mx\/wp-content\/uploads\/2022\/09\/08-Reflexionan-en-la-UATx-acerca-del-impacto-de-la-prensa-en-la-historia-216x160.jpg",216,160,true],"full":["https:\/\/diariolanoticia.com.mx\/wp-content\/uploads\/2022\/09\/08-Reflexionan-en-la-UATx-acerca-del-impacto-de-la-prensa-en-la-historia.jpg",1418,946,false]},"categories_names":{"10":{"name":"Educaci\u00f3n","link":"https:\/\/diariolanoticia.com.mx\/?cat=10"}},"tags_names":{"61":{"name":"Tlaxcala","link":"https:\/\/diariolanoticia.com.mx\/?tag=tlaxcala"},"87":{"name":"UATx","link":"https:\/\/diariolanoticia.com.mx\/?tag=uatx"}},"comments_number":"0","wpmagazine_modules_lite_featured_media_urls":{"thumbnail":["https:\/\/diariolanoticia.com.mx\/wp-content\/uploads\/2022\/09\/08-Reflexionan-en-la-UATx-acerca-del-impacto-de-la-prensa-en-la-historia-216x160.jpg",216,160,true],"cvmm-medium":["https:\/\/diariolanoticia.com.mx\/wp-content\/uploads\/2022\/09\/08-Reflexionan-en-la-UATx-acerca-del-impacto-de-la-prensa-en-la-historia-300x300.jpg",300,300,true],"cvmm-medium-plus":["https:\/\/diariolanoticia.com.mx\/wp-content\/uploads\/2022\/09\/08-Reflexionan-en-la-UATx-acerca-del-impacto-de-la-prensa-en-la-historia-305x207.jpg",305,207,true],"cvmm-portrait":["https:\/\/diariolanoticia.com.mx\/wp-content\/uploads\/2022\/09\/08-Reflexionan-en-la-UATx-acerca-del-impacto-de-la-prensa-en-la-historia-400x600.jpg",400,600,true],"cvmm-medium-square":["https:\/\/diariolanoticia.com.mx\/wp-content\/uploads\/2022\/09\/08-Reflexionan-en-la-UATx-acerca-del-impacto-de-la-prensa-en-la-historia-600x600.jpg",600,600,true],"cvmm-large":["https:\/\/diariolanoticia.com.mx\/wp-content\/uploads\/2022\/09\/08-Reflexionan-en-la-UATx-acerca-del-impacto-de-la-prensa-en-la-historia-1024x946.jpg",1024,946,true],"cvmm-small":["https:\/\/diariolanoticia.com.mx\/wp-content\/uploads\/2022\/09\/08-Reflexionan-en-la-UATx-acerca-del-impacto-de-la-prensa-en-la-historia-130x95.jpg",130,95,true],"full":["https:\/\/diariolanoticia.com.mx\/wp-content\/uploads\/2022\/09\/08-Reflexionan-en-la-UATx-acerca-del-impacto-de-la-prensa-en-la-historia.jpg",1418,946,false]},"_links":{"self":[{"href":"https:\/\/diariolanoticia.com.mx\/index.php?rest_route=\/wp\/v2\/posts\/99130","targetHints":{"allow":["GET"]}}],"collection":[{"href":"https:\/\/diariolanoticia.com.mx\/index.php?rest_route=\/wp\/v2\/posts"}],"about":[{"href":"https:\/\/diariolanoticia.com.mx\/index.php?rest_route=\/wp\/v2\/types\/post"}],"author":[{"embeddable":true,"href":"https:\/\/diariolanoticia.com.mx\/index.php?rest_route=\/wp\/v2\/users\/1"}],"replies":[{"embeddable":true,"href":"https:\/\/diariolanoticia.com.mx\/index.php?rest_route=%2Fwp%2Fv2%2Fcomments&post=99130"}],"version-history":[{"count":1,"href":"https:\/\/diariolanoticia.com.mx\/index.php?rest_route=\/wp\/v2\/posts\/99130\/revisions"}],"predecessor-version":[{"id":99132,"href":"https:\/\/diariolanoticia.com.mx\/index.php?rest_route=\/wp\/v2\/posts\/99130\/revisions\/99132"}],"wp:featuredmedia":[{"embeddable":true,"href":"https:\/\/diariolanoticia.com.mx\/index.php?rest_route=\/wp\/v2\/media\/99131"}],"wp:attachment":[{"href":"https:\/\/diariolanoticia.com.mx\/index.php?rest_route=%2Fwp%2Fv2%2Fmedia&parent=99130"}],"wp:term":[{"taxonomy":"category","embeddable":true,"href":"https:\/\/diariolanoticia.com.mx\/index.php?rest_route=%2Fwp%2Fv2%2Fcategories&post=99130"},{"taxonomy":"post_tag","embeddable":true,"href":"https:\/\/diariolanoticia.com.mx\/index.php?rest_route=%2Fwp%2Fv2%2Ftags&post=99130"}],"curies":[{"name":"wp","href":"https:\/\/api.w.org\/{rel}","templated":true}]}}