{"id":99206,"date":"2022-09-12T14:47:11","date_gmt":"2022-09-12T19:47:11","guid":{"rendered":"https:\/\/diariolanoticia.com.mx\/?p=99206"},"modified":"2022-09-20T09:25:18","modified_gmt":"2022-09-20T14:25:18","slug":"irmaron-uatx-y-universidad-de-genova-convenio-de-colaboracion-academica","status":"publish","type":"post","link":"https:\/\/diariolanoticia.com.mx\/?p=99206","title":{"rendered":"Firmaron UATx y\u00a0Universidad de G\u00e9nova\u00a0convenio de colaboraci\u00f3n acad\u00e9mica"},"content":{"rendered":"\n<p>\u00b7&nbsp;&nbsp;&nbsp;&nbsp;&nbsp;&nbsp;&nbsp;&nbsp;&nbsp;<strong>Durante la disertaci\u00f3n magistral del destacado jurista Paolo Comanducci<\/strong><\/p>\n\n\n\n<p>La Universidad Aut\u00f3noma de Tlaxcala (UATx) y&nbsp;la&nbsp;Universit\u00e0 Degli Studi di G\u00e9nova, Italia, firmaron un convenio marco de colaboraci\u00f3n acad\u00e9mica con la finalidad de establecer v\u00ednculos culturales, cient\u00edficos y educativos, que contribuyan a la b\u00fasqueda conjunta de educaci\u00f3n, aprendizaje e investigaci\u00f3n, en evento efectuado en las instalaciones del Teatro Universitario.<\/p>\n\n\n\n<p>Teniendo como marco la conferencia magistral intitulada:&nbsp;&lt;&lt;Estado Constitucional de Derecho y Regla de Mayor\u00eda&gt;&gt;, dictada por el Doctor Paolo Comanducci, destacado te\u00f3rico de esta disciplina,&nbsp;el Doctor Seraf\u00edn Ortiz Ortiz, Rector de la UATx, subray\u00f3 que,&nbsp;la firma de este acuerdo,dar\u00e1 la oportunidad de mantener un intercambio acad\u00e9mico muy amplio entre ambas instituciones, de modo entonces que, en las diversas disciplinas del saber que se trabajan, se podr\u00e1 tener de manera rec\u00edproca a profesores y estudiantes de ambos claustros.<\/p>\n\n\n\n<p>Record\u00f3 que, esta alianza, se pact\u00f3 desde la primera vez que estuvo al frente de esta Casa de Estudios y se dinamiz\u00f3 a lo largo de los diversos ejercicios rectorales y, hoy, se renueva para darle vigor, muestras de ello es la presencia del Doctor Paolo Comanducci, quien ha sido Rector de la Universidad de G\u00e9nova y, actualmente, es coordinador de las relaciones con las instituciones de Am\u00e9rica Latina, quien ser\u00e1 el encargado de impulsar las acciones que realicen ambos centros formativos.<\/p>\n\n\n\n<p>M\u00e1s adelante, el Rector de la UATx agreg\u00f3 que, este compromiso es la continuaci\u00f3n de una relaci\u00f3n hist\u00f3rica con la&nbsp;Universit\u00e0 Degli Studi di G\u00e9nova, el cual ahora ser\u00e1 abarcativo en todas las disciplinas y campos de la Aut\u00f3noma de Tlaxcala, por ello, se realizar\u00e1n convenios espec\u00edficos y bien direccionados, de ah\u00ed que agradeci\u00f3 la presencia y participaci\u00f3n de los universitarios en esta tarea.<\/p>\n\n\n\n<p>En tanto, el Doctor Fernando Tenorio Tlagle, Coordinador General del Centro de Investigaciones Jur\u00eddico-Pol\u00edticas (CIJUREP), refiri\u00f3 que es una fortuna que se puedan llevar a cabo estas importantes platicas sustantivas y de primer nivel acerca de la teor\u00eda jur\u00eddica y sus diversas perspectivas, por lo que reiter\u00f3 que se continuar\u00e1n desarrollando actividades de alcance internacional, con la participaci\u00f3n de colegas del extranjero y destacados mexicanos.<\/p>\n\n\n\n<p>En su disertaci\u00f3n, el Doctor Paolo Comanducci, quien ha sido galardonado con el Premio Internacional Cultura Jur\u00eddica 2022 junto a Riccardo Guastini, por la C\u00e1tedra de la Universidad de Girona, Espa\u00f1a y que en 2015 recibi\u00f3 por parte de la UATx el Doctorado Honoris Causa, expuso que,&nbsp;el estado constitucional de derecho, ser\u00eda mejor definirlo como un estado democr\u00e1tico y constitucional de derecho,&nbsp; porque en este modelo se&nbsp; incorpora la idea de democracia procedimental, donde las decisiones colectivas se toman fundamentalmente a trav\u00e9s de la regla de mayor\u00eda, adem\u00e1s de que debe ser un estado en el que se preserven los derechos fundamentales.<\/p>\n\n\n\n<p>A este acto, se dieron cita, el Doctor Emmanuel Rodr\u00edguez Vaca, Coordinador Acad\u00e9mico del CIJUREP; el Licenciado Dante Morales Cruz, Director de la Facultad de Derecho, Ciencias Pol\u00edticas y Criminolog\u00eda; integrantes de la estructura directiva de la UATx; as\u00ed como investigadores, docentes, estudiantes y p\u00fablico en general.<\/p>\n","protected":false},"excerpt":{"rendered":"<p>\u00b7&nbsp;&nbsp;&nbsp;&nbsp;&nbsp;&nbsp;&nbsp;&nbsp;&nbsp;Durante la disertaci\u00f3n magistral del destacado jurista Paolo Comanducci La Universidad Aut\u00f3noma de Tlaxcala (UATx) y&nbsp;la&nbsp;Universit\u00e0 Degli Studi di G\u00e9nova, Italia, firmaron un convenio marco de colaboraci\u00f3n acad\u00e9mica con la finalidad de establecer v\u00ednculos culturales, cient\u00edficos y educativos, que contribuyan a la b\u00fasqueda conjunta de educaci\u00f3n, aprendizaje e investigaci\u00f3n, en evento efectuado en las instalaciones [&hellip;]<\/p>\n","protected":false},"author":1,"featured_media":99207,"comment_status":"open","ping_status":"open","sticky":false,"template":"","format":"standard","meta":{"footnotes":""},"categories":[10],"tags":[61,87],"class_list":["post-99206","post","type-post","status-publish","format-standard","has-post-thumbnail","hentry","category-educacion","tag-tlaxcala","tag-uatx"],"blog_post_layout_featured_media_urls":{"thumbnail":["https:\/\/diariolanoticia.com.mx\/wp-content\/uploads\/2022\/09\/12-Firmaron-UATx-y-Universidad-de-Genova-convenio-de-colaboracion-216x160.jpg",216,160,true],"full":["https:\/\/diariolanoticia.com.mx\/wp-content\/uploads\/2022\/09\/12-Firmaron-UATx-y-Universidad-de-Genova-convenio-de-colaboracion.jpg",2300,1533,false]},"categories_names":{"10":{"name":"Educaci\u00f3n","link":"https:\/\/diariolanoticia.com.mx\/?cat=10"}},"tags_names":{"61":{"name":"Tlaxcala","link":"https:\/\/diariolanoticia.com.mx\/?tag=tlaxcala"},"87":{"name":"UATx","link":"https:\/\/diariolanoticia.com.mx\/?tag=uatx"}},"comments_number":"0","wpmagazine_modules_lite_featured_media_urls":{"thumbnail":["https:\/\/diariolanoticia.com.mx\/wp-content\/uploads\/2022\/09\/12-Firmaron-UATx-y-Universidad-de-Genova-convenio-de-colaboracion-216x160.jpg",216,160,true],"cvmm-medium":["https:\/\/diariolanoticia.com.mx\/wp-content\/uploads\/2022\/09\/12-Firmaron-UATx-y-Universidad-de-Genova-convenio-de-colaboracion-300x300.jpg",300,300,true],"cvmm-medium-plus":["https:\/\/diariolanoticia.com.mx\/wp-content\/uploads\/2022\/09\/12-Firmaron-UATx-y-Universidad-de-Genova-convenio-de-colaboracion-305x207.jpg",305,207,true],"cvmm-portrait":["https:\/\/diariolanoticia.com.mx\/wp-content\/uploads\/2022\/09\/12-Firmaron-UATx-y-Universidad-de-Genova-convenio-de-colaboracion-400x600.jpg",400,600,true],"cvmm-medium-square":["https:\/\/diariolanoticia.com.mx\/wp-content\/uploads\/2022\/09\/12-Firmaron-UATx-y-Universidad-de-Genova-convenio-de-colaboracion-600x600.jpg",600,600,true],"cvmm-large":["https:\/\/diariolanoticia.com.mx\/wp-content\/uploads\/2022\/09\/12-Firmaron-UATx-y-Universidad-de-Genova-convenio-de-colaboracion-1024x1024.jpg",1024,1024,true],"cvmm-small":["https:\/\/diariolanoticia.com.mx\/wp-content\/uploads\/2022\/09\/12-Firmaron-UATx-y-Universidad-de-Genova-convenio-de-colaboracion-130x95.jpg",130,95,true],"full":["https:\/\/diariolanoticia.com.mx\/wp-content\/uploads\/2022\/09\/12-Firmaron-UATx-y-Universidad-de-Genova-convenio-de-colaboracion.jpg",2300,1533,false]},"_links":{"self":[{"href":"https:\/\/diariolanoticia.com.mx\/index.php?rest_route=\/wp\/v2\/posts\/99206","targetHints":{"allow":["GET"]}}],"collection":[{"href":"https:\/\/diariolanoticia.com.mx\/index.php?rest_route=\/wp\/v2\/posts"}],"about":[{"href":"https:\/\/diariolanoticia.com.mx\/index.php?rest_route=\/wp\/v2\/types\/post"}],"author":[{"embeddable":true,"href":"https:\/\/diariolanoticia.com.mx\/index.php?rest_route=\/wp\/v2\/users\/1"}],"replies":[{"embeddable":true,"href":"https:\/\/diariolanoticia.com.mx\/index.php?rest_route=%2Fwp%2Fv2%2Fcomments&post=99206"}],"version-history":[{"count":2,"href":"https:\/\/diariolanoticia.com.mx\/index.php?rest_route=\/wp\/v2\/posts\/99206\/revisions"}],"predecessor-version":[{"id":99475,"href":"https:\/\/diariolanoticia.com.mx\/index.php?rest_route=\/wp\/v2\/posts\/99206\/revisions\/99475"}],"wp:featuredmedia":[{"embeddable":true,"href":"https:\/\/diariolanoticia.com.mx\/index.php?rest_route=\/wp\/v2\/media\/99207"}],"wp:attachment":[{"href":"https:\/\/diariolanoticia.com.mx\/index.php?rest_route=%2Fwp%2Fv2%2Fmedia&parent=99206"}],"wp:term":[{"taxonomy":"category","embeddable":true,"href":"https:\/\/diariolanoticia.com.mx\/index.php?rest_route=%2Fwp%2Fv2%2Fcategories&post=99206"},{"taxonomy":"post_tag","embeddable":true,"href":"https:\/\/diariolanoticia.com.mx\/index.php?rest_route=%2Fwp%2Fv2%2Ftags&post=99206"}],"curies":[{"name":"wp","href":"https:\/\/api.w.org\/{rel}","templated":true}]}}