{"id":99443,"date":"2022-09-19T17:01:03","date_gmt":"2022-09-19T22:01:03","guid":{"rendered":"https:\/\/diariolanoticia.com.mx\/?p=99443"},"modified":"2022-09-19T17:01:04","modified_gmt":"2022-09-19T22:01:04","slug":"poder-judicial-activa-protocolos-de-seguridad-ante-sismo-en-simulacro-nacional-2022","status":"publish","type":"post","link":"https:\/\/diariolanoticia.com.mx\/?p=99443","title":{"rendered":"Poder Judicial activa protocolos de seguridad ante sismo, en Simulacro Nacional 2022"},"content":{"rendered":"\n<p>Con una hip\u00f3tesis de sismo de magnitud 8.1, con epicentro en las costas de Michoac\u00e1n y Guerrero, \u00e9ste lunes, el Poder Judicial del Estado, particip\u00f3 en el Simulacro Nacional 2022, convocado por el Gobierno de M\u00e9xico, a trav\u00e9s de la Secretar\u00eda de Seguridad y Protecci\u00f3n Ciudadana, y la Coordinaci\u00f3n Nacional de Protecci\u00f3n Civil.<\/p>\n\n\n\n<p>Al respecto, Sergio D\u00edaz Ya\u00f1ez, responsable del \u00e1rea de Protecci\u00f3n Civil del Poder Judicial, inform\u00f3 que, atendiendo las instrucciones de la Magistrada Presidenta del Tribunal Superior de Justicia y del Consejo de la Judicatura del Estado (TSJ-CJE), Mary Cruz Cort\u00e9s Ornelas, se capacit\u00f3 al personal de la instituci\u00f3n y se conformaron brigadas de Evacuaci\u00f3n, B\u00fasqueda y Rescate, Primero Auxilios y Control de Incendios, que se pusieron en pr\u00e1ctica este 19 de septiembre.<\/p>\n\n\n\n<p>A las 12:19 horas, se escuch\u00f3 la alarma s\u00edsmica, con lo que se activaron los protocolos de evacuaci\u00f3n por sismo, a m\u00e1s de 650 personas, entre personal jurisdiccional, administrativo y visitantes, que se encontraban en ese momento en el interior de las instalaciones de Ciudad Judicial, y quienes fueron guiados a los puntos de reuni\u00f3n previamente establecidos.<\/p>\n\n\n\n<p>La Magistrada Presidenta se dirigi\u00f3 al Centro de Comando adaptado para la atenci\u00f3n del siniestro, al que se sumaron Magistradas, Magistrados y los integrantes del Consejero de la Judicatura, en donde dieron atenci\u00f3n hipot\u00e9tica a la b\u00fasqueda de siete personas en el edificio y la atenci\u00f3n de una persona con crisis nerviosa y otra con lesi\u00f3n en tobillo.<\/p>\n\n\n\n<p>De \u00e9sta manera, el Poder Judicial report\u00f3 como exitoso el simulacro nacional de sismo 2022, al evacuar el edificio de Ciudad Judicial en menos de tres minutos.<\/p>\n","protected":false},"excerpt":{"rendered":"<p>Con una hip\u00f3tesis de sismo de magnitud 8.1, con epicentro en las costas de Michoac\u00e1n y Guerrero, \u00e9ste lunes, el Poder Judicial del Estado, particip\u00f3 en el Simulacro Nacional 2022, convocado por el Gobierno de M\u00e9xico, a trav\u00e9s de la Secretar\u00eda de Seguridad y Protecci\u00f3n Ciudadana, y la Coordinaci\u00f3n Nacional de Protecci\u00f3n Civil. Al respecto, [&hellip;]<\/p>\n","protected":false},"author":1,"featured_media":99444,"comment_status":"open","ping_status":"open","sticky":false,"template":"","format":"standard","meta":{"footnotes":""},"categories":[21],"tags":[],"class_list":["post-99443","post","type-post","status-publish","format-standard","has-post-thumbnail","hentry","category-estatal"],"blog_post_layout_featured_media_urls":{"thumbnail":["https:\/\/diariolanoticia.com.mx\/wp-content\/uploads\/2022\/09\/Simulacro-Nacional-2022-4-216x160.jpeg",216,160,true],"full":["https:\/\/diariolanoticia.com.mx\/wp-content\/uploads\/2022\/09\/Simulacro-Nacional-2022-4.jpeg",1280,853,false]},"categories_names":{"21":{"name":"Estatal","link":"https:\/\/diariolanoticia.com.mx\/?cat=21"}},"tags_names":[],"comments_number":"0","wpmagazine_modules_lite_featured_media_urls":{"thumbnail":["https:\/\/diariolanoticia.com.mx\/wp-content\/uploads\/2022\/09\/Simulacro-Nacional-2022-4-216x160.jpeg",216,160,true],"cvmm-medium":["https:\/\/diariolanoticia.com.mx\/wp-content\/uploads\/2022\/09\/Simulacro-Nacional-2022-4-300x300.jpeg",300,300,true],"cvmm-medium-plus":["https:\/\/diariolanoticia.com.mx\/wp-content\/uploads\/2022\/09\/Simulacro-Nacional-2022-4-305x207.jpeg",305,207,true],"cvmm-portrait":["https:\/\/diariolanoticia.com.mx\/wp-content\/uploads\/2022\/09\/Simulacro-Nacional-2022-4-400x600.jpeg",400,600,true],"cvmm-medium-square":["https:\/\/diariolanoticia.com.mx\/wp-content\/uploads\/2022\/09\/Simulacro-Nacional-2022-4-600x600.jpeg",600,600,true],"cvmm-large":["https:\/\/diariolanoticia.com.mx\/wp-content\/uploads\/2022\/09\/Simulacro-Nacional-2022-4-1024x853.jpeg",1024,853,true],"cvmm-small":["https:\/\/diariolanoticia.com.mx\/wp-content\/uploads\/2022\/09\/Simulacro-Nacional-2022-4-130x95.jpeg",130,95,true],"full":["https:\/\/diariolanoticia.com.mx\/wp-content\/uploads\/2022\/09\/Simulacro-Nacional-2022-4.jpeg",1280,853,false]},"_links":{"self":[{"href":"https:\/\/diariolanoticia.com.mx\/index.php?rest_route=\/wp\/v2\/posts\/99443","targetHints":{"allow":["GET"]}}],"collection":[{"href":"https:\/\/diariolanoticia.com.mx\/index.php?rest_route=\/wp\/v2\/posts"}],"about":[{"href":"https:\/\/diariolanoticia.com.mx\/index.php?rest_route=\/wp\/v2\/types\/post"}],"author":[{"embeddable":true,"href":"https:\/\/diariolanoticia.com.mx\/index.php?rest_route=\/wp\/v2\/users\/1"}],"replies":[{"embeddable":true,"href":"https:\/\/diariolanoticia.com.mx\/index.php?rest_route=%2Fwp%2Fv2%2Fcomments&post=99443"}],"version-history":[{"count":1,"href":"https:\/\/diariolanoticia.com.mx\/index.php?rest_route=\/wp\/v2\/posts\/99443\/revisions"}],"predecessor-version":[{"id":99445,"href":"https:\/\/diariolanoticia.com.mx\/index.php?rest_route=\/wp\/v2\/posts\/99443\/revisions\/99445"}],"wp:featuredmedia":[{"embeddable":true,"href":"https:\/\/diariolanoticia.com.mx\/index.php?rest_route=\/wp\/v2\/media\/99444"}],"wp:attachment":[{"href":"https:\/\/diariolanoticia.com.mx\/index.php?rest_route=%2Fwp%2Fv2%2Fmedia&parent=99443"}],"wp:term":[{"taxonomy":"category","embeddable":true,"href":"https:\/\/diariolanoticia.com.mx\/index.php?rest_route=%2Fwp%2Fv2%2Fcategories&post=99443"},{"taxonomy":"post_tag","embeddable":true,"href":"https:\/\/diariolanoticia.com.mx\/index.php?rest_route=%2Fwp%2Fv2%2Ftags&post=99443"}],"curies":[{"name":"wp","href":"https:\/\/api.w.org\/{rel}","templated":true}]}}