{"id":99450,"date":"2022-09-19T17:02:52","date_gmt":"2022-09-19T22:02:52","guid":{"rendered":"https:\/\/diariolanoticia.com.mx\/?p=99450"},"modified":"2022-09-19T17:02:53","modified_gmt":"2022-09-19T22:02:53","slug":"reporta-saldo-blanco-congreso-del-estado-tras-sismo","status":"publish","type":"post","link":"https:\/\/diariolanoticia.com.mx\/?p=99450","title":{"rendered":"Reporta saldo blanco Congreso del Estado tras sismo"},"content":{"rendered":"\n<p><\/p>\n\n\n\n<p>&nbsp;&nbsp;&nbsp;&nbsp;&nbsp;&nbsp;&nbsp;&nbsp;&nbsp;&nbsp; &nbsp;&nbsp;&nbsp;&nbsp;&nbsp;&nbsp;&nbsp;&nbsp;&nbsp;&nbsp;&nbsp;Tlaxcala, Tlax., a 19 de septiembre de 2022<\/p>\n\n\n\n<p>Tras el sismo registrado este lunes 19 de septiembre, los presidentes de la Mesa Directiva y del Comit\u00e9 de Administraci\u00f3n del Congreso del Estado, Leticia Mart\u00ednez Cer\u00f3n y Vicente Morales P\u00e9rez, respectivamente, informaron que no se reportaron da\u00f1os al interior del Palacio Legislativo, as\u00ed como tampoco afectaciones a las y los legisladores, personal de confianza y de base.<\/p>\n\n\n\n<p>Gracias al cumplimiento estricto de los protocolos de protecci\u00f3n civil y la pronta ejecuci\u00f3n del simulacro anual, las m\u00e1s de 300 personas que laboran en el recinto legislativo, desalojaron el inmueble en menos de dos minutos, lo que permiti\u00f3 poner a salvo su integridad f\u00edsica.<\/p>\n\n\n\n<p>De manera preliminar, el personal de seguridad del Congreso coment\u00f3 que no hay da\u00f1os visibles, pero ser\u00e1 la Coordinaci\u00f3n Estatal de Protecci\u00f3n Civil (CEPC) quien realizar\u00e1 la verificaci\u00f3n detallada; por ahora, el servicio y atenci\u00f3n a la ciudadan\u00eda contin\u00faa con normalidad.<\/p>\n\n\n\n<p>En su car\u00e1cter de representante legal de la LXIV Legislatura, la diputada Leticia Mart\u00ednez Cer\u00f3n, manifest\u00f3 que se mantendr\u00e1n activados los protocolos de seguridad y de protecci\u00f3n civil, esto con la finalidad de mantener un espacio seguro para las y los trabajadores, as\u00ed como de la gente que visita la sede del Poder Legislativo.<\/p>\n\n\n\n<p>El presidente del Comit\u00e9 de Administraci\u00f3n, el diputado Vicente Morales P\u00e9rez, pidi\u00f3 a la sociedad en general tomar las previsiones necesarias en caso de presentarse r\u00e9plicas en el pa\u00eds, as\u00ed que en el edificio continuar\u00e1n las medidas de seguridad en el Palacio Legislativo<\/p>\n\n\n\n<p>De esta manera, el Congreso del Estado mantiene el servicio de la ciudadan\u00eda y medidas preventivas ante cualquier contingencia que pueda poner en riesgo la integridad del personal que labora en este Poder.&nbsp;<\/p>\n","protected":false},"excerpt":{"rendered":"<p>&nbsp;&nbsp;&nbsp;&nbsp;&nbsp;&nbsp;&nbsp;&nbsp;&nbsp;&nbsp; &nbsp;&nbsp;&nbsp;&nbsp;&nbsp;&nbsp;&nbsp;&nbsp;&nbsp;&nbsp;&nbsp;Tlaxcala, Tlax., a 19 de septiembre de 2022 Tras el sismo registrado este lunes 19 de septiembre, los presidentes de la Mesa Directiva y del Comit\u00e9 de Administraci\u00f3n del Congreso del Estado, Leticia Mart\u00ednez Cer\u00f3n y Vicente Morales P\u00e9rez, respectivamente, informaron que no se reportaron da\u00f1os al interior del Palacio Legislativo, as\u00ed como tampoco [&hellip;]<\/p>\n","protected":false},"author":1,"featured_media":99451,"comment_status":"open","ping_status":"open","sticky":false,"template":"","format":"standard","meta":{"footnotes":""},"categories":[22],"tags":[],"class_list":["post-99450","post","type-post","status-publish","format-standard","has-post-thumbnail","hentry","category-congreso"],"blog_post_layout_featured_media_urls":{"thumbnail":["https:\/\/diariolanoticia.com.mx\/wp-content\/uploads\/2022\/09\/DIPUTADOS-216x160.jpg",216,160,true],"full":["https:\/\/diariolanoticia.com.mx\/wp-content\/uploads\/2022\/09\/DIPUTADOS.jpg",1024,768,false]},"categories_names":{"22":{"name":"Congreso","link":"https:\/\/diariolanoticia.com.mx\/?cat=22"}},"tags_names":[],"comments_number":"0","wpmagazine_modules_lite_featured_media_urls":{"thumbnail":["https:\/\/diariolanoticia.com.mx\/wp-content\/uploads\/2022\/09\/DIPUTADOS-216x160.jpg",216,160,true],"cvmm-medium":["https:\/\/diariolanoticia.com.mx\/wp-content\/uploads\/2022\/09\/DIPUTADOS-300x300.jpg",300,300,true],"cvmm-medium-plus":["https:\/\/diariolanoticia.com.mx\/wp-content\/uploads\/2022\/09\/DIPUTADOS-305x207.jpg",305,207,true],"cvmm-portrait":["https:\/\/diariolanoticia.com.mx\/wp-content\/uploads\/2022\/09\/DIPUTADOS-400x600.jpg",400,600,true],"cvmm-medium-square":["https:\/\/diariolanoticia.com.mx\/wp-content\/uploads\/2022\/09\/DIPUTADOS-600x600.jpg",600,600,true],"cvmm-large":["https:\/\/diariolanoticia.com.mx\/wp-content\/uploads\/2022\/09\/DIPUTADOS.jpg",1024,768,false],"cvmm-small":["https:\/\/diariolanoticia.com.mx\/wp-content\/uploads\/2022\/09\/DIPUTADOS-130x95.jpg",130,95,true],"full":["https:\/\/diariolanoticia.com.mx\/wp-content\/uploads\/2022\/09\/DIPUTADOS.jpg",1024,768,false]},"_links":{"self":[{"href":"https:\/\/diariolanoticia.com.mx\/index.php?rest_route=\/wp\/v2\/posts\/99450","targetHints":{"allow":["GET"]}}],"collection":[{"href":"https:\/\/diariolanoticia.com.mx\/index.php?rest_route=\/wp\/v2\/posts"}],"about":[{"href":"https:\/\/diariolanoticia.com.mx\/index.php?rest_route=\/wp\/v2\/types\/post"}],"author":[{"embeddable":true,"href":"https:\/\/diariolanoticia.com.mx\/index.php?rest_route=\/wp\/v2\/users\/1"}],"replies":[{"embeddable":true,"href":"https:\/\/diariolanoticia.com.mx\/index.php?rest_route=%2Fwp%2Fv2%2Fcomments&post=99450"}],"version-history":[{"count":1,"href":"https:\/\/diariolanoticia.com.mx\/index.php?rest_route=\/wp\/v2\/posts\/99450\/revisions"}],"predecessor-version":[{"id":99452,"href":"https:\/\/diariolanoticia.com.mx\/index.php?rest_route=\/wp\/v2\/posts\/99450\/revisions\/99452"}],"wp:featuredmedia":[{"embeddable":true,"href":"https:\/\/diariolanoticia.com.mx\/index.php?rest_route=\/wp\/v2\/media\/99451"}],"wp:attachment":[{"href":"https:\/\/diariolanoticia.com.mx\/index.php?rest_route=%2Fwp%2Fv2%2Fmedia&parent=99450"}],"wp:term":[{"taxonomy":"category","embeddable":true,"href":"https:\/\/diariolanoticia.com.mx\/index.php?rest_route=%2Fwp%2Fv2%2Fcategories&post=99450"},{"taxonomy":"post_tag","embeddable":true,"href":"https:\/\/diariolanoticia.com.mx\/index.php?rest_route=%2Fwp%2Fv2%2Ftags&post=99450"}],"curies":[{"name":"wp","href":"https:\/\/api.w.org\/{rel}","templated":true}]}}