{"id":99468,"date":"2022-09-20T09:08:28","date_gmt":"2022-09-20T14:08:28","guid":{"rendered":"https:\/\/diariolanoticia.com.mx\/?p=99468"},"modified":"2022-09-20T09:08:29","modified_gmt":"2022-09-20T14:08:29","slug":"entrega-santos-cedillo-uniformes-a-personal-de-proteccion-civil-huamantla%c2%b7","status":"publish","type":"post","link":"https:\/\/diariolanoticia.com.mx\/?p=99468","title":{"rendered":"ENTREGA SANTOS CEDILLO UNIFORMES A PERSONAL DE PROTECCI\u00d3N CIVIL HUAMANTLA\u00b7"},"content":{"rendered":"\n<p> El edil afirm\u00f3 que seguir\u00e1 apostando por capacitar a los elementos que conforman la Direcci\u00f3n de Seguridad P\u00fablica del municipio. En el marco del D\u00eda Nacional de Protecci\u00f3n Civil, el presidente municipal Salvador Santos Cedillo, acompa\u00f1ado por autoridades municipales, realizaron la entrega de paquetes con uniformes, calzado y casco, a los elementos de la Coordinaci\u00f3n de Protecci\u00f3n Civil. En el acto, el presidente municipal reconoci\u00f3 el trabajo del personal de esta Coordinaci\u00f3n, quienes se mantienen alertas y operando a favor de los huamantlecos en todo momento. Santos Cedillo, asegur\u00f3 que es importante que se dote de las herramientas y equipo necesario para que puedan asistir a la ciudadan\u00eda en las mejores condiciones; por lo que seguir\u00e1 impulsando tambi\u00e9n, la permanente capacitaci\u00f3n del personal ante cualquier siniestro o cat\u00e1strofe.Con estas acciones, el Gobierno Municipal trabaja de la mano con las Coordinaciones de Protecci\u00f3n Civil Estatal y Nacional para salvaguardar la integridad y seguridad de la ciudadan\u00eda con elementos m\u00e1s y mejor preparados.<\/p>\n","protected":false},"excerpt":{"rendered":"<p>El edil afirm\u00f3 que seguir\u00e1 apostando por capacitar a los elementos que conforman la Direcci\u00f3n de Seguridad P\u00fablica del municipio. En el marco del D\u00eda Nacional de Protecci\u00f3n Civil, el presidente municipal Salvador Santos Cedillo, acompa\u00f1ado por autoridades municipales, realizaron la entrega de paquetes con uniformes, calzado y casco, a los elementos de la Coordinaci\u00f3n [&hellip;]<\/p>\n","protected":false},"author":1,"featured_media":99469,"comment_status":"open","ping_status":"open","sticky":false,"template":"","format":"standard","meta":{"footnotes":""},"categories":[219],"tags":[],"class_list":["post-99468","post","type-post","status-publish","format-standard","has-post-thumbnail","hentry","category-huamantla"],"blog_post_layout_featured_media_urls":{"thumbnail":["https:\/\/diariolanoticia.com.mx\/wp-content\/uploads\/2022\/09\/308199221_503653795101325_4084445377280574179_n-216x160.jpg",216,160,true],"full":["https:\/\/diariolanoticia.com.mx\/wp-content\/uploads\/2022\/09\/308199221_503653795101325_4084445377280574179_n.jpg",1599,1066,false]},"categories_names":{"219":{"name":"Huamantla","link":"https:\/\/diariolanoticia.com.mx\/?cat=219"}},"tags_names":[],"comments_number":"0","wpmagazine_modules_lite_featured_media_urls":{"thumbnail":["https:\/\/diariolanoticia.com.mx\/wp-content\/uploads\/2022\/09\/308199221_503653795101325_4084445377280574179_n-216x160.jpg",216,160,true],"cvmm-medium":["https:\/\/diariolanoticia.com.mx\/wp-content\/uploads\/2022\/09\/308199221_503653795101325_4084445377280574179_n-300x300.jpg",300,300,true],"cvmm-medium-plus":["https:\/\/diariolanoticia.com.mx\/wp-content\/uploads\/2022\/09\/308199221_503653795101325_4084445377280574179_n-305x207.jpg",305,207,true],"cvmm-portrait":["https:\/\/diariolanoticia.com.mx\/wp-content\/uploads\/2022\/09\/308199221_503653795101325_4084445377280574179_n-400x600.jpg",400,600,true],"cvmm-medium-square":["https:\/\/diariolanoticia.com.mx\/wp-content\/uploads\/2022\/09\/308199221_503653795101325_4084445377280574179_n-600x600.jpg",600,600,true],"cvmm-large":["https:\/\/diariolanoticia.com.mx\/wp-content\/uploads\/2022\/09\/308199221_503653795101325_4084445377280574179_n-1024x1024.jpg",1024,1024,true],"cvmm-small":["https:\/\/diariolanoticia.com.mx\/wp-content\/uploads\/2022\/09\/308199221_503653795101325_4084445377280574179_n-130x95.jpg",130,95,true],"full":["https:\/\/diariolanoticia.com.mx\/wp-content\/uploads\/2022\/09\/308199221_503653795101325_4084445377280574179_n.jpg",1599,1066,false]},"_links":{"self":[{"href":"https:\/\/diariolanoticia.com.mx\/index.php?rest_route=\/wp\/v2\/posts\/99468","targetHints":{"allow":["GET"]}}],"collection":[{"href":"https:\/\/diariolanoticia.com.mx\/index.php?rest_route=\/wp\/v2\/posts"}],"about":[{"href":"https:\/\/diariolanoticia.com.mx\/index.php?rest_route=\/wp\/v2\/types\/post"}],"author":[{"embeddable":true,"href":"https:\/\/diariolanoticia.com.mx\/index.php?rest_route=\/wp\/v2\/users\/1"}],"replies":[{"embeddable":true,"href":"https:\/\/diariolanoticia.com.mx\/index.php?rest_route=%2Fwp%2Fv2%2Fcomments&post=99468"}],"version-history":[{"count":1,"href":"https:\/\/diariolanoticia.com.mx\/index.php?rest_route=\/wp\/v2\/posts\/99468\/revisions"}],"predecessor-version":[{"id":99470,"href":"https:\/\/diariolanoticia.com.mx\/index.php?rest_route=\/wp\/v2\/posts\/99468\/revisions\/99470"}],"wp:featuredmedia":[{"embeddable":true,"href":"https:\/\/diariolanoticia.com.mx\/index.php?rest_route=\/wp\/v2\/media\/99469"}],"wp:attachment":[{"href":"https:\/\/diariolanoticia.com.mx\/index.php?rest_route=%2Fwp%2Fv2%2Fmedia&parent=99468"}],"wp:term":[{"taxonomy":"category","embeddable":true,"href":"https:\/\/diariolanoticia.com.mx\/index.php?rest_route=%2Fwp%2Fv2%2Fcategories&post=99468"},{"taxonomy":"post_tag","embeddable":true,"href":"https:\/\/diariolanoticia.com.mx\/index.php?rest_route=%2Fwp%2Fv2%2Ftags&post=99468"}],"curies":[{"name":"wp","href":"https:\/\/api.w.org\/{rel}","templated":true}]}}