{"id":99535,"date":"2022-09-20T15:58:45","date_gmt":"2022-09-20T20:58:45","guid":{"rendered":"https:\/\/diariolanoticia.com.mx\/?p=99535"},"modified":"2022-09-20T15:59:04","modified_gmt":"2022-09-20T20:59:04","slug":"puebla-despide-la-exposicion-cesar-menchaca-pasiones-por-mexico-con-mas-de-108-mil-visitantes","status":"publish","type":"post","link":"https:\/\/diariolanoticia.com.mx\/?p=99535","title":{"rendered":"Puebla despide la exposici\u00f3n \u00abC\u00e9sar Menchaca; pasiones por M\u00e9xico\u00bb con m\u00e1s de 108 mil visitantes"},"content":{"rendered":"\n<ul class=\"wp-block-list\"><li>Esta exposici\u00f3n recibi\u00f3 un promedio de mil personas por d\u00eda y particip\u00f3 en tres Noches de Museos.<\/li><\/ul>\n\n\n\n<p>Puebla despidi\u00f3 de Galer\u00eda de Palacio Municipal y otros espacios del Centro Hist\u00f3rico la exposici\u00f3n \u201cC\u00e9sar Menchaca; Pasiones por M\u00e9xico\u201d con un r\u00e9cord de visitas nunca antes registrado en una exhibici\u00f3n art\u00edstica local: 108 mil 640 personas cautivadas con 21 obras de gran formato inspiradas en la cultura wix\u00e1rika.<\/p>\n\n\n\n<p>As\u00ed lo dio a conocer Manuel Herrera Rojas, Regidor Presidente de la Comisi\u00f3n de Desarrollo Econ\u00f3mico y Turismo, celebrando en compa\u00f1\u00eda del propio C\u00e9sar Menchaca el alcance de este proyecto escult\u00f3rico \u2013audiencia que se compara con haber llenado dos veces el Estadio Azteca\u2014 en el que colaboraron 200 familias wix\u00e1rikas para hacer eco de su talento, cosmovisi\u00f3n y herencia cultural como comunidad prehisp\u00e1nica.<\/p>\n\n\n\n<p>Fue as\u00ed como del 12 de julio al 18 de septiembre de este 2022, Pasiones por M\u00e9xico logr\u00f3 \u201clevantar el arte mexicano del piso y llevarlo a donde debe de estar: a los mejores museos, para que el mundo conozca lo maravillosa que es nuestra cultura y nuestros artesanos \u201c, destac\u00f3 Menchaca, pues la intenci\u00f3n de esta exhibici\u00f3n \u2013asever\u00f3\u2014 es darle voz al jaguar y a los pueblos originarios, quienes se encuentran en resistencia ante un contexto de extinci\u00f3n.<\/p>\n\n\n\n<p>Es as\u00ed como esta exposici\u00f3n se convirti\u00f3 en un fen\u00f3meno socio-cultural en la capital, donde se logr\u00f3 que diariamente al menos mil personas se acercar\u00e1n de forma gratuita y siempre accesible a esta muestra, destacando que en tan s\u00f3lo tres ediciones de Noches de Museos \u2013el 16 de julio, 6 de agosto y 17 de septiembre\u2014 se alcanz\u00f3 una afluencia de seis mil 749 personas, detall\u00f3 en su oportunidad Abraham Aguilar Flores, Secretario T\u00e9cnico del Instituto Municipal de Arte y Cultura de Puebla, al tiempo de agregar que en el marco de esta exposici\u00f3n tambi\u00e9n se realizaron diversos talleres art\u00edsticos, conversatorios, presentaciones de libros y hasta conciertos de piano, para hacer de la Galer\u00eda de Palacio un centro de mediaci\u00f3n cultural.<\/p>\n","protected":false},"excerpt":{"rendered":"<p>Esta exposici\u00f3n recibi\u00f3 un promedio de mil personas por d\u00eda y particip\u00f3 en tres Noches de Museos. Puebla despidi\u00f3 de Galer\u00eda de Palacio Municipal y otros espacios del Centro Hist\u00f3rico la exposici\u00f3n \u201cC\u00e9sar Menchaca; Pasiones por M\u00e9xico\u201d con un r\u00e9cord de visitas nunca antes registrado en una exhibici\u00f3n art\u00edstica local: 108 mil 640 personas cautivadas [&hellip;]<\/p>\n","protected":false},"author":1,"featured_media":99536,"comment_status":"open","ping_status":"open","sticky":false,"template":"","format":"standard","meta":{"footnotes":""},"categories":[103],"tags":[356,180,351,357,52],"class_list":["post-99535","post","type-post","status-publish","format-standard","has-post-thumbnail","hentry","category-pueblacapital","tag-cesar-menchaca-pasiones-por-mexico","tag-eduardo-rivera-perez","tag-mexico","tag-noches-de-museos","tag-puebla"],"blog_post_layout_featured_media_urls":{"thumbnail":["https:\/\/diariolanoticia.com.mx\/wp-content\/uploads\/2022\/09\/WhatsApp-Image-2022-09-20-at-3.56.34-PM-216x160.jpeg",216,160,true],"full":["https:\/\/diariolanoticia.com.mx\/wp-content\/uploads\/2022\/09\/WhatsApp-Image-2022-09-20-at-3.56.34-PM.jpeg",1280,853,false]},"categories_names":{"103":{"name":"Puebla Capital","link":"https:\/\/diariolanoticia.com.mx\/?cat=103"}},"tags_names":{"356":{"name":"C\u00e9sar Menchaca; pasiones por M\u00e9xico","link":"https:\/\/diariolanoticia.com.mx\/?tag=cesar-menchaca-pasiones-por-mexico"},"180":{"name":"Eduardo Rivera P\u00e9rez","link":"https:\/\/diariolanoticia.com.mx\/?tag=eduardo-rivera-perez"},"351":{"name":"M\u00e9xico","link":"https:\/\/diariolanoticia.com.mx\/?tag=mexico"},"357":{"name":"Noches de Museos","link":"https:\/\/diariolanoticia.com.mx\/?tag=noches-de-museos"},"52":{"name":"Puebla","link":"https:\/\/diariolanoticia.com.mx\/?tag=puebla"}},"comments_number":"0","wpmagazine_modules_lite_featured_media_urls":{"thumbnail":["https:\/\/diariolanoticia.com.mx\/wp-content\/uploads\/2022\/09\/WhatsApp-Image-2022-09-20-at-3.56.34-PM-216x160.jpeg",216,160,true],"cvmm-medium":["https:\/\/diariolanoticia.com.mx\/wp-content\/uploads\/2022\/09\/WhatsApp-Image-2022-09-20-at-3.56.34-PM-300x300.jpeg",300,300,true],"cvmm-medium-plus":["https:\/\/diariolanoticia.com.mx\/wp-content\/uploads\/2022\/09\/WhatsApp-Image-2022-09-20-at-3.56.34-PM-305x207.jpeg",305,207,true],"cvmm-portrait":["https:\/\/diariolanoticia.com.mx\/wp-content\/uploads\/2022\/09\/WhatsApp-Image-2022-09-20-at-3.56.34-PM-400x600.jpeg",400,600,true],"cvmm-medium-square":["https:\/\/diariolanoticia.com.mx\/wp-content\/uploads\/2022\/09\/WhatsApp-Image-2022-09-20-at-3.56.34-PM-600x600.jpeg",600,600,true],"cvmm-large":["https:\/\/diariolanoticia.com.mx\/wp-content\/uploads\/2022\/09\/WhatsApp-Image-2022-09-20-at-3.56.34-PM-1024x853.jpeg",1024,853,true],"cvmm-small":["https:\/\/diariolanoticia.com.mx\/wp-content\/uploads\/2022\/09\/WhatsApp-Image-2022-09-20-at-3.56.34-PM-130x95.jpeg",130,95,true],"full":["https:\/\/diariolanoticia.com.mx\/wp-content\/uploads\/2022\/09\/WhatsApp-Image-2022-09-20-at-3.56.34-PM.jpeg",1280,853,false]},"_links":{"self":[{"href":"https:\/\/diariolanoticia.com.mx\/index.php?rest_route=\/wp\/v2\/posts\/99535","targetHints":{"allow":["GET"]}}],"collection":[{"href":"https:\/\/diariolanoticia.com.mx\/index.php?rest_route=\/wp\/v2\/posts"}],"about":[{"href":"https:\/\/diariolanoticia.com.mx\/index.php?rest_route=\/wp\/v2\/types\/post"}],"author":[{"embeddable":true,"href":"https:\/\/diariolanoticia.com.mx\/index.php?rest_route=\/wp\/v2\/users\/1"}],"replies":[{"embeddable":true,"href":"https:\/\/diariolanoticia.com.mx\/index.php?rest_route=%2Fwp%2Fv2%2Fcomments&post=99535"}],"version-history":[{"count":2,"href":"https:\/\/diariolanoticia.com.mx\/index.php?rest_route=\/wp\/v2\/posts\/99535\/revisions"}],"predecessor-version":[{"id":99538,"href":"https:\/\/diariolanoticia.com.mx\/index.php?rest_route=\/wp\/v2\/posts\/99535\/revisions\/99538"}],"wp:featuredmedia":[{"embeddable":true,"href":"https:\/\/diariolanoticia.com.mx\/index.php?rest_route=\/wp\/v2\/media\/99536"}],"wp:attachment":[{"href":"https:\/\/diariolanoticia.com.mx\/index.php?rest_route=%2Fwp%2Fv2%2Fmedia&parent=99535"}],"wp:term":[{"taxonomy":"category","embeddable":true,"href":"https:\/\/diariolanoticia.com.mx\/index.php?rest_route=%2Fwp%2Fv2%2Fcategories&post=99535"},{"taxonomy":"post_tag","embeddable":true,"href":"https:\/\/diariolanoticia.com.mx\/index.php?rest_route=%2Fwp%2Fv2%2Ftags&post=99535"}],"curies":[{"name":"wp","href":"https:\/\/api.w.org\/{rel}","templated":true}]}}